{"id":77600,"date":"2005-02-12T00:00:00","date_gmt":"2005-02-12T00:00:00","guid":{"rendered":"https:\/\/www.deberes.net\/tesis\/sin-categoria\/procesos-de-envejecimiento-cerebral-y-correlatos-neuropsicologicos-del-estriado-en-poblacion-adulta-sana\/"},"modified":"2005-02-12T00:00:00","modified_gmt":"2005-02-12T00:00:00","slug":"procesos-de-envejecimiento-cerebral-y-correlatos-neuropsicologicos-del-estriado-en-poblacion-adulta-sana","status":"publish","type":"post","link":"https:\/\/www.deberes.net\/tesis\/neuropatologia\/procesos-de-envejecimiento-cerebral-y-correlatos-neuropsicologicos-del-estriado-en-poblacion-adulta-sana\/","title":{"rendered":"Procesos de envejecimiento cerebral y correlatos neuropsicologicos del estriado en poblaci\u00f3n adulta sana"},"content":{"rendered":"<h2>Tesis doctoral de <strong> Patricia Caballero Mart\u00ednez <\/strong><\/h2>\n<p>El incremento significativo en la edad de la poblaci\u00f3n que se ha producido en las \u00faltimas d\u00e9cadas ha generado un creciente inter\u00e9s por el estudio de los cambios cerebrales normales y patol\u00f3gicos asociados a los procesos de envejecimiento. Numerosos estudios han descrito disminuciones volum\u00e9tricas localizadas en el estriado asociadas a los proceso normales de envejecimiento. Por otro lado, tradicionalmente se ha atribuido a esta regi\u00f3n la regulaci\u00f3n del control motor aunque recientemente se han descrito numerosas evidencias acerca de la participaci\u00f3n del estriado en los procesos cognitivos superiores desarrolladas en base a los avances experimentados en neuroanatom\u00eda experimental y neurofisiolog\u00eda. en este marco te\u00f3rico, los principales objetivos que plantea la presente tesis doctoral son explorar los procesos de reducci\u00f3n volum\u00e9trica estriatal asociados a la edad as\u00ed como examinar la relaci\u00f3n existente entre el volumen de las estructuras estriatales y las funciones ejecutivas y motoras evaluadas a trav\u00e9s de diferentes pruebas neuropsicol\u00f3gicas en poblaci\u00f3n normal. Con este prop\u00f3sito se ha llevado a cabo un estudio volum\u00e9trico cuantitativo a partir de im\u00e1genes obtenidas por medio de resonancia magn\u00e9tica estructural. La muestra utilizada incluye un total de 127 sujetos participantes en el estudio \u00abaging, brain imaging and cognition\u00bb desarrollado en el hospital johns hopkins (baltimore, eeuu). Se obtuvieron vol\u00famenes del estriado a partir del trazado manual de esta estructura utilizando el software de an\u00e1lisis de imagen measure. La evaluaci\u00f3n de las funciones ejecutivas se realiz\u00f3 mediante el mwcst, test de fluidez verbal y trail making test (partes a y b) y la evaluaci\u00f3n de las funciones motoras se realiz\u00f3 mediante el grooved pegboard. Se procedi\u00f3 al an\u00e1lisis estad\u00edstico de los datos mediante la aplicaci\u00f3n de estad\u00edstica descriptiva e inferencial.  los resultados del presente estudio confirmar la existencia de procesos de atrofia en<\/p>\n<p>&nbsp;<\/p>\n<h3>Datos acad\u00e9micos de la tesis doctoral \u00ab<strong>Procesos de envejecimiento cerebral y correlatos neuropsicologicos del estriado en poblaci\u00f3n adulta sana<\/strong>\u00ab<\/h3>\n<ul>\n<li><strong>T\u00edtulo de la tesis:<\/strong>\u00a0 Procesos de envejecimiento cerebral y correlatos neuropsicologicos del estriado en poblaci\u00f3n adulta sana <\/li>\n<li><strong>Autor:<\/strong>\u00a0 Patricia Caballero Mart\u00ednez <\/li>\n<li><strong>Universidad:<\/strong>\u00a0 Deusto<\/li>\n<li><strong>Fecha de lectura de la tesis:<\/strong>\u00a0 02\/12\/2005<\/li>\n<\/ul>\n<p>&nbsp;<\/p>\n<h3>Direcci\u00f3n y tribunal<\/h3>\n<ul>\n<li><strong>Director de la tesis<\/strong>\n<ul>\n<li>Imanol Amayra Caro<\/li>\n<\/ul>\n<\/li>\n<li><strong>Tribunal<\/strong>\n<ul>\n<li>Presidente del tribunal: Jos\u00e9 Luis Vazquez barquero <\/li>\n<li>Jes\u00fas Guerra plaza (vocal)<\/li>\n<li> Menor de gaspar pinilla julio (vocal)<\/li>\n<li>fidel Garc\u00eda dom\u00ednguez (vocal)<\/li>\n<\/ul>\n<\/li>\n<\/ul>\n<p>&nbsp;<\/p>\n","protected":false},"excerpt":{"rendered":"<p>Tesis doctoral de Patricia Caballero Mart\u00ednez El incremento significativo en la edad de la poblaci\u00f3n que se ha producido en [&hellip;]<\/p>\n","protected":false},"author":1,"featured_media":0,"comment_status":"open","ping_status":"open","sticky":false,"template":"","format":"standard","meta":{"site-sidebar-layout":"default","site-content-layout":"","ast-site-content-layout":"","site-content-style":"default","site-sidebar-style":"default","ast-global-header-display":"","ast-banner-title-visibility":"","ast-main-header-display":"","ast-hfb-above-header-display":"","ast-hfb-below-header-display":"","ast-hfb-mobile-header-display":"","site-post-title":"","ast-breadcrumbs-content":"","ast-featured-img":"","footer-sml-layout":"","theme-transparent-header-meta":"","adv-header-id-meta":"","stick-header-meta":"","header-above-stick-meta":"","header-main-stick-meta":"","header-below-stick-meta":"","astra-migrate-meta-layouts":"default","ast-page-background-enabled":"default","ast-page-background-meta":{"desktop":{"background-color":"var(--ast-global-color-4)","background-image":"","background-repeat":"repeat","background-position":"center center","background-size":"auto","background-attachment":"scroll","background-type":"","background-media":"","overlay-type":"","overlay-color":"","overlay-gradient":""},"tablet":{"background-color":"","background-image":"","background-repeat":"repeat","background-position":"center center","background-size":"auto","background-attachment":"scroll","background-type":"","background-media":"","overlay-type":"","overlay-color":"","overlay-gradient":""},"mobile":{"background-color":"","background-image":"","background-repeat":"repeat","background-position":"center center","background-size":"auto","background-attachment":"scroll","background-type":"","background-media":"","overlay-type":"","overlay-color":"","overlay-gradient":""}},"ast-content-background-meta":{"desktop":{"background-color":"var(--ast-global-color-5)","background-image":"","background-repeat":"repeat","background-position":"center center","background-size":"auto","background-attachment":"scroll","background-type":"","background-media":"","overlay-type":"","overlay-color":"","overlay-gradient":""},"tablet":{"background-color":"var(--ast-global-color-5)","background-image":"","background-repeat":"repeat","background-position":"center center","background-size":"auto","background-attachment":"scroll","background-type":"","background-media":"","overlay-type":"","overlay-color":"","overlay-gradient":""},"mobile":{"background-color":"var(--ast-global-color-5)","background-image":"","background-repeat":"repeat","background-position":"center center","background-size":"auto","background-attachment":"scroll","background-type":"","background-media":"","overlay-type":"","overlay-color":"","overlay-gradient":""}},"footnotes":""},"categories":[31910,1175,1880,965,7302],"tags":[156248,31919,115517,10709,41046,167068],"class_list":["post-77600","post","type-post","status-publish","format-standard","hentry","category-deusto","category-evaluacion-y-diagnostico-en-psicologia","category-neurologia","category-neuropatologia","category-procesos-cognitivos","tag-fidel-garcia-dominguez","tag-imanol-amayra-caro","tag-jesus-guerra-plaza","tag-jose-luis-vazquez-barquero","tag-menor-de-gaspar-pinilla-julio","tag-patricia-caballero-Martinez"],"_links":{"self":[{"href":"https:\/\/www.deberes.net\/tesis\/wp-json\/wp\/v2\/posts\/77600","targetHints":{"allow":["GET"]}}],"collection":[{"href":"https:\/\/www.deberes.net\/tesis\/wp-json\/wp\/v2\/posts"}],"about":[{"href":"https:\/\/www.deberes.net\/tesis\/wp-json\/wp\/v2\/types\/post"}],"author":[{"embeddable":true,"href":"https:\/\/www.deberes.net\/tesis\/wp-json\/wp\/v2\/users\/1"}],"replies":[{"embeddable":true,"href":"https:\/\/www.deberes.net\/tesis\/wp-json\/wp\/v2\/comments?post=77600"}],"version-history":[{"count":0,"href":"https:\/\/www.deberes.net\/tesis\/wp-json\/wp\/v2\/posts\/77600\/revisions"}],"wp:attachment":[{"href":"https:\/\/www.deberes.net\/tesis\/wp-json\/wp\/v2\/media?parent=77600"}],"wp:term":[{"taxonomy":"category","embeddable":true,"href":"https:\/\/www.deberes.net\/tesis\/wp-json\/wp\/v2\/categories?post=77600"},{"taxonomy":"post_tag","embeddable":true,"href":"https:\/\/www.deberes.net\/tesis\/wp-json\/wp\/v2\/tags?post=77600"}],"curies":[{"name":"wp","href":"https:\/\/api.w.org\/{rel}","templated":true}]}}