{"id":77603,"date":"2005-02-12T00:00:00","date_gmt":"2005-02-12T00:00:00","guid":{"rendered":"https:\/\/www.deberes.net\/tesis\/sin-categoria\/la-particion-conjunta-en-el-derecho-gallego\/"},"modified":"2005-02-12T00:00:00","modified_gmt":"2005-02-12T00:00:00","slug":"la-particion-conjunta-en-el-derecho-gallego","status":"publish","type":"post","link":"https:\/\/www.deberes.net\/tesis\/ciencias-juridicas-y-derecho\/la-particion-conjunta-en-el-derecho-gallego\/","title":{"rendered":"La partici\u00f3n conjunta en el derecho gallego"},"content":{"rendered":"<h2>Tesis doctoral de <strong> Antonio Legeren Molina <\/strong><\/h2>\n<p>La partici\u00f3n conjunta constituye una de las novedades m\u00e1s destacables del derecho sucesorio gallego. A trav\u00e9s de ella, los c\u00f3nyuges pueeden dejar previsto durante su vida, y de manera conjunto, el modo en que a su fallecimiento se distribuir\u00e1n los bienes que componen las herencias de ambos. Esta distribuci\u00f3n que realizan los c\u00f3nyuges goza, frente al resto de modalidades de partir, de multiples ventajas; permite conocer de modo fidedigno la voluntad de los testadores, reduce las disensiones familiares y evita la atomizaci\u00f3n de los bienes. Siendo ello as\u00ed, los c\u00f3nyuges pueden optar entre efectuar una partici\u00f3n conjunta con objeto unitario -hacen una masa com\u00fan con los bienes de ambos- o una partici\u00f3n conjunta con objeto separado &#8211; los bienes de cada uno mantienen su independencia. En la presente tesis doctoral se analizan ambas modalidades de partici\u00f3n desde una perspectiva est\u00e1tica -sus caracter\u00edsticas, presupuestos, cauces formales, sus elementos personales, as\u00ed como su objeto &#8211; y desde una perspectiva din\u00e1mica- las diversas contingencias que puede sufrir la partici\u00f3n: su impugnaci\u00f3n, revocaci\u00f3n y su divergencia con el testamento &#8211; con el fin de ofrecer soluciones a las dificultades que plantea la legislaci\u00f3n y sugerir mejoras a la regulaci\u00f3n actual.<\/p>\n<p>&nbsp;<\/p>\n<h3>Datos acad\u00e9micos de la tesis doctoral \u00ab<strong>La partici\u00f3n conjunta en el derecho gallego<\/strong>\u00ab<\/h3>\n<ul>\n<li><strong>T\u00edtulo de la tesis:<\/strong>\u00a0 La partici\u00f3n conjunta en el derecho gallego <\/li>\n<li><strong>Autor:<\/strong>\u00a0 Antonio Legeren Molina <\/li>\n<li><strong>Universidad:<\/strong>\u00a0 A coru\u00f1a<\/li>\n<li><strong>Fecha de lectura de la tesis:<\/strong>\u00a0 02\/12\/2005<\/li>\n<\/ul>\n<p>&nbsp;<\/p>\n<h3>Direcci\u00f3n y tribunal<\/h3>\n<ul>\n<li><strong>Director de la tesis<\/strong>\n<ul>\n<li> P\u00e9rez \u00e1lvarez Miguel \u00e1ngel<\/li>\n<\/ul>\n<\/li>\n<li><strong>Tribunal<\/strong>\n<ul>\n<li>Presidente del tribunal: Jos\u00e9 angel Torres lana <\/li>\n<li>pedro de Pablo contreras (vocal)<\/li>\n<li>Carlos Mart\u00ednez de aguirre aldaz (vocal)<\/li>\n<li>ramon Duran rivacoba (vocal)<\/li>\n<\/ul>\n<\/li>\n<\/ul>\n<p>&nbsp;<\/p>\n","protected":false},"excerpt":{"rendered":"<p>Tesis doctoral de Antonio Legeren Molina La partici\u00f3n conjunta constituye una de las novedades m\u00e1s destacables del derecho sucesorio gallego. [&hellip;]<\/p>\n","protected":false},"author":1,"featured_media":0,"comment_status":"open","ping_status":"open","sticky":false,"template":"","format":"standard","meta":{"site-sidebar-layout":"default","site-content-layout":"","ast-site-content-layout":"","site-content-style":"default","site-sidebar-style":"default","ast-global-header-display":"","ast-banner-title-visibility":"","ast-main-header-display":"","ast-hfb-above-header-display":"","ast-hfb-below-header-display":"","ast-hfb-mobile-header-display":"","site-post-title":"","ast-breadcrumbs-content":"","ast-featured-img":"","footer-sml-layout":"","theme-transparent-header-meta":"","adv-header-id-meta":"","stick-header-meta":"","header-above-stick-meta":"","header-main-stick-meta":"","header-below-stick-meta":"","astra-migrate-meta-layouts":"default","ast-page-background-enabled":"default","ast-page-background-meta":{"desktop":{"background-color":"var(--ast-global-color-4)","background-image":"","background-repeat":"repeat","background-position":"center center","background-size":"auto","background-attachment":"scroll","background-type":"","background-media":"","overlay-type":"","overlay-color":"","overlay-gradient":""},"tablet":{"background-color":"","background-image":"","background-repeat":"repeat","background-position":"center center","background-size":"auto","background-attachment":"scroll","background-type":"","background-media":"","overlay-type":"","overlay-color":"","overlay-gradient":""},"mobile":{"background-color":"","background-image":"","background-repeat":"repeat","background-position":"center center","background-size":"auto","background-attachment":"scroll","background-type":"","background-media":"","overlay-type":"","overlay-color":"","overlay-gradient":""}},"ast-content-background-meta":{"desktop":{"background-color":"var(--ast-global-color-5)","background-image":"","background-repeat":"repeat","background-position":"center center","background-size":"auto","background-attachment":"scroll","background-type":"","background-media":"","overlay-type":"","overlay-color":"","overlay-gradient":""},"tablet":{"background-color":"var(--ast-global-color-5)","background-image":"","background-repeat":"repeat","background-position":"center center","background-size":"auto","background-attachment":"scroll","background-type":"","background-media":"","overlay-type":"","overlay-color":"","overlay-gradient":""},"mobile":{"background-color":"var(--ast-global-color-5)","background-image":"","background-repeat":"repeat","background-position":"center center","background-size":"auto","background-attachment":"scroll","background-type":"","background-media":"","overlay-type":"","overlay-color":"","overlay-gradient":""}},"footnotes":""},"categories":[18576,612,1251,979],"tags":[167074,55656,7704,17812,51747,17301],"class_list":["post-77603","post","type-post","status-publish","format-standard","hentry","category-a-coruna","category-ciencias-juridicas-y-derecho","category-derecho-civil","category-derecho-y-legislacion-nacionales","tag-antonio-legeren-molina","tag-carlos-Martinez-de-aguirre-aldaz","tag-jose-angel-torres-lana","tag-pedro-de-pablo-contreras","tag-perez-alvarez-miguel-angel","tag-ramon-duran-rivacoba"],"_links":{"self":[{"href":"https:\/\/www.deberes.net\/tesis\/wp-json\/wp\/v2\/posts\/77603","targetHints":{"allow":["GET"]}}],"collection":[{"href":"https:\/\/www.deberes.net\/tesis\/wp-json\/wp\/v2\/posts"}],"about":[{"href":"https:\/\/www.deberes.net\/tesis\/wp-json\/wp\/v2\/types\/post"}],"author":[{"embeddable":true,"href":"https:\/\/www.deberes.net\/tesis\/wp-json\/wp\/v2\/users\/1"}],"replies":[{"embeddable":true,"href":"https:\/\/www.deberes.net\/tesis\/wp-json\/wp\/v2\/comments?post=77603"}],"version-history":[{"count":0,"href":"https:\/\/www.deberes.net\/tesis\/wp-json\/wp\/v2\/posts\/77603\/revisions"}],"wp:attachment":[{"href":"https:\/\/www.deberes.net\/tesis\/wp-json\/wp\/v2\/media?parent=77603"}],"wp:term":[{"taxonomy":"category","embeddable":true,"href":"https:\/\/www.deberes.net\/tesis\/wp-json\/wp\/v2\/categories?post=77603"},{"taxonomy":"post_tag","embeddable":true,"href":"https:\/\/www.deberes.net\/tesis\/wp-json\/wp\/v2\/tags?post=77603"}],"curies":[{"name":"wp","href":"https:\/\/api.w.org\/{rel}","templated":true}]}}