{"id":77648,"date":"2005-12-12T00:00:00","date_gmt":"2005-12-12T00:00:00","guid":{"rendered":"https:\/\/www.deberes.net\/tesis\/sin-categoria\/tenor-pedro-lavirgen-trayectoria-de-una-voz\/"},"modified":"2005-12-12T00:00:00","modified_gmt":"2005-12-12T00:00:00","slug":"tenor-pedro-lavirgen-trayectoria-de-una-voz","status":"publish","type":"post","link":"https:\/\/www.deberes.net\/tesis\/historia\/tenor-pedro-lavirgen-trayectoria-de-una-voz\/","title":{"rendered":"Tenor pedro lavirgen, trayectoria de una voz"},"content":{"rendered":"<h2>Tesis doctoral de <strong> Ana Belen Ca\u00f1izares Sevilla <\/strong><\/h2>\n<p>Trabajo de investigaci\u00f3n en el que se ha realizado un estudio del tenor cordob\u00e9s pedro lavirgen gil nacido en bujalance en 1930 y retirado de los escenarios en 1993. A la vez que se analiza su biograf\u00eda dentro de su contexto hist\u00f3rico-musical, destaca distintos aspectos relacionados con el entorno de la zarzuela y de la \u00f3pera en espa\u00f1a hasta ahora desconocidos: el papel de las instituciones en el campo de la m\u00fasica, los teatros, las temporadas, el p\u00fablico y la cr\u00edtica, las programaciones y la figura del solista-divo. asimismo hace un seguimiento del repertorio del cantante l\u00edrico-dram\u00e1tico (especializado en verdi, puccini y en carmen de bizet), de las grabaciones audiovisuales efectuadas, as\u00ed como por las actuaciones internacionales.  ha sido articulado en siete partes. La primera dedicada a la descripci\u00f3n del entorno hist\u00f3rico-social en que se desarrolla la vida del personaje entre 1930-1961, con una visi\u00f3n general del panorama musical de espa\u00f1a con la que se ha preparado el camino para el desglose posterior dela investigaci\u00f3n, organizada siguiendo el hilo cronol\u00f3gico de los acontecimientos. La segunda parte analiza los a\u00f1os 1962-1965; la tercera 1966-1970: cuarta 1971-1976; la quinta 1977-1981, con un estudio sobre la nueva realidad social y cultural que se ha conformado en espa\u00f1a una vez establecida de democracia. La sexta parte hace un seguimiento de la \u00faltima etapa profesional del tenor, 1982-1993. en la s\u00e9ptima se recogen diversos testimonios sobre lavirgen y, tras una cr\u00edtica bibliogr\u00e1fica, se exponen las conclusiones. Finalmente tras la obligada bibliogr\u00e1fia se han introducido cuatro ap\u00e9ndices: una tabla de las representaciones dram\u00e1ticas, los registros audiovisuales comerciales, 218 documentos y un listado con los fragmentos recopilados en un cd con los que se ha mostrado la evoluci\u00f3n vocal del tenor.  la originalidad de este tema responde a la necesidad de recuperar al int\u00e9rprete l\u00edrico andaluz, de<\/p>\n<p>&nbsp;<\/p>\n<h3>Datos acad\u00e9micos de la tesis doctoral \u00ab<strong>Tenor pedro lavirgen, trayectoria de una voz<\/strong>\u00ab<\/h3>\n<ul>\n<li><strong>T\u00edtulo de la tesis:<\/strong>\u00a0 Tenor pedro lavirgen, trayectoria de una voz <\/li>\n<li><strong>Autor:<\/strong>\u00a0 Ana Belen Ca\u00f1izares Sevilla <\/li>\n<li><strong>Universidad:<\/strong>\u00a0 C\u00f3rdoba<\/li>\n<li><strong>Fecha de lectura de la tesis:<\/strong>\u00a0 12\/12\/2005<\/li>\n<\/ul>\n<p>&nbsp;<\/p>\n<h3>Direcci\u00f3n y tribunal<\/h3>\n<ul>\n<li><strong>Director de la tesis<\/strong>\n<ul>\n<li> Olmedo Sanchez Yolanda Vict.<\/li>\n<\/ul>\n<\/li>\n<li><strong>Tribunal<\/strong>\n<ul>\n<li>Presidente del tribunal: Antonio Martin moreno <\/li>\n<li>ramon Roman alcala (vocal)<\/li>\n<li>pedro Poyato sanchez (vocal)<\/li>\n<li> Martinez del fresno beatriz (vocal)<\/li>\n<\/ul>\n<\/li>\n<\/ul>\n<p>&nbsp;<\/p>\n","protected":false},"excerpt":{"rendered":"<p>Tesis doctoral de Ana Belen Ca\u00f1izares Sevilla Trabajo de investigaci\u00f3n en el que se ha realizado un estudio del tenor [&hellip;]<\/p>\n","protected":false},"author":1,"featured_media":0,"comment_status":"open","ping_status":"open","sticky":false,"template":"","format":"standard","meta":{"site-sidebar-layout":"default","site-content-layout":"","ast-site-content-layout":"","site-content-style":"default","site-sidebar-style":"default","ast-global-header-display":"","ast-banner-title-visibility":"","ast-main-header-display":"","ast-hfb-above-header-display":"","ast-hfb-below-header-display":"","ast-hfb-mobile-header-display":"","site-post-title":"","ast-breadcrumbs-content":"","ast-featured-img":"","footer-sml-layout":"","theme-transparent-header-meta":"","adv-header-id-meta":"","stick-header-meta":"","header-above-stick-meta":"","header-main-stick-meta":"","header-below-stick-meta":"","astra-migrate-meta-layouts":"default","ast-page-background-enabled":"default","ast-page-background-meta":{"desktop":{"background-color":"var(--ast-global-color-4)","background-image":"","background-repeat":"repeat","background-position":"center center","background-size":"auto","background-attachment":"scroll","background-type":"","background-media":"","overlay-type":"","overlay-color":"","overlay-gradient":""},"tablet":{"background-color":"","background-image":"","background-repeat":"repeat","background-position":"center center","background-size":"auto","background-attachment":"scroll","background-type":"","background-media":"","overlay-type":"","overlay-color":"","overlay-gradient":""},"mobile":{"background-color":"","background-image":"","background-repeat":"repeat","background-position":"center center","background-size":"auto","background-attachment":"scroll","background-type":"","background-media":"","overlay-type":"","overlay-color":"","overlay-gradient":""}},"ast-content-background-meta":{"desktop":{"background-color":"var(--ast-global-color-5)","background-image":"","background-repeat":"repeat","background-position":"center center","background-size":"auto","background-attachment":"scroll","background-type":"","background-media":"","overlay-type":"","overlay-color":"","overlay-gradient":""},"tablet":{"background-color":"var(--ast-global-color-5)","background-image":"","background-repeat":"repeat","background-position":"center center","background-size":"auto","background-attachment":"scroll","background-type":"","background-media":"","overlay-type":"","overlay-color":"","overlay-gradient":""},"mobile":{"background-color":"var(--ast-global-color-5)","background-image":"","background-repeat":"repeat","background-position":"center center","background-size":"auto","background-attachment":"scroll","background-type":"","background-media":"","overlay-type":"","overlay-color":"","overlay-gradient":""}},"footnotes":""},"categories":[954,147,973,104,1014,222,9132,1111],"tags":[120291,12773,40867,117908,24151,83729],"class_list":["post-77648","post","type-post","status-publish","format-standard","hentry","category-biografias","category-ciencias-de-las-artes-y-las-letras","category-cordoba","category-historia","category-historia-del-arte","category-historias-especializadas","category-musica-y-musicologia","category-teoria-analisis-y-critica-de-las-bellas-artes","tag-ana-belen-canizares-sevilla","tag-antonio-martin-moreno","tag-Martinez-del-fresno-beatriz","tag-olmedo-sanchez-yolanda-vict","tag-pedro-poyato-sanchez","tag-ramon-roman-alcala"],"_links":{"self":[{"href":"https:\/\/www.deberes.net\/tesis\/wp-json\/wp\/v2\/posts\/77648","targetHints":{"allow":["GET"]}}],"collection":[{"href":"https:\/\/www.deberes.net\/tesis\/wp-json\/wp\/v2\/posts"}],"about":[{"href":"https:\/\/www.deberes.net\/tesis\/wp-json\/wp\/v2\/types\/post"}],"author":[{"embeddable":true,"href":"https:\/\/www.deberes.net\/tesis\/wp-json\/wp\/v2\/users\/1"}],"replies":[{"embeddable":true,"href":"https:\/\/www.deberes.net\/tesis\/wp-json\/wp\/v2\/comments?post=77648"}],"version-history":[{"count":0,"href":"https:\/\/www.deberes.net\/tesis\/wp-json\/wp\/v2\/posts\/77648\/revisions"}],"wp:attachment":[{"href":"https:\/\/www.deberes.net\/tesis\/wp-json\/wp\/v2\/media?parent=77648"}],"wp:term":[{"taxonomy":"category","embeddable":true,"href":"https:\/\/www.deberes.net\/tesis\/wp-json\/wp\/v2\/categories?post=77648"},{"taxonomy":"post_tag","embeddable":true,"href":"https:\/\/www.deberes.net\/tesis\/wp-json\/wp\/v2\/tags?post=77648"}],"curies":[{"name":"wp","href":"https:\/\/api.w.org\/{rel}","templated":true}]}}