{"id":77655,"date":"2005-12-12T00:00:00","date_gmt":"2005-12-12T00:00:00","guid":{"rendered":"https:\/\/www.deberes.net\/tesis\/sin-categoria\/modificaciones-espirometricas-observadas-durante-los-cursos-de-buceo-con-aire-comprimido-realizados-en-el-centro-de-buceo-de-la-armada\/"},"modified":"2005-12-12T00:00:00","modified_gmt":"2005-12-12T00:00:00","slug":"modificaciones-espirometricas-observadas-durante-los-cursos-de-buceo-con-aire-comprimido-realizados-en-el-centro-de-buceo-de-la-armada","status":"publish","type":"post","link":"https:\/\/www.deberes.net\/tesis\/ciencias-medicas\/modificaciones-espirometricas-observadas-durante-los-cursos-de-buceo-con-aire-comprimido-realizados-en-el-centro-de-buceo-de-la-armada\/","title":{"rendered":"Modificaciones espirometricas observadas durante los cursos de buceo con aire comprimido realizados en el centro de buceo de la armada"},"content":{"rendered":"<h2>Tesis doctoral de <strong> Agustin Olea Gonzalez <\/strong><\/h2>\n<p>Observar las modificaciones espirom\u00e9tricas en un colectivo de sujetos que se someten por primera vez y de forma continuada a un ambiente hiperb\u00e1rico; para ello se emplea  un equipo de buceo cuya caracter\u00edstica fundamental es usar el aire comprimido como elemento respiratorio esencial y ser \u00fatil hasta una m\u00e1xima profundidad de cincuenta metros.  se observa el efecto que sobre la funci\u00f3n pulmonar van a tener tanto los factores individuales de los sujetos  (edad, peso, alergias, tabaco y actividad deportiva) empleados como el efecto de los factores inherentes al medio hiperb\u00e1rico (efectos t\u00f3xicos del ox\u00edgeno, adaptaci\u00f3n muscular respiratoria, microburbujas venosas, contaminantes de la mezcla gaseosa, factores clim\u00e1ticos).<\/p>\n<p>&nbsp;<\/p>\n<h3>Datos acad\u00e9micos de la tesis doctoral \u00ab<strong>Modificaciones espirometricas observadas durante los cursos de buceo con aire comprimido realizados en el centro de buceo de la armada<\/strong>\u00ab<\/h3>\n<ul>\n<li><strong>T\u00edtulo de la tesis:<\/strong>\u00a0 Modificaciones espirometricas observadas durante los cursos de buceo con aire comprimido realizados en el centro de buceo de la armada <\/li>\n<li><strong>Autor:<\/strong>\u00a0 Agustin Olea Gonzalez <\/li>\n<li><strong>Universidad:<\/strong>\u00a0 Murcia<\/li>\n<li><strong>Fecha de lectura de la tesis:<\/strong>\u00a0 12\/12\/2005<\/li>\n<\/ul>\n<p>&nbsp;<\/p>\n<h3>Direcci\u00f3n y tribunal<\/h3>\n<ul>\n<li><strong>Director de la tesis<\/strong>\n<ul>\n<li>Fernando S\u00e1nchez Gasc\u00f3n<\/li>\n<\/ul>\n<\/li>\n<li><strong>Tribunal<\/strong>\n<ul>\n<li>Presidente del tribunal: jos\u00e9 Ballesta germ\u00e1n <\/li>\n<li>Mar\u00eda no Vald\u00e9s ch\u00e1varri (vocal)<\/li>\n<li>Jos\u00e9 Luis Alvarez sala walther (vocal)<\/li>\n<li>salvador Zamora navarro (vocal)<\/li>\n<\/ul>\n<\/li>\n<\/ul>\n<p>&nbsp;<\/p>\n","protected":false},"excerpt":{"rendered":"<p>Tesis doctoral de Agustin Olea Gonzalez Observar las modificaciones espirom\u00e9tricas en un colectivo de sujetos que se someten por primera [&hellip;]<\/p>\n","protected":false},"author":1,"featured_media":0,"comment_status":"open","ping_status":"open","sticky":false,"template":"","format":"standard","meta":{"site-sidebar-layout":"default","site-content-layout":"","ast-site-content-layout":"","site-content-style":"default","site-sidebar-style":"default","ast-global-header-display":"","ast-banner-title-visibility":"","ast-main-header-display":"","ast-hfb-above-header-display":"","ast-hfb-below-header-display":"","ast-hfb-mobile-header-display":"","site-post-title":"","ast-breadcrumbs-content":"","ast-featured-img":"","footer-sml-layout":"","theme-transparent-header-meta":"","adv-header-id-meta":"","stick-header-meta":"","header-above-stick-meta":"","header-main-stick-meta":"","header-below-stick-meta":"","astra-migrate-meta-layouts":"default","ast-page-background-enabled":"default","ast-page-background-meta":{"desktop":{"background-color":"var(--ast-global-color-4)","background-image":"","background-repeat":"repeat","background-position":"center center","background-size":"auto","background-attachment":"scroll","background-type":"","background-media":"","overlay-type":"","overlay-color":"","overlay-gradient":""},"tablet":{"background-color":"","background-image":"","background-repeat":"repeat","background-position":"center center","background-size":"auto","background-attachment":"scroll","background-type":"","background-media":"","overlay-type":"","overlay-color":"","overlay-gradient":""},"mobile":{"background-color":"","background-image":"","background-repeat":"repeat","background-position":"center center","background-size":"auto","background-attachment":"scroll","background-type":"","background-media":"","overlay-type":"","overlay-color":"","overlay-gradient":""}},"ast-content-background-meta":{"desktop":{"background-color":"var(--ast-global-color-5)","background-image":"","background-repeat":"repeat","background-position":"center center","background-size":"auto","background-attachment":"scroll","background-type":"","background-media":"","overlay-type":"","overlay-color":"","overlay-gradient":""},"tablet":{"background-color":"var(--ast-global-color-5)","background-image":"","background-repeat":"repeat","background-position":"center center","background-size":"auto","background-attachment":"scroll","background-type":"","background-media":"","overlay-type":"","overlay-color":"","overlay-gradient":""},"mobile":{"background-color":"var(--ast-global-color-5)","background-image":"","background-repeat":"repeat","background-position":"center center","background-size":"auto","background-attachment":"scroll","background-type":"","background-media":"","overlay-type":"","overlay-color":"","overlay-gradient":""}},"footnotes":""},"categories":[9,69,139,8235],"tags":[167167,7468,8789,6075,8243,4252],"class_list":["post-77655","post","type-post","status-publish","format-standard","hentry","category-ciencias-medicas","category-enfermedades-pulmonares","category-medicina-interna","category-murcia","tag-agustin-olea-gonzalez","tag-fernando-sanchez-gascon","tag-jose-ballesta-german","tag-jose-luis-alvarez-sala-walther","tag-maria-no-valdes-chavarri","tag-salvador-zamora-navarro"],"_links":{"self":[{"href":"https:\/\/www.deberes.net\/tesis\/wp-json\/wp\/v2\/posts\/77655","targetHints":{"allow":["GET"]}}],"collection":[{"href":"https:\/\/www.deberes.net\/tesis\/wp-json\/wp\/v2\/posts"}],"about":[{"href":"https:\/\/www.deberes.net\/tesis\/wp-json\/wp\/v2\/types\/post"}],"author":[{"embeddable":true,"href":"https:\/\/www.deberes.net\/tesis\/wp-json\/wp\/v2\/users\/1"}],"replies":[{"embeddable":true,"href":"https:\/\/www.deberes.net\/tesis\/wp-json\/wp\/v2\/comments?post=77655"}],"version-history":[{"count":0,"href":"https:\/\/www.deberes.net\/tesis\/wp-json\/wp\/v2\/posts\/77655\/revisions"}],"wp:attachment":[{"href":"https:\/\/www.deberes.net\/tesis\/wp-json\/wp\/v2\/media?parent=77655"}],"wp:term":[{"taxonomy":"category","embeddable":true,"href":"https:\/\/www.deberes.net\/tesis\/wp-json\/wp\/v2\/categories?post=77655"},{"taxonomy":"post_tag","embeddable":true,"href":"https:\/\/www.deberes.net\/tesis\/wp-json\/wp\/v2\/tags?post=77655"}],"curies":[{"name":"wp","href":"https:\/\/api.w.org\/{rel}","templated":true}]}}