{"id":77684,"date":"2018-03-09T23:23:13","date_gmt":"2018-03-09T23:23:13","guid":{"rendered":"https:\/\/www.deberes.net\/tesis\/sin-categoria\/la-construccion-visual-de-la-identidad-bahiana-etnofotografa%c2%ada-e-hipervisualidad-en-san-salvador-de-baha%c2%ada-de-todos-los-santos\/"},"modified":"2018-03-09T23:23:13","modified_gmt":"2018-03-09T23:23:13","slug":"la-construccion-visual-de-la-identidad-bahiana-etnofotografa%c2%ada-e-hipervisualidad-en-san-salvador-de-baha%c2%ada-de-todos-los-santos","status":"publish","type":"post","link":"https:\/\/www.deberes.net\/tesis\/antropologia\/la-construccion-visual-de-la-identidad-bahiana-etnofotografa%c2%ada-e-hipervisualidad-en-san-salvador-de-baha%c2%ada-de-todos-los-santos\/","title":{"rendered":"La construcci\u00f3n visual de la identidad bahiana: etnofotograf\u00edae hipervisualidad en san salvador de bah\u00edade todos los santos."},"content":{"rendered":"<h2>Tesis doctoral de <strong> Victor Renobell Santar\u00e9n <\/strong><\/h2>\n<p>La antropolog\u00eda busca el conocimiento delas culturas y las sociedades y por eso en esta tesis he trabajado sobre las formalidades visuales del conocimiento y sus modos de interrogaci\u00f3n visual identitaria. Para realizar estas tesis me he centrado en desarrollar un an\u00e1lisis antropol\u00f3gico-visual sobre las diferentes representaciones edentitarias bahianas (salvador de bah\u00eda &#8211; brasil). A trav\u00e9s de cuatro miradas y de mi propia mirada como observador participante de ese acto evolutivo hipervisual que es fotografiar, he llagado a la conclusi\u00f3n de que la noci\u00f3n identitaria visual bahiana es una representaci\u00f3n plim\u00f3rfica temporalmente definida y enmarcada en par\u00e1metros de g\u00e9nero, de distancia hacia el objeto de estudio, y de pensamiento visual enculturizado vinculante. La bahianidad como eje vertebrador de una nacionalidad hipervisual argumentada por antrop\u00f3logos y visualizada por fot\u00f3grafos y etn\u00f3grafos. Seg\u00fan los informantes visuales (principalmente cravo neto, reis, sent\u00eds y sim\u00f3es) se ha podido constratar que la construci\u00f3n visual identitaria bahiana se estructura en base a dos ejes de representaci\u00f3n visual. De este modo, se puede articular un primer eje bahianogr\u00e1fico (eje a) centrado en la importancia de la imagen arquet\u00edpica del imaginario visual afromasculino y otro eje foto-visual (eje b) donde la idea principal se articular\u00eda bajo la arquet\u00edpica de lo femenino. Un primer eje responde alas representaciones masculinizantes dela realidad bahiana. Es un eje hegem\u00f3nico en las representaciones identitarias bahianas, hiperpatrimonializado por los poderes p\u00fablicos locales y por los medios de comunicaci\u00f3n de masas. mario cravo neto, siguiendo la estela que dejo pierre verger, es el informador visual sontempor\u00e1neo que mejor ejemplifica esta noci\u00f3 visual identitaria.  el segundo eje responder\u00eda a las representaciones identit\u00e1rias del g\u00e9nero femenino. En estas representaciones encontramos una noci\u00f3n identitaria fragme<\/p>\n<p>&nbsp;<\/p>\n<h3>Datos acad\u00e9micos de la tesis doctoral \u00ab<strong>La construcci\u00f3n visual de la identidad bahiana: etnofotograf\u00edae hipervisualidad en san salvador de bah\u00edade todos los santos.<\/strong>\u00ab<\/h3>\n<ul>\n<li><strong>T\u00edtulo de la tesis:<\/strong>\u00a0 La construcci\u00f3n visual de la identidad bahiana: etnofotograf\u00edae hipervisualidad en san salvador de bah\u00edade todos los santos. <\/li>\n<li><strong>Autor:<\/strong>\u00a0 Victor Renobell Santar\u00e9n <\/li>\n<li><strong>Universidad:<\/strong>\u00a0 Barcelona<\/li>\n<li><strong>Fecha de lectura de la tesis:<\/strong>\u00a0 13\/12\/2005<\/li>\n<\/ul>\n<p>&nbsp;<\/p>\n<h3>Direcci\u00f3n y tribunal<\/h3>\n<ul>\n<li><strong>Director de la tesis<\/strong>\n<ul>\n<li>Mar\u00eda  Jes\u00fas Buxo Rey<\/li>\n<\/ul>\n<\/li>\n<li><strong>Tribunal<\/strong>\n<ul>\n<li>Presidente del tribunal: Francisco Giner abati <\/li>\n<li>gemma Orobitg canal (vocal)<\/li>\n<li> Peixoto caldas Jos\u00e9 Manuel (vocal)<\/li>\n<li>pilar P\u00e9rez (vocal)<\/li>\n<\/ul>\n<\/li>\n<\/ul>\n<p>&nbsp;<\/p>\n","protected":false},"excerpt":{"rendered":"<p>Tesis doctoral de Victor Renobell Santar\u00e9n La antropolog\u00eda busca el conocimiento delas culturas y las sociedades y por eso en [&hellip;]<\/p>\n","protected":false},"author":1,"featured_media":0,"comment_status":"open","ping_status":"open","sticky":false,"template":"","format":"standard","meta":{"site-sidebar-layout":"default","site-content-layout":"","ast-site-content-layout":"","site-content-style":"default","site-sidebar-style":"default","ast-global-header-display":"","ast-banner-title-visibility":"","ast-main-header-display":"","ast-hfb-above-header-display":"","ast-hfb-below-header-display":"","ast-hfb-mobile-header-display":"","site-post-title":"","ast-breadcrumbs-content":"","ast-featured-img":"","footer-sml-layout":"","theme-transparent-header-meta":"","adv-header-id-meta":"","stick-header-meta":"","header-above-stick-meta":"","header-main-stick-meta":"","header-below-stick-meta":"","astra-migrate-meta-layouts":"default","ast-page-background-enabled":"default","ast-page-background-meta":{"desktop":{"background-color":"var(--ast-global-color-4)","background-image":"","background-repeat":"repeat","background-position":"center center","background-size":"auto","background-attachment":"scroll","background-type":"","background-media":"","overlay-type":"","overlay-color":"","overlay-gradient":""},"tablet":{"background-color":"","background-image":"","background-repeat":"repeat","background-position":"center center","background-size":"auto","background-attachment":"scroll","background-type":"","background-media":"","overlay-type":"","overlay-color":"","overlay-gradient":""},"mobile":{"background-color":"","background-image":"","background-repeat":"repeat","background-position":"center center","background-size":"auto","background-attachment":"scroll","background-type":"","background-media":"","overlay-type":"","overlay-color":"","overlay-gradient":""}},"ast-content-background-meta":{"desktop":{"background-color":"var(--ast-global-color-5)","background-image":"","background-repeat":"repeat","background-position":"center center","background-size":"auto","background-attachment":"scroll","background-type":"","background-media":"","overlay-type":"","overlay-color":"","overlay-gradient":""},"tablet":{"background-color":"var(--ast-global-color-5)","background-image":"","background-repeat":"repeat","background-position":"center center","background-size":"auto","background-attachment":"scroll","background-type":"","background-media":"","overlay-type":"","overlay-color":"","overlay-gradient":""},"mobile":{"background-color":"var(--ast-global-color-5)","background-image":"","background-repeat":"repeat","background-position":"center center","background-size":"auto","background-attachment":"scroll","background-type":"","background-media":"","overlay-type":"","overlay-color":"","overlay-gradient":""}},"footnotes":""},"categories":[681,983,2720,951],"tags":[55136,159588,1397,43669,82310,167215],"class_list":["post-77684","post","type-post","status-publish","format-standard","hentry","category-antropologia","category-antropologia-cultural","category-antropologia-social","category-barcelona","tag-francisco-giner-abati","tag-gemma-orobitg-canal","tag-maria-jesus-buxo-rey","tag-peixoto-caldas-jose-manuel","tag-pilar-perez","tag-victor-renobell-santaren"],"_links":{"self":[{"href":"https:\/\/www.deberes.net\/tesis\/wp-json\/wp\/v2\/posts\/77684","targetHints":{"allow":["GET"]}}],"collection":[{"href":"https:\/\/www.deberes.net\/tesis\/wp-json\/wp\/v2\/posts"}],"about":[{"href":"https:\/\/www.deberes.net\/tesis\/wp-json\/wp\/v2\/types\/post"}],"author":[{"embeddable":true,"href":"https:\/\/www.deberes.net\/tesis\/wp-json\/wp\/v2\/users\/1"}],"replies":[{"embeddable":true,"href":"https:\/\/www.deberes.net\/tesis\/wp-json\/wp\/v2\/comments?post=77684"}],"version-history":[{"count":0,"href":"https:\/\/www.deberes.net\/tesis\/wp-json\/wp\/v2\/posts\/77684\/revisions"}],"wp:attachment":[{"href":"https:\/\/www.deberes.net\/tesis\/wp-json\/wp\/v2\/media?parent=77684"}],"wp:term":[{"taxonomy":"category","embeddable":true,"href":"https:\/\/www.deberes.net\/tesis\/wp-json\/wp\/v2\/categories?post=77684"},{"taxonomy":"post_tag","embeddable":true,"href":"https:\/\/www.deberes.net\/tesis\/wp-json\/wp\/v2\/tags?post=77684"}],"curies":[{"name":"wp","href":"https:\/\/api.w.org\/{rel}","templated":true}]}}