{"id":77721,"date":"2018-03-09T23:23:17","date_gmt":"2018-03-09T23:23:17","guid":{"rendered":"https:\/\/www.deberes.net\/tesis\/sin-categoria\/la-lirica-de-anibal-nunez\/"},"modified":"2018-03-09T23:23:17","modified_gmt":"2018-03-09T23:23:17","slug":"la-lirica-de-anibal-nunez","status":"publish","type":"post","link":"https:\/\/www.deberes.net\/tesis\/sin-categoria\/la-lirica-de-anibal-nunez\/","title":{"rendered":"La lirica de anibal nu\u00f1ez"},"content":{"rendered":"<h2>Tesis doctoral de <strong> Joaquin Herrero Alvarez <\/strong><\/h2>\n<p>A trav\u00e9s de un minucioso estudio de la obra po\u00e9tica de an\u00edbal nu\u00f1ez se fija el corpues l\u00edrico de n\u00fa\u00f1ez en un tiempo (1967-1987) y en una generaci\u00f3n po\u00e9tica concreta, la del 68. Se analizan e interpretan convenientemente los n\u00facleos tem\u00e1ticos b\u00e1sicos y la expresi\u00f3n de la l\u00edrica de nu\u00f1ez, estableci\u00e9ndose as\u00ed una trayectoria po\u00e9tica vigorosamente interesante, situada en el marco de la literatura espa\u00f1ola del s. Xx. Se presta especial atenci\u00f3n a la po\u00e9tica de nu\u00f1ez y se personaliza con ello un aspecto fundamental de la  l\u00edrica nu\u00f1eciana poco atendida por la cr\u00edtica.<\/p>\n<p>&nbsp;<\/p>\n<h3>Datos acad\u00e9micos de la tesis doctoral \u00ab<strong>La lirica de anibal nu\u00f1ez<\/strong>\u00ab<\/h3>\n<ul>\n<li><strong>T\u00edtulo de la tesis:<\/strong>\u00a0 La lirica de anibal nu\u00f1ez <\/li>\n<li><strong>Autor:<\/strong>\u00a0 Joaquin Herrero Alvarez <\/li>\n<li><strong>Universidad:<\/strong>\u00a0 Complutense de Madrid<\/li>\n<li><strong>Fecha de lectura de la tesis:<\/strong>\u00a0 14\/12\/2005<\/li>\n<\/ul>\n<p>&nbsp;<\/p>\n<h3>Direcci\u00f3n y tribunal<\/h3>\n<ul>\n<li><strong>Director de la tesis<\/strong>\n<ul>\n<li>Mercedes Lopez Suarez<\/li>\n<\/ul>\n<\/li>\n<li><strong>Tribunal<\/strong>\n<ul>\n<li>Presidente del tribunal: milagros Arizmendi Martinez <\/li>\n<li>Ana Suarez miramon (vocal)<\/li>\n<li>Jos\u00e9 ignacio D\u00edez fern\u00e1ndez (vocal)<\/li>\n<li>  (vocal)<\/li>\n<\/ul>\n<\/li>\n<\/ul>\n<p>&nbsp;<\/p>\n","protected":false},"excerpt":{"rendered":"<p>Tesis doctoral de Joaquin Herrero Alvarez A trav\u00e9s de un minucioso estudio de la obra po\u00e9tica de an\u00edbal nu\u00f1ez se [&hellip;]<\/p>\n","protected":false},"author":1,"featured_media":0,"comment_status":"open","ping_status":"open","sticky":false,"template":"","format":"standard","meta":{"site-sidebar-layout":"default","site-content-layout":"","ast-site-content-layout":"","site-content-style":"default","site-sidebar-style":"default","ast-global-header-display":"","ast-banner-title-visibility":"","ast-main-header-display":"","ast-hfb-above-header-display":"","ast-hfb-below-header-display":"","ast-hfb-mobile-header-display":"","site-post-title":"","ast-breadcrumbs-content":"","ast-featured-img":"","footer-sml-layout":"","theme-transparent-header-meta":"","adv-header-id-meta":"","stick-header-meta":"","header-above-stick-meta":"","header-main-stick-meta":"","header-below-stick-meta":"","astra-migrate-meta-layouts":"default","ast-page-background-enabled":"default","ast-page-background-meta":{"desktop":{"background-color":"var(--ast-global-color-4)","background-image":"","background-repeat":"repeat","background-position":"center center","background-size":"auto","background-attachment":"scroll","background-type":"","background-media":"","overlay-type":"","overlay-color":"","overlay-gradient":""},"tablet":{"background-color":"","background-image":"","background-repeat":"repeat","background-position":"center center","background-size":"auto","background-attachment":"scroll","background-type":"","background-media":"","overlay-type":"","overlay-color":"","overlay-gradient":""},"mobile":{"background-color":"","background-image":"","background-repeat":"repeat","background-position":"center center","background-size":"auto","background-attachment":"scroll","background-type":"","background-media":"","overlay-type":"","overlay-color":"","overlay-gradient":""}},"ast-content-background-meta":{"desktop":{"background-color":"var(--ast-global-color-5)","background-image":"","background-repeat":"repeat","background-position":"center center","background-size":"auto","background-attachment":"scroll","background-type":"","background-media":"","overlay-type":"","overlay-color":"","overlay-gradient":""},"tablet":{"background-color":"var(--ast-global-color-5)","background-image":"","background-repeat":"repeat","background-position":"center center","background-size":"auto","background-attachment":"scroll","background-type":"","background-media":"","overlay-type":"","overlay-color":"","overlay-gradient":""},"mobile":{"background-color":"var(--ast-global-color-5)","background-image":"","background-repeat":"repeat","background-position":"center center","background-size":"auto","background-attachment":"scroll","background-type":"","background-media":"","overlay-type":"","overlay-color":"","overlay-gradient":""}},"footnotes":""},"categories":[1],"tags":[22706,167279,56046,22749,812],"class_list":["post-77721","post","type-post","status-publish","format-standard","hentry","category-sin-categoria","tag-ana-suarez-miramon","tag-joaquin-herrero-alvarez","tag-jose-ignacio-diez-fernandez","tag-mercedes-lopez-suarez","tag-milagros-arizmendi-Martinez"],"_links":{"self":[{"href":"https:\/\/www.deberes.net\/tesis\/wp-json\/wp\/v2\/posts\/77721","targetHints":{"allow":["GET"]}}],"collection":[{"href":"https:\/\/www.deberes.net\/tesis\/wp-json\/wp\/v2\/posts"}],"about":[{"href":"https:\/\/www.deberes.net\/tesis\/wp-json\/wp\/v2\/types\/post"}],"author":[{"embeddable":true,"href":"https:\/\/www.deberes.net\/tesis\/wp-json\/wp\/v2\/users\/1"}],"replies":[{"embeddable":true,"href":"https:\/\/www.deberes.net\/tesis\/wp-json\/wp\/v2\/comments?post=77721"}],"version-history":[{"count":0,"href":"https:\/\/www.deberes.net\/tesis\/wp-json\/wp\/v2\/posts\/77721\/revisions"}],"wp:attachment":[{"href":"https:\/\/www.deberes.net\/tesis\/wp-json\/wp\/v2\/media?parent=77721"}],"wp:term":[{"taxonomy":"category","embeddable":true,"href":"https:\/\/www.deberes.net\/tesis\/wp-json\/wp\/v2\/categories?post=77721"},{"taxonomy":"post_tag","embeddable":true,"href":"https:\/\/www.deberes.net\/tesis\/wp-json\/wp\/v2\/tags?post=77721"}],"curies":[{"name":"wp","href":"https:\/\/api.w.org\/{rel}","templated":true}]}}