{"id":77731,"date":"2018-03-09T23:23:17","date_gmt":"2018-03-09T23:23:17","guid":{"rendered":"https:\/\/www.deberes.net\/tesis\/sin-categoria\/factores-cra%c2%adticos-de-las-tutorias-a-traves-de-videoconferencia-en-el-programa-de-aulas-satelitales-en-la-universidad-del-belgrano\/"},"modified":"2018-03-09T23:23:17","modified_gmt":"2018-03-09T23:23:17","slug":"factores-cra%c2%adticos-de-las-tutorias-a-traves-de-videoconferencia-en-el-programa-de-aulas-satelitales-en-la-universidad-del-belgrano","status":"publish","type":"post","link":"https:\/\/www.deberes.net\/tesis\/pedagogia\/factores-cra%c2%adticos-de-las-tutorias-a-traves-de-videoconferencia-en-el-programa-de-aulas-satelitales-en-la-universidad-del-belgrano\/","title":{"rendered":"Factores cr\u00edticos de las tutor\u00edas a trav\u00e9s de videoconferencia en el programa de aulas satelitales en la universidad del belgrano"},"content":{"rendered":"<h2>Tesis doctoral de <strong> Isabel Bonfill Clara <\/strong><\/h2>\n<p>La investigaci\u00f3n se llev\u00f3 a cabo en la argentina a trav\u00e9s de la metodolog\u00eda cualitativa utilizando el estudio de casos.  plantea dos problemas de investigaci\u00f3n: \u00c2\u00bfcu\u00e1les son los factores cr\u00edticos que experimentan los docentes del programa aulas satelitales, en su pr\u00e1ctica educativa, espec\u00edficamente, en los referido a sus clases? Y \u00c2\u00bfcu\u00e1les son los procesos de evoluci\u00f3n y cambio que manifiestan los tutores en el ejercicio de su funci\u00f3n?. Se utilizaron como t\u00e9cnicas de investigaci\u00f3n la entrevista, la observaci\u00f3n de videos, la confecci\u00f3n de un diario de campo y el an\u00e1lisis de documentos.  se explicitan los problemas que se detectan y los procesos de evoluci\u00f3n y cambio identificados.<\/p>\n<p>&nbsp;<\/p>\n<h3>Datos acad\u00e9micos de la tesis doctoral \u00ab<strong>Factores cr\u00edticos de las tutor\u00edas a trav\u00e9s de videoconferencia en el programa de aulas satelitales en la universidad del belgrano<\/strong>\u00ab<\/h3>\n<ul>\n<li><strong>T\u00edtulo de la tesis:<\/strong>\u00a0 Factores cr\u00edticos de las tutor\u00edas a trav\u00e9s de videoconferencia en el programa de aulas satelitales en la universidad del belgrano <\/li>\n<li><strong>Autor:<\/strong>\u00a0 Isabel Bonfill Clara <\/li>\n<li><strong>Universidad:<\/strong>\u00a0 M\u00e1laga<\/li>\n<li><strong>Fecha de lectura de la tesis:<\/strong>\u00a0 14\/12\/2005<\/li>\n<\/ul>\n<p>&nbsp;<\/p>\n<h3>Direcci\u00f3n y tribunal<\/h3>\n<ul>\n<li><strong>Director de la tesis<\/strong>\n<ul>\n<li>Manuel Cebri\u00e1n De La Serna<\/li>\n<\/ul>\n<\/li>\n<li><strong>Tribunal<\/strong>\n<ul>\n<li>Presidente del tribunal: julio Cabero almenara <\/li>\n<li> Monedero moya Juan  Jos\u00e9 (vocal)<\/li>\n<li> Romero de tena rosalia (vocal)<\/li>\n<li>Francisco Guerrero l\u00f3pez (vocal)<\/li>\n<\/ul>\n<\/li>\n<\/ul>\n<p>&nbsp;<\/p>\n","protected":false},"excerpt":{"rendered":"<p>Tesis doctoral de Isabel Bonfill Clara La investigaci\u00f3n se llev\u00f3 a cabo en la argentina a trav\u00e9s de la metodolog\u00eda [&hellip;]<\/p>\n","protected":false},"author":1,"featured_media":0,"comment_status":"open","ping_status":"open","sticky":false,"template":"","format":"standard","meta":{"site-sidebar-layout":"default","site-content-layout":"","ast-site-content-layout":"","site-content-style":"default","site-sidebar-style":"default","ast-global-header-display":"","ast-banner-title-visibility":"","ast-main-header-display":"","ast-hfb-above-header-display":"","ast-hfb-below-header-display":"","ast-hfb-mobile-header-display":"","site-post-title":"","ast-breadcrumbs-content":"","ast-featured-img":"","footer-sml-layout":"","theme-transparent-header-meta":"","adv-header-id-meta":"","stick-header-meta":"","header-above-stick-meta":"","header-main-stick-meta":"","header-below-stick-meta":"","astra-migrate-meta-layouts":"default","ast-page-background-enabled":"default","ast-page-background-meta":{"desktop":{"background-color":"var(--ast-global-color-4)","background-image":"","background-repeat":"repeat","background-position":"center center","background-size":"auto","background-attachment":"scroll","background-type":"","background-media":"","overlay-type":"","overlay-color":"","overlay-gradient":""},"tablet":{"background-color":"","background-image":"","background-repeat":"repeat","background-position":"center center","background-size":"auto","background-attachment":"scroll","background-type":"","background-media":"","overlay-type":"","overlay-color":"","overlay-gradient":""},"mobile":{"background-color":"","background-image":"","background-repeat":"repeat","background-position":"center center","background-size":"auto","background-attachment":"scroll","background-type":"","background-media":"","overlay-type":"","overlay-color":"","overlay-gradient":""}},"ast-content-background-meta":{"desktop":{"background-color":"var(--ast-global-color-5)","background-image":"","background-repeat":"repeat","background-position":"center center","background-size":"auto","background-attachment":"scroll","background-type":"","background-media":"","overlay-type":"","overlay-color":"","overlay-gradient":""},"tablet":{"background-color":"var(--ast-global-color-5)","background-image":"","background-repeat":"repeat","background-position":"center center","background-size":"auto","background-attachment":"scroll","background-type":"","background-media":"","overlay-type":"","overlay-color":"","overlay-gradient":""},"mobile":{"background-color":"var(--ast-global-color-5)","background-image":"","background-repeat":"repeat","background-position":"center center","background-size":"auto","background-attachment":"scroll","background-type":"","background-media":"","overlay-type":"","overlay-color":"","overlay-gradient":""}},"footnotes":""},"categories":[7834,4907,1141,1341],"tags":[51826,167294,38206,5525,57189,164352],"class_list":["post-77731","post","type-post","status-publish","format-standard","hentry","category-malaga","category-metodos-audiovisuales-en-pedagogia","category-pedagogia","category-teoria-y-metodos-educativos","tag-francisco-guerrero-lopez","tag-isabel-bonfill-clara","tag-julio-cabero-almenara","tag-manuel-cebrian-de-la-serna","tag-monedero-moya-juan-jose","tag-romero-de-tena-rosalia"],"_links":{"self":[{"href":"https:\/\/www.deberes.net\/tesis\/wp-json\/wp\/v2\/posts\/77731","targetHints":{"allow":["GET"]}}],"collection":[{"href":"https:\/\/www.deberes.net\/tesis\/wp-json\/wp\/v2\/posts"}],"about":[{"href":"https:\/\/www.deberes.net\/tesis\/wp-json\/wp\/v2\/types\/post"}],"author":[{"embeddable":true,"href":"https:\/\/www.deberes.net\/tesis\/wp-json\/wp\/v2\/users\/1"}],"replies":[{"embeddable":true,"href":"https:\/\/www.deberes.net\/tesis\/wp-json\/wp\/v2\/comments?post=77731"}],"version-history":[{"count":0,"href":"https:\/\/www.deberes.net\/tesis\/wp-json\/wp\/v2\/posts\/77731\/revisions"}],"wp:attachment":[{"href":"https:\/\/www.deberes.net\/tesis\/wp-json\/wp\/v2\/media?parent=77731"}],"wp:term":[{"taxonomy":"category","embeddable":true,"href":"https:\/\/www.deberes.net\/tesis\/wp-json\/wp\/v2\/categories?post=77731"},{"taxonomy":"post_tag","embeddable":true,"href":"https:\/\/www.deberes.net\/tesis\/wp-json\/wp\/v2\/tags?post=77731"}],"curies":[{"name":"wp","href":"https:\/\/api.w.org\/{rel}","templated":true}]}}