{"id":77746,"date":"2018-03-09T23:23:17","date_gmt":"2018-03-09T23:23:17","guid":{"rendered":"https:\/\/www.deberes.net\/tesis\/sin-categoria\/la-musica-para-piano-de-joan-maria-thoma-s-1896-1966\/"},"modified":"2018-03-09T23:23:17","modified_gmt":"2018-03-09T23:23:17","slug":"la-musica-para-piano-de-joan-maria-thoma-s-1896-1966","status":"publish","type":"post","link":"https:\/\/www.deberes.net\/tesis\/historia\/la-musica-para-piano-de-joan-maria-thoma-s-1896-1966\/","title":{"rendered":"La m\u00fasica para piano de joan maria thom\u00c1\u00a0s (1896-1966)"},"content":{"rendered":"<h2>Tesis doctoral de <strong> Bartomeu Jaume Bauz\u00c1\u00a0 <\/strong><\/h2>\n<p>La tesis se ocupa del estudio de la obra pian\u00edstica del compositor mallorqu\u00edn joan maria thom\u00ed\u00a0s, quien supone una personalidad \u00fanica por su car\u00e1cter poli\u00e9drico pues como compositor, pianista, organista, director de coro, cr\u00edtico y music\u00f3logo result\u00f3 un excepcional animador de la vida musical mallorquina.  en el trabajo, despu\u00e9s de apuntar los rasgos biogr\u00e1ficos mas significativos se expone el cat\u00e1logo de obras para, a continuaci\u00f3n, estudiar desde la \u00f3ptica estructural, las obras pian\u00edsticas una a una. Se tratan seguidamente las relaciones existentes entre el piano de thom\u00ed\u00a0s y el de sus compa\u00f1eros generacionales para, despu\u00e9s de tener en cuenta autorizadas opiniones sobre su figura, llegar a unas concisas conclusiones. El trabajo esta acompa\u00f1ado por un ap\u00e9ndice musical consistente en un cd en formato mp3, con interpretaciones siempre del doctorando, que contiene gran parte de la m\u00fasica tratada.<\/p>\n<p>&nbsp;<\/p>\n<h3>Datos acad\u00e9micos de la tesis doctoral \u00ab<strong>La m\u00fasica para piano de joan maria thom\u00c1\u00a0s (1896-1966)<\/strong>\u00ab<\/h3>\n<ul>\n<li><strong>T\u00edtulo de la tesis:<\/strong>\u00a0 La m\u00fasica para piano de joan maria thom\u00c1\u00a0s (1896-1966) <\/li>\n<li><strong>Autor:<\/strong>\u00a0 Bartomeu Jaume Bauz\u00c1\u00a0 <\/li>\n<li><strong>Universidad:<\/strong>\u00a0 Universitat de val\u00e9ncia (estudi general)<\/li>\n<li><strong>Fecha de lectura de la tesis:<\/strong>\u00a0 14\/12\/2005<\/li>\n<\/ul>\n<p>&nbsp;<\/p>\n<h3>Direcci\u00f3n y tribunal<\/h3>\n<ul>\n<li><strong>Director de la tesis<\/strong>\n<ul>\n<li>Rom\u00c1\u00a0 De La Calle De La Calle<\/li>\n<\/ul>\n<\/li>\n<li><strong>Tribunal<\/strong>\n<ul>\n<li>Presidente del tribunal: joaqu\u00edn Arnau amo <\/li>\n<li>ramon Almaz\u00e1n  hern\u00e1ndez (vocal)<\/li>\n<li>felipe Garin llombart (vocal)<\/li>\n<li>berta Gil alonso (vocal)<\/li>\n<\/ul>\n<\/li>\n<\/ul>\n<p>&nbsp;<\/p>\n","protected":false},"excerpt":{"rendered":"<p>Tesis doctoral de Bartomeu Jaume Bauz\u00c1\u00a0 La tesis se ocupa del estudio de la obra pian\u00edstica del compositor mallorqu\u00edn joan [&hellip;]<\/p>\n","protected":false},"author":1,"featured_media":0,"comment_status":"open","ping_status":"open","sticky":false,"template":"","format":"standard","meta":{"site-sidebar-layout":"default","site-content-layout":"","ast-site-content-layout":"","site-content-style":"default","site-sidebar-style":"default","ast-global-header-display":"","ast-banner-title-visibility":"","ast-main-header-display":"","ast-hfb-above-header-display":"","ast-hfb-below-header-display":"","ast-hfb-mobile-header-display":"","site-post-title":"","ast-breadcrumbs-content":"","ast-featured-img":"","footer-sml-layout":"","theme-transparent-header-meta":"","adv-header-id-meta":"","stick-header-meta":"","header-above-stick-meta":"","header-main-stick-meta":"","header-below-stick-meta":"","astra-migrate-meta-layouts":"default","ast-page-background-enabled":"default","ast-page-background-meta":{"desktop":{"background-color":"var(--ast-global-color-4)","background-image":"","background-repeat":"repeat","background-position":"center center","background-size":"auto","background-attachment":"scroll","background-type":"","background-media":"","overlay-type":"","overlay-color":"","overlay-gradient":""},"tablet":{"background-color":"","background-image":"","background-repeat":"repeat","background-position":"center center","background-size":"auto","background-attachment":"scroll","background-type":"","background-media":"","overlay-type":"","overlay-color":"","overlay-gradient":""},"mobile":{"background-color":"","background-image":"","background-repeat":"repeat","background-position":"center center","background-size":"auto","background-attachment":"scroll","background-type":"","background-media":"","overlay-type":"","overlay-color":"","overlay-gradient":""}},"ast-content-background-meta":{"desktop":{"background-color":"var(--ast-global-color-5)","background-image":"","background-repeat":"repeat","background-position":"center center","background-size":"auto","background-attachment":"scroll","background-type":"","background-media":"","overlay-type":"","overlay-color":"","overlay-gradient":""},"tablet":{"background-color":"var(--ast-global-color-5)","background-image":"","background-repeat":"repeat","background-position":"center center","background-size":"auto","background-attachment":"scroll","background-type":"","background-media":"","overlay-type":"","overlay-color":"","overlay-gradient":""},"mobile":{"background-color":"var(--ast-global-color-5)","background-image":"","background-repeat":"repeat","background-position":"center center","background-size":"auto","background-attachment":"scroll","background-type":"","background-media":"","overlay-type":"","overlay-color":"","overlay-gradient":""}},"footnotes":""},"categories":[960,147,10452,165,104,106,105,9132,1111],"tags":[167316,82506,16867,16942,42681,122356],"class_list":["post-77746","post","type-post","status-publish","format-standard","hentry","category-antropologia-filosofica","category-ciencias-de-las-artes-y-las-letras","category-estetica","category-filosofia","category-historia","category-historia-general","category-monografias-historicas","category-musica-y-musicologia","category-teoria-analisis-y-critica-de-las-bellas-artes","tag-bartomeu-jaume-bauza","tag-berta-gil-alonso","tag-felipe-garin-llombart","tag-joaquin-arnau-amo","tag-ramon-almazan-hernandez","tag-roma-de-la-calle-de-la-calle"],"_links":{"self":[{"href":"https:\/\/www.deberes.net\/tesis\/wp-json\/wp\/v2\/posts\/77746","targetHints":{"allow":["GET"]}}],"collection":[{"href":"https:\/\/www.deberes.net\/tesis\/wp-json\/wp\/v2\/posts"}],"about":[{"href":"https:\/\/www.deberes.net\/tesis\/wp-json\/wp\/v2\/types\/post"}],"author":[{"embeddable":true,"href":"https:\/\/www.deberes.net\/tesis\/wp-json\/wp\/v2\/users\/1"}],"replies":[{"embeddable":true,"href":"https:\/\/www.deberes.net\/tesis\/wp-json\/wp\/v2\/comments?post=77746"}],"version-history":[{"count":0,"href":"https:\/\/www.deberes.net\/tesis\/wp-json\/wp\/v2\/posts\/77746\/revisions"}],"wp:attachment":[{"href":"https:\/\/www.deberes.net\/tesis\/wp-json\/wp\/v2\/media?parent=77746"}],"wp:term":[{"taxonomy":"category","embeddable":true,"href":"https:\/\/www.deberes.net\/tesis\/wp-json\/wp\/v2\/categories?post=77746"},{"taxonomy":"post_tag","embeddable":true,"href":"https:\/\/www.deberes.net\/tesis\/wp-json\/wp\/v2\/tags?post=77746"}],"curies":[{"name":"wp","href":"https:\/\/api.w.org\/{rel}","templated":true}]}}