{"id":77754,"date":"2018-03-09T23:23:17","date_gmt":"2018-03-09T23:23:17","guid":{"rendered":"https:\/\/www.deberes.net\/tesis\/sin-categoria\/la-educacion-ambiental-en-el-curra%c2%adculo-de-la-ensenanza-secundaria-obligatoria\/"},"modified":"2018-03-09T23:23:17","modified_gmt":"2018-03-09T23:23:17","slug":"la-educacion-ambiental-en-el-curra%c2%adculo-de-la-ensenanza-secundaria-obligatoria","status":"publish","type":"post","link":"https:\/\/www.deberes.net\/tesis\/psicologia\/la-educacion-ambiental-en-el-curra%c2%adculo-de-la-ensenanza-secundaria-obligatoria\/","title":{"rendered":"La educaci\u00f3n ambiental en el curr\u00edculo de la ense\u00f1anza secundaria obligatoria"},"content":{"rendered":"<h2>Tesis doctoral de <strong>  Losada Otero M\u00aa Dolores <\/strong><\/h2>\n<p>La investigaci\u00f3n se centra en el estudio del comportamiento de escolares y profesores de eso, en relaci\u00f3n con el medio. Se analizan sus actitudes proambientales, preocupaci\u00f3n ambiental y competencia en la acci\u00f3n ambiental, con el objetivo de explorar un nuevo modelo explicativo de la relaci\u00f3n actitud-conducta, integrando la competencia en la acci\u00f3n junto a la teor\u00eda de la conducta planificada de ajzen.<\/p>\n<p>&nbsp;<\/p>\n<h3>Datos acad\u00e9micos de la tesis doctoral \u00ab<strong>La educaci\u00f3n ambiental en el curr\u00edculo de la ense\u00f1anza secundaria obligatoria<\/strong>\u00ab<\/h3>\n<ul>\n<li><strong>T\u00edtulo de la tesis:<\/strong>\u00a0 La educaci\u00f3n ambiental en el curr\u00edculo de la ense\u00f1anza secundaria obligatoria <\/li>\n<li><strong>Autor:<\/strong>\u00a0  Losada Otero M\u00aa Dolores <\/li>\n<li><strong>Universidad:<\/strong>\u00a0 A coru\u00f1a<\/li>\n<li><strong>Fecha de lectura de la tesis:<\/strong>\u00a0 14\/12\/2005<\/li>\n<\/ul>\n<p>&nbsp;<\/p>\n<h3>Direcci\u00f3n y tribunal<\/h3>\n<ul>\n<li><strong>Director de la tesis<\/strong>\n<ul>\n<li>Ricardo Garc\u00eda  Mira<\/li>\n<\/ul>\n<\/li>\n<li><strong>Tribunal<\/strong>\n<ul>\n<li>Presidente del tribunal: jose Romay Martinez <\/li>\n<li>bernardo Hernandez ruiz (vocal)<\/li>\n<li>Miguel angel Simon lopez (vocal)<\/li>\n<li>Jorge Sobral fern\u00e1ndez (vocal)<\/li>\n<\/ul>\n<\/li>\n<\/ul>\n<p>&nbsp;<\/p>\n","protected":false},"excerpt":{"rendered":"<p>Tesis doctoral de Losada Otero M\u00aa Dolores La investigaci\u00f3n se centra en el estudio del comportamiento de escolares y profesores [&hellip;]<\/p>\n","protected":false},"author":1,"featured_media":0,"comment_status":"open","ping_status":"open","sticky":false,"template":"","format":"standard","meta":{"site-sidebar-layout":"default","site-content-layout":"","ast-site-content-layout":"","site-content-style":"default","site-sidebar-style":"default","ast-global-header-display":"","ast-banner-title-visibility":"","ast-main-header-display":"","ast-hfb-above-header-display":"","ast-hfb-below-header-display":"","ast-hfb-mobile-header-display":"","site-post-title":"","ast-breadcrumbs-content":"","ast-featured-img":"","footer-sml-layout":"","theme-transparent-header-meta":"","adv-header-id-meta":"","stick-header-meta":"","header-above-stick-meta":"","header-main-stick-meta":"","header-below-stick-meta":"","astra-migrate-meta-layouts":"default","ast-page-background-enabled":"default","ast-page-background-meta":{"desktop":{"background-color":"var(--ast-global-color-4)","background-image":"","background-repeat":"repeat","background-position":"center center","background-size":"auto","background-attachment":"scroll","background-type":"","background-media":"","overlay-type":"","overlay-color":"","overlay-gradient":""},"tablet":{"background-color":"","background-image":"","background-repeat":"repeat","background-position":"center center","background-size":"auto","background-attachment":"scroll","background-type":"","background-media":"","overlay-type":"","overlay-color":"","overlay-gradient":""},"mobile":{"background-color":"","background-image":"","background-repeat":"repeat","background-position":"center center","background-size":"auto","background-attachment":"scroll","background-type":"","background-media":"","overlay-type":"","overlay-color":"","overlay-gradient":""}},"ast-content-background-meta":{"desktop":{"background-color":"var(--ast-global-color-5)","background-image":"","background-repeat":"repeat","background-position":"center center","background-size":"auto","background-attachment":"scroll","background-type":"","background-media":"","overlay-type":"","overlay-color":"","overlay-gradient":""},"tablet":{"background-color":"var(--ast-global-color-5)","background-image":"","background-repeat":"repeat","background-position":"center center","background-size":"auto","background-attachment":"scroll","background-type":"","background-media":"","overlay-type":"","overlay-color":"","overlay-gradient":""},"mobile":{"background-color":"var(--ast-global-color-5)","background-image":"","background-repeat":"repeat","background-position":"center center","background-size":"auto","background-attachment":"scroll","background-type":"","background-media":"","overlay-type":"","overlay-color":"","overlay-gradient":""}},"footnotes":""},"categories":[18576,7757,3289,324,970,996],"tags":[24663,2526,21294,167329,14936,21293],"class_list":["post-77754","post","type-post","status-publish","format-standard","hentry","category-a-coruna","category-actitudes-sociales","category-deficiencia-mental-del-nino-y-del-adolescente","category-psicologia","category-psicologia-del-nino-y-del-adolescente","category-psicologia-social","tag-bernardo-hernandez-ruiz","tag-jorge-sobral-fernandez","tag-jose-romay-Martinez","tag-losada-otero-ma-dolores","tag-miguel-angel-simon-lopez","tag-ricardo-garcia-mira"],"_links":{"self":[{"href":"https:\/\/www.deberes.net\/tesis\/wp-json\/wp\/v2\/posts\/77754","targetHints":{"allow":["GET"]}}],"collection":[{"href":"https:\/\/www.deberes.net\/tesis\/wp-json\/wp\/v2\/posts"}],"about":[{"href":"https:\/\/www.deberes.net\/tesis\/wp-json\/wp\/v2\/types\/post"}],"author":[{"embeddable":true,"href":"https:\/\/www.deberes.net\/tesis\/wp-json\/wp\/v2\/users\/1"}],"replies":[{"embeddable":true,"href":"https:\/\/www.deberes.net\/tesis\/wp-json\/wp\/v2\/comments?post=77754"}],"version-history":[{"count":0,"href":"https:\/\/www.deberes.net\/tesis\/wp-json\/wp\/v2\/posts\/77754\/revisions"}],"wp:attachment":[{"href":"https:\/\/www.deberes.net\/tesis\/wp-json\/wp\/v2\/media?parent=77754"}],"wp:term":[{"taxonomy":"category","embeddable":true,"href":"https:\/\/www.deberes.net\/tesis\/wp-json\/wp\/v2\/categories?post=77754"},{"taxonomy":"post_tag","embeddable":true,"href":"https:\/\/www.deberes.net\/tesis\/wp-json\/wp\/v2\/tags?post=77754"}],"curies":[{"name":"wp","href":"https:\/\/api.w.org\/{rel}","templated":true}]}}