{"id":77770,"date":"2018-03-09T23:23:21","date_gmt":"2018-03-09T23:23:21","guid":{"rendered":"https:\/\/www.deberes.net\/tesis\/sin-categoria\/el-govern-de-la-generalitat-valenciana-1983-1995\/"},"modified":"2018-03-09T23:23:21","modified_gmt":"2018-03-09T23:23:21","slug":"el-govern-de-la-generalitat-valenciana-1983-1995","status":"publish","type":"post","link":"https:\/\/www.deberes.net\/tesis\/barcelona\/el-govern-de-la-generalitat-valenciana-1983-1995\/","title":{"rendered":"El govern de la generalitat Valenciana, 1983-1995"},"content":{"rendered":"<h2>Tesis doctoral de <strong> Jordi Calvet Crespo <\/strong><\/h2>\n<p>La tesis tiene por objeto el gobierno de la generalitat Valenciana en el per\u00edodo 1983-1995, del cual se analiza la estructura, el funcionamiento y la composici\u00f3n. La tesis se basa en la hip\u00f3tesis seg\u00fan la cual la formaci\u00f3n de una elite de gobierno constituye un factor b\u00e1sico para la consolidaci\u00f3n de una instituci\u00f3n nueva.     el trabajo se divide en tres cap\u00edtulos.  el primero se dedica al marco te\u00f3rico, el institucionalismo, concretamente ala corriente normativa, seg\u00fan la cual la actividad pol\u00edtica depende de las normas y valores estructurales. En los a\u00f1os de construcci\u00f3n y materializaci\u00f3n de la generalitat Valenciana, se defienden las normas de una nueva comunidad pol\u00edtica regional, la comunidad Valenciana, las cuales condicionar\u00e1n la toma de decisiones, las pol\u00edticas aplicables y la legitimidad ciudadana.     el segundo cap\u00edtulo se dedica a la estructura del gobierno, por un lado, y a la actividad de direcci\u00f3n pol\u00edtica, por otro. Respecto al primer elemento, se comentan las normas que regulan la composici\u00f3n del consell y de las unidades pol\u00edticas de la administraci\u00f3n, as\u00ed como su aplicaci\u00f3n. Respecto al segundo elemento, se dedica mayor atenci\u00f3n a la participaci\u00f3n en la potestad legislativa de las cortes Valencianas.     el tercer cap\u00edtulo versa sobre la composici\u00f3n del gobierno. Basado en entrevistas personales del 94% de la poblaci\u00f3n de estudio, analiza las caracter\u00edsticas sociol\u00f3gicas, pol\u00edticas y actitudinales de los consejeros, subsecretarios y secretarios generales de los departamentos. Por lo que respecta a la posici\u00f3n social, los gobernantes presentan una dosis del Valencianidad elevada y comparten un estatus similar, por estudios y profesi\u00f3n. Sin embargo, el origen social presenta una cierta variedad, por lo que respecta a la filiaci\u00f3n, empiezan la actividad pol\u00edtica en los a\u00f1os de estudios universitarios e ingresan en el pspv-psoe en los inicios de la refundaci\u00f3n del partido, entre 1978 y 1982. Forman part<\/p>\n<p>&nbsp;<\/p>\n<h3>Datos acad\u00e9micos de la tesis doctoral \u00ab<strong>El govern de la generalitat Valenciana, 1983-1995<\/strong>\u00ab<\/h3>\n<ul>\n<li><strong>T\u00edtulo de la tesis:<\/strong>\u00a0 El govern de la generalitat Valenciana, 1983-1995 <\/li>\n<li><strong>Autor:<\/strong>\u00a0 Jordi Calvet Crespo <\/li>\n<li><strong>Universidad:<\/strong>\u00a0 Barcelona<\/li>\n<li><strong>Fecha de lectura de la tesis:<\/strong>\u00a0 15\/12\/2005<\/li>\n<\/ul>\n<p>&nbsp;<\/p>\n<h3>Direcci\u00f3n y tribunal<\/h3>\n<ul>\n<li><strong>Director de la tesis<\/strong>\n<ul>\n<li>Jordi Capo Giol<\/li>\n<\/ul>\n<\/li>\n<li><strong>Tribunal<\/strong>\n<ul>\n<li>Presidente del tribunal: pere Vilanova trias <\/li>\n<li>guillermo M\u00e1ruqez cruz (vocal)<\/li>\n<li>Luis Aguilo lucia (vocal)<\/li>\n<li> Mesa del olmo adela (vocal)<\/li>\n<\/ul>\n<\/li>\n<\/ul>\n<p>&nbsp;<\/p>\n","protected":false},"excerpt":{"rendered":"<p>Tesis doctoral de Jordi Calvet Crespo La tesis tiene por objeto el gobierno de la generalitat Valenciana en el per\u00edodo [&hellip;]<\/p>\n","protected":false},"author":1,"featured_media":0,"comment_status":"open","ping_status":"open","sticky":false,"template":"","format":"standard","meta":{"site-sidebar-layout":"default","site-content-layout":"","ast-site-content-layout":"","site-content-style":"default","site-sidebar-style":"default","ast-global-header-display":"","ast-banner-title-visibility":"","ast-main-header-display":"","ast-hfb-above-header-display":"","ast-hfb-below-header-display":"","ast-hfb-mobile-header-display":"","site-post-title":"","ast-breadcrumbs-content":"","ast-featured-img":"","footer-sml-layout":"","theme-transparent-header-meta":"","adv-header-id-meta":"","stick-header-meta":"","header-above-stick-meta":"","header-main-stick-meta":"","header-below-stick-meta":"","astra-migrate-meta-layouts":"default","ast-page-background-enabled":"default","ast-page-background-meta":{"desktop":{"background-color":"var(--ast-global-color-4)","background-image":"","background-repeat":"repeat","background-position":"center center","background-size":"auto","background-attachment":"scroll","background-type":"","background-media":"","overlay-type":"","overlay-color":"","overlay-gradient":""},"tablet":{"background-color":"","background-image":"","background-repeat":"repeat","background-position":"center center","background-size":"auto","background-attachment":"scroll","background-type":"","background-media":"","overlay-type":"","overlay-color":"","overlay-gradient":""},"mobile":{"background-color":"","background-image":"","background-repeat":"repeat","background-position":"center center","background-size":"auto","background-attachment":"scroll","background-type":"","background-media":"","overlay-type":"","overlay-color":"","overlay-gradient":""}},"ast-content-background-meta":{"desktop":{"background-color":"var(--ast-global-color-5)","background-image":"","background-repeat":"repeat","background-position":"center center","background-size":"auto","background-attachment":"scroll","background-type":"","background-media":"","overlay-type":"","overlay-color":"","overlay-gradient":""},"tablet":{"background-color":"var(--ast-global-color-5)","background-image":"","background-repeat":"repeat","background-position":"center center","background-size":"auto","background-attachment":"scroll","background-type":"","background-media":"","overlay-type":"","overlay-color":"","overlay-gradient":""},"mobile":{"background-color":"var(--ast-global-color-5)","background-image":"","background-repeat":"repeat","background-position":"center center","background-size":"auto","background-attachment":"scroll","background-type":"","background-media":"","overlay-type":"","overlay-color":"","overlay-gradient":""}},"footnotes":""},"categories":[951,6324,96740,48457],"tags":[167361,167360,6413,95260,95753,29450],"class_list":["post-77770","post","type-post","status-publish","format-standard","hentry","category-barcelona","category-instituciones-regionales","category-liderazgo-politico","category-poder-ejecutivo","tag-guillermo-maruqez-cruz","tag-jordi-calvet-crespo","tag-jordi-capo-giol","tag-luis-aguilo-lucia","tag-mesa-del-olmo-adela","tag-pere-vilanova-trias"],"_links":{"self":[{"href":"https:\/\/www.deberes.net\/tesis\/wp-json\/wp\/v2\/posts\/77770","targetHints":{"allow":["GET"]}}],"collection":[{"href":"https:\/\/www.deberes.net\/tesis\/wp-json\/wp\/v2\/posts"}],"about":[{"href":"https:\/\/www.deberes.net\/tesis\/wp-json\/wp\/v2\/types\/post"}],"author":[{"embeddable":true,"href":"https:\/\/www.deberes.net\/tesis\/wp-json\/wp\/v2\/users\/1"}],"replies":[{"embeddable":true,"href":"https:\/\/www.deberes.net\/tesis\/wp-json\/wp\/v2\/comments?post=77770"}],"version-history":[{"count":0,"href":"https:\/\/www.deberes.net\/tesis\/wp-json\/wp\/v2\/posts\/77770\/revisions"}],"wp:attachment":[{"href":"https:\/\/www.deberes.net\/tesis\/wp-json\/wp\/v2\/media?parent=77770"}],"wp:term":[{"taxonomy":"category","embeddable":true,"href":"https:\/\/www.deberes.net\/tesis\/wp-json\/wp\/v2\/categories?post=77770"},{"taxonomy":"post_tag","embeddable":true,"href":"https:\/\/www.deberes.net\/tesis\/wp-json\/wp\/v2\/tags?post=77770"}],"curies":[{"name":"wp","href":"https:\/\/api.w.org\/{rel}","templated":true}]}}