{"id":77788,"date":"2018-03-09T23:23:21","date_gmt":"2018-03-09T23:23:21","guid":{"rendered":"https:\/\/www.deberes.net\/tesis\/sin-categoria\/estudio-fotogrametrico-de-la-imagen-plantar-aportaciones-de-la-podoscopia-digital\/"},"modified":"2018-03-09T23:23:21","modified_gmt":"2018-03-09T23:23:21","slug":"estudio-fotogrametrico-de-la-imagen-plantar-aportaciones-de-la-podoscopia-digital","status":"publish","type":"post","link":"https:\/\/www.deberes.net\/tesis\/sin-categoria\/estudio-fotogrametrico-de-la-imagen-plantar-aportaciones-de-la-podoscopia-digital\/","title":{"rendered":"Estudio fotogram\u00e9trico de la imagen plantar. aportaciones de la podoscopia digital"},"content":{"rendered":"<h2>Tesis doctoral de <strong> \u00e1lvaro L\u00f3pez Rodr\u00edguez <\/strong><\/h2>\n<p>El presente trabajo se basa en el estudio fotogram\u00e9trico de la imagen plantar en carga, sobre fotograf\u00eda en soporte digital.     la regi\u00f3n de mayor carga del peso corporal sobre la huella plantar, representada por la superficie dela planta que aparece m\u00e1s l\u00edvida, no siempre se corresponde con la propia huella. En estos casos la correspondencia entre la podoscopia y el fotopodograma no es exacta.     en el presente trabajo se estudia la correspondencia de una y otra.     para ello se dise\u00f1a un equipo de captura de imagen podosc\u00f3pica, as\u00ed como el software de medida necesario. Se valida el mencionado software y con \u00e9l, se establece la correlaci\u00f3n de medidas entre esta imagen y la obtenida  mediante fotopodograma.     con este equipo se determinan \u00edndices que relacionan la regi\u00f3n isqu\u00e9mica de la huella o, regi\u00f3n donde se produce el mayor apoyo del peso corporal y la propia huella, siendo \u00edndices de homogeneidad de la carga sobre la planta.     adem\u00e1s se obtienen \u00edndices que relacionan la superficie total de la regi\u00f3n plantar con la regi\u00f3n isqu\u00e9mica de ella o de m\u00e1ximo apoyo del peso corporal.<\/p>\n<p>&nbsp;<\/p>\n<h3>Datos acad\u00e9micos de la tesis doctoral \u00ab<strong>Estudio fotogram\u00e9trico de la imagen plantar. aportaciones de la podoscopia digital<\/strong>\u00ab<\/h3>\n<ul>\n<li><strong>T\u00edtulo de la tesis:<\/strong>\u00a0 Estudio fotogram\u00e9trico de la imagen plantar. aportaciones de la podoscopia digital <\/li>\n<li><strong>Autor:<\/strong>\u00a0 \u00e1lvaro L\u00f3pez Rodr\u00edguez <\/li>\n<li><strong>Universidad:<\/strong>\u00a0 Complutense de Madrid<\/li>\n<li><strong>Fecha de lectura de la tesis:<\/strong>\u00a0 15\/12\/2005<\/li>\n<\/ul>\n<p>&nbsp;<\/p>\n<h3>Direcci\u00f3n y tribunal<\/h3>\n<ul>\n<li><strong>Director de la tesis<\/strong>\n<ul>\n<li>Luis Pablo Rodriguez Rodriguez<\/li>\n<\/ul>\n<\/li>\n<li><strong>Tribunal<\/strong>\n<ul>\n<li>Presidente del tribunal: julio cesar Legido arce <\/li>\n<li>Juan Rodr\u00edguez l\u00f3pez (vocal)<\/li>\n<li>conrad Vilanou torrado (vocal)<\/li>\n<li> Fuente gonz\u00e1lez Manuel de la (vocal)<\/li>\n<\/ul>\n<\/li>\n<\/ul>\n<p>&nbsp;<\/p>\n","protected":false},"excerpt":{"rendered":"<p>Tesis doctoral de \u00e1lvaro L\u00f3pez Rodr\u00edguez El presente trabajo se basa en el estudio fotogram\u00e9trico de la imagen plantar en [&hellip;]<\/p>\n","protected":false},"author":1,"featured_media":0,"comment_status":"open","ping_status":"open","sticky":false,"template":"","format":"standard","meta":{"site-sidebar-layout":"default","site-content-layout":"","ast-site-content-layout":"","site-content-style":"default","site-sidebar-style":"default","ast-global-header-display":"","ast-banner-title-visibility":"","ast-main-header-display":"","ast-hfb-above-header-display":"","ast-hfb-below-header-display":"","ast-hfb-mobile-header-display":"","site-post-title":"","ast-breadcrumbs-content":"","ast-featured-img":"","footer-sml-layout":"","theme-transparent-header-meta":"","adv-header-id-meta":"","stick-header-meta":"","header-above-stick-meta":"","header-main-stick-meta":"","header-below-stick-meta":"","astra-migrate-meta-layouts":"default","ast-page-background-enabled":"default","ast-page-background-meta":{"desktop":{"background-color":"var(--ast-global-color-4)","background-image":"","background-repeat":"repeat","background-position":"center center","background-size":"auto","background-attachment":"scroll","background-type":"","background-media":"","overlay-type":"","overlay-color":"","overlay-gradient":""},"tablet":{"background-color":"","background-image":"","background-repeat":"repeat","background-position":"center center","background-size":"auto","background-attachment":"scroll","background-type":"","background-media":"","overlay-type":"","overlay-color":"","overlay-gradient":""},"mobile":{"background-color":"","background-image":"","background-repeat":"repeat","background-position":"center center","background-size":"auto","background-attachment":"scroll","background-type":"","background-media":"","overlay-type":"","overlay-color":"","overlay-gradient":""}},"ast-content-background-meta":{"desktop":{"background-color":"var(--ast-global-color-5)","background-image":"","background-repeat":"repeat","background-position":"center center","background-size":"auto","background-attachment":"scroll","background-type":"","background-media":"","overlay-type":"","overlay-color":"","overlay-gradient":""},"tablet":{"background-color":"var(--ast-global-color-5)","background-image":"","background-repeat":"repeat","background-position":"center center","background-size":"auto","background-attachment":"scroll","background-type":"","background-media":"","overlay-type":"","overlay-color":"","overlay-gradient":""},"mobile":{"background-color":"var(--ast-global-color-5)","background-image":"","background-repeat":"repeat","background-position":"center center","background-size":"auto","background-attachment":"scroll","background-type":"","background-media":"","overlay-type":"","overlay-color":"","overlay-gradient":""}},"footnotes":""},"categories":[1],"tags":[167397,19817,109015,63540,13108,5782],"class_list":["post-77788","post","type-post","status-publish","format-standard","hentry","category-sin-categoria","tag-alvaro-lopez-rodriguez","tag-conrad-vilanou-torrado","tag-fuente-gonzalez-manuel-de-la","tag-juan-rodriguez-lopez","tag-julio-cesar-legido-arce","tag-luis-pablo-rodriguez-rodriguez"],"_links":{"self":[{"href":"https:\/\/www.deberes.net\/tesis\/wp-json\/wp\/v2\/posts\/77788","targetHints":{"allow":["GET"]}}],"collection":[{"href":"https:\/\/www.deberes.net\/tesis\/wp-json\/wp\/v2\/posts"}],"about":[{"href":"https:\/\/www.deberes.net\/tesis\/wp-json\/wp\/v2\/types\/post"}],"author":[{"embeddable":true,"href":"https:\/\/www.deberes.net\/tesis\/wp-json\/wp\/v2\/users\/1"}],"replies":[{"embeddable":true,"href":"https:\/\/www.deberes.net\/tesis\/wp-json\/wp\/v2\/comments?post=77788"}],"version-history":[{"count":0,"href":"https:\/\/www.deberes.net\/tesis\/wp-json\/wp\/v2\/posts\/77788\/revisions"}],"wp:attachment":[{"href":"https:\/\/www.deberes.net\/tesis\/wp-json\/wp\/v2\/media?parent=77788"}],"wp:term":[{"taxonomy":"category","embeddable":true,"href":"https:\/\/www.deberes.net\/tesis\/wp-json\/wp\/v2\/categories?post=77788"},{"taxonomy":"post_tag","embeddable":true,"href":"https:\/\/www.deberes.net\/tesis\/wp-json\/wp\/v2\/tags?post=77788"}],"curies":[{"name":"wp","href":"https:\/\/api.w.org\/{rel}","templated":true}]}}