{"id":77837,"date":"2018-03-09T23:23:25","date_gmt":"2018-03-09T23:23:25","guid":{"rendered":"https:\/\/www.deberes.net\/tesis\/sin-categoria\/polimorfismos-de-dna-mitocondrial-en-poblaciones-antiguas-de-la-cuenca-mediterranea\/"},"modified":"2018-03-09T23:23:25","modified_gmt":"2018-03-09T23:23:25","slug":"polimorfismos-de-dna-mitocondrial-en-poblaciones-antiguas-de-la-cuenca-mediterranea","status":"publish","type":"post","link":"https:\/\/www.deberes.net\/tesis\/ciencias-de-la-vida\/polimorfismos-de-dna-mitocondrial-en-poblaciones-antiguas-de-la-cuenca-mediterranea\/","title":{"rendered":"Polimorfismos de dna mitocondrial en poblaciones antiguas de la cuenca mediterr\u00e1nea."},"content":{"rendered":"<h2>Tesis doctoral de <strong> Eva Fern\u00e1ndez Dom\u00ednguez <\/strong><\/h2>\n<p>Los or\u00edgenes de la diversidad gen\u00e9tica europea ha sido una cuesti\u00f3n controvertida, abordando desde diversas disciplinas. Se bajaran dos momentos de procedencia de esta diversidad: el ned\u00edtico y el paleol\u00edtico. Se estudiaron muestras de yacimientos neol\u00edticos de pr\u00e1ximo oriente y paleol\u00edticos, neoliticos y post-ned\u00edticos de la pen\u00ednsula ib\u00e9rica.  los resultados obtenidos muestran que desde el neol\u00edtico se ha producido un cambio en la constituci\u00f3n de las poblaciones de pr\u00f3ximo oriente y de la pen\u00ednsula.  los irnajes mitocondriales presentes actualmente en europa pudieron haber sido llevados por las poblaciones nerl\u00edticas en una ola d\u00e9mica de expansi\u00f3n.<\/p>\n<p>&nbsp;<\/p>\n<h3>Datos acad\u00e9micos de la tesis doctoral \u00ab<strong>Polimorfismos de dna mitocondrial en poblaciones antiguas de la cuenca mediterr\u00e1nea.<\/strong>\u00ab<\/h3>\n<ul>\n<li><strong>T\u00edtulo de la tesis:<\/strong>\u00a0 Polimorfismos de dna mitocondrial en poblaciones antiguas de la cuenca mediterr\u00e1nea. <\/li>\n<li><strong>Autor:<\/strong>\u00a0 Eva Fern\u00e1ndez Dom\u00ednguez <\/li>\n<li><strong>Universidad:<\/strong>\u00a0 Barcelona<\/li>\n<li><strong>Fecha de lectura de la tesis:<\/strong>\u00a0 16\/12\/2005<\/li>\n<\/ul>\n<p>&nbsp;<\/p>\n<h3>Direcci\u00f3n y tribunal<\/h3>\n<ul>\n<li><strong>Director de la tesis<\/strong>\n<ul>\n<li>Daniel Turbon Borrega<\/li>\n<\/ul>\n<\/li>\n<li><strong>Tribunal<\/strong>\n<ul>\n<li>Presidente del tribunal: angel Mar\u00eda Carracedo alvarez <\/li>\n<li> Lorente acosta Jos\u00e9 Antonio (vocal)<\/li>\n<li>miquel Molist monta\u00f1a (vocal)<\/li>\n<li>Antonio Salas ellacuriaga (vocal)<\/li>\n<\/ul>\n<\/li>\n<\/ul>\n<p>&nbsp;<\/p>\n","protected":false},"excerpt":{"rendered":"<p>Tesis doctoral de Eva Fern\u00e1ndez Dom\u00ednguez Los or\u00edgenes de la diversidad gen\u00e9tica europea ha sido una cuesti\u00f3n controvertida, abordando desde [&hellip;]<\/p>\n","protected":false},"author":1,"featured_media":0,"comment_status":"open","ping_status":"open","sticky":false,"template":"","format":"standard","meta":{"site-sidebar-layout":"default","site-content-layout":"","ast-site-content-layout":"","site-content-style":"default","site-sidebar-style":"default","ast-global-header-display":"","ast-banner-title-visibility":"","ast-main-header-display":"","ast-hfb-above-header-display":"","ast-hfb-below-header-display":"","ast-hfb-mobile-header-display":"","site-post-title":"","ast-breadcrumbs-content":"","ast-featured-img":"","footer-sml-layout":"","theme-transparent-header-meta":"","adv-header-id-meta":"","stick-header-meta":"","header-above-stick-meta":"","header-main-stick-meta":"","header-below-stick-meta":"","astra-migrate-meta-layouts":"default","ast-page-background-enabled":"default","ast-page-background-meta":{"desktop":{"background-color":"var(--ast-global-color-4)","background-image":"","background-repeat":"repeat","background-position":"center center","background-size":"auto","background-attachment":"scroll","background-type":"","background-media":"","overlay-type":"","overlay-color":"","overlay-gradient":""},"tablet":{"background-color":"","background-image":"","background-repeat":"repeat","background-position":"center center","background-size":"auto","background-attachment":"scroll","background-type":"","background-media":"","overlay-type":"","overlay-color":"","overlay-gradient":""},"mobile":{"background-color":"","background-image":"","background-repeat":"repeat","background-position":"center center","background-size":"auto","background-attachment":"scroll","background-type":"","background-media":"","overlay-type":"","overlay-color":"","overlay-gradient":""}},"ast-content-background-meta":{"desktop":{"background-color":"var(--ast-global-color-5)","background-image":"","background-repeat":"repeat","background-position":"center center","background-size":"auto","background-attachment":"scroll","background-type":"","background-media":"","overlay-type":"","overlay-color":"","overlay-gradient":""},"tablet":{"background-color":"var(--ast-global-color-5)","background-image":"","background-repeat":"repeat","background-position":"center center","background-size":"auto","background-attachment":"scroll","background-type":"","background-media":"","overlay-type":"","overlay-color":"","overlay-gradient":""},"mobile":{"background-color":"var(--ast-global-color-5)","background-image":"","background-repeat":"repeat","background-position":"center center","background-size":"auto","background-attachment":"scroll","background-type":"","background-media":"","overlay-type":"","overlay-color":"","overlay-gradient":""}},"footnotes":""},"categories":[922,951,35],"tags":[2945,60810,14242,167477,3940,80494],"class_list":["post-77837","post","type-post","status-publish","format-standard","hentry","category-antropologia-fisica","category-barcelona","category-ciencias-de-la-vida","tag-angel-maria-carracedo-alvarez","tag-antonio-salas-ellacuriaga","tag-daniel-turbon-borrega","tag-eva-fernandez-dominguez","tag-lorente-acosta-jose-antonio","tag-miquel-molist-montana"],"_links":{"self":[{"href":"https:\/\/www.deberes.net\/tesis\/wp-json\/wp\/v2\/posts\/77837","targetHints":{"allow":["GET"]}}],"collection":[{"href":"https:\/\/www.deberes.net\/tesis\/wp-json\/wp\/v2\/posts"}],"about":[{"href":"https:\/\/www.deberes.net\/tesis\/wp-json\/wp\/v2\/types\/post"}],"author":[{"embeddable":true,"href":"https:\/\/www.deberes.net\/tesis\/wp-json\/wp\/v2\/users\/1"}],"replies":[{"embeddable":true,"href":"https:\/\/www.deberes.net\/tesis\/wp-json\/wp\/v2\/comments?post=77837"}],"version-history":[{"count":0,"href":"https:\/\/www.deberes.net\/tesis\/wp-json\/wp\/v2\/posts\/77837\/revisions"}],"wp:attachment":[{"href":"https:\/\/www.deberes.net\/tesis\/wp-json\/wp\/v2\/media?parent=77837"}],"wp:term":[{"taxonomy":"category","embeddable":true,"href":"https:\/\/www.deberes.net\/tesis\/wp-json\/wp\/v2\/categories?post=77837"},{"taxonomy":"post_tag","embeddable":true,"href":"https:\/\/www.deberes.net\/tesis\/wp-json\/wp\/v2\/tags?post=77837"}],"curies":[{"name":"wp","href":"https:\/\/api.w.org\/{rel}","templated":true}]}}