{"id":77867,"date":"2018-03-09T23:23:25","date_gmt":"2018-03-09T23:23:25","guid":{"rendered":"https:\/\/www.deberes.net\/tesis\/sin-categoria\/el-problematico-concepto-de-acto-de-habla-y-su-aplicacion-a-los-repertorios-nocio-funcionales\/"},"modified":"2018-03-09T23:23:25","modified_gmt":"2018-03-09T23:23:25","slug":"el-problematico-concepto-de-acto-de-habla-y-su-aplicacion-a-los-repertorios-nocio-funcionales","status":"publish","type":"post","link":"https:\/\/www.deberes.net\/tesis\/linguistica\/el-problematico-concepto-de-acto-de-habla-y-su-aplicacion-a-los-repertorios-nocio-funcionales\/","title":{"rendered":"El problematico concepto de acto de habla y su aplicacion a los repertorios nocio-funcionales"},"content":{"rendered":"<h2>Tesis doctoral de <strong> Agustin Barrientos Clavero <\/strong><\/h2>\n<p>Esta investigaci\u00f3n analiza las relaciones entre la evoluci\u00f3n de la pragm\u00e1tica contempor\u00e1nea, desde austin hasta el presente, y la del tratamiento que recibe el contenido funcional en los documentos que rigen la ense\u00f1anza de lenguas extranjeras en el contexto europeo: los repertorios nocio-funcionales del consejo de europa. en la primera parte del trabajo se analizan los tres principales modelos de repertorio nocio-funcional: el primero que apareci\u00f3, threshold level de 1975, el \u00faltimo, threshold level 1990, y el repertorio del franc\u00e9s, niveau seuil, de 1976. Estos tres repertorios coinciden en sus objetivos pero difieren notablemente en cuanto a los caminos que cada uno sigue para seleccionar, organizar y presentar el contenido funcional. en la segunda parte se revisa la evoluci\u00f3n de la pragm\u00e1tica prestando especial atenci\u00f3n al concepto de acto de habla, a la cuesti\u00f3n taxon\u00f3mica y a las tres dimensiones de la comunicaci\u00f3n que se pueden distinguir en el propio desarrollo de la disciplina: la dimensi\u00f3n intencional, la social y la discursiva. en un an\u00e1lisis comparativo se demuestra la identidad de las dos unidades principales de an\u00e1lisis en los dos campos: el acto de habla y la funci\u00f3n comunicativa, as\u00ed como la falta de armon\u00eda en el desarrollo de ambas. El concepto de funci\u00f3n comunicativa actualmente vigente es un trasunto de la concepci\u00f3n estrecha de la unidad pragm\u00e1tica que aparece en las primeras versiones de la teor\u00eda de los actos de habla est\u00e1ndar. Como consecuencia, los repertorios nocio-funcionales se encuentran estancados en los a\u00f1os sesenta del pasado siglo. la causa de esta situaci\u00f3n es la propia indeterminaci\u00f3n del concepto de acto de habla, junto a la ausencia de una perspectiva global de la comunicaci\u00f3n. La soluci\u00f3n a estos problemas, que nacen en la teor\u00eda y se manifiestan en la pr\u00e1ctica, es la propuesta del autor para investigaciones futuras.<\/p>\n<p>&nbsp;<\/p>\n<h3>Datos acad\u00e9micos de la tesis doctoral \u00ab<strong>El problematico concepto de acto de habla y su aplicacion a los repertorios nocio-funcionales<\/strong>\u00ab<\/h3>\n<ul>\n<li><strong>T\u00edtulo de la tesis:<\/strong>\u00a0 El problematico concepto de acto de habla y su aplicacion a los repertorios nocio-funcionales <\/li>\n<li><strong>Autor:<\/strong>\u00a0 Agustin Barrientos Clavero <\/li>\n<li><strong>Universidad:<\/strong>\u00a0 Salamanca<\/li>\n<li><strong>Fecha de lectura de la tesis:<\/strong>\u00a0 16\/12\/2005<\/li>\n<\/ul>\n<p>&nbsp;<\/p>\n<h3>Direcci\u00f3n y tribunal<\/h3>\n<ul>\n<li><strong>Director de la tesis<\/strong>\n<ul>\n<li>Julio Borrego Nieto<\/li>\n<\/ul>\n<\/li>\n<li><strong>Tribunal<\/strong>\n<ul>\n<li>Presidente del tribunal: Jos\u00e9 manuel Gonz\u00e1lez calvo <\/li>\n<li>carmen Gal\u00e1n rodr\u00edguez (vocal)<\/li>\n<li>Juan  felipe Garc\u00eda santos (vocal)<\/li>\n<li>marina Maquieira rodriguez (vocal)<\/li>\n<\/ul>\n<\/li>\n<\/ul>\n<p>&nbsp;<\/p>\n","protected":false},"excerpt":{"rendered":"<p>Tesis doctoral de Agustin Barrientos Clavero Esta investigaci\u00f3n analiza las relaciones entre la evoluci\u00f3n de la pragm\u00e1tica contempor\u00e1nea, desde austin [&hellip;]<\/p>\n","protected":false},"author":1,"featured_media":0,"comment_status":"open","ping_status":"open","sticky":false,"template":"","format":"standard","meta":{"site-sidebar-layout":"default","site-content-layout":"","ast-site-content-layout":"","site-content-style":"default","site-sidebar-style":"default","ast-global-header-display":"","ast-banner-title-visibility":"","ast-main-header-display":"","ast-hfb-above-header-display":"","ast-hfb-below-header-display":"","ast-hfb-mobile-header-display":"","site-post-title":"","ast-breadcrumbs-content":"","ast-featured-img":"","footer-sml-layout":"","theme-transparent-header-meta":"","adv-header-id-meta":"","stick-header-meta":"","header-above-stick-meta":"","header-main-stick-meta":"","header-below-stick-meta":"","astra-migrate-meta-layouts":"default","ast-page-background-enabled":"default","ast-page-background-meta":{"desktop":{"background-color":"var(--ast-global-color-4)","background-image":"","background-repeat":"repeat","background-position":"center center","background-size":"auto","background-attachment":"scroll","background-type":"","background-media":"","overlay-type":"","overlay-color":"","overlay-gradient":""},"tablet":{"background-color":"","background-image":"","background-repeat":"repeat","background-position":"center center","background-size":"auto","background-attachment":"scroll","background-type":"","background-media":"","overlay-type":"","overlay-color":"","overlay-gradient":""},"mobile":{"background-color":"","background-image":"","background-repeat":"repeat","background-position":"center center","background-size":"auto","background-attachment":"scroll","background-type":"","background-media":"","overlay-type":"","overlay-color":"","overlay-gradient":""}},"ast-content-background-meta":{"desktop":{"background-color":"var(--ast-global-color-5)","background-image":"","background-repeat":"repeat","background-position":"center center","background-size":"auto","background-attachment":"scroll","background-type":"","background-media":"","overlay-type":"","overlay-color":"","overlay-gradient":""},"tablet":{"background-color":"var(--ast-global-color-5)","background-image":"","background-repeat":"repeat","background-position":"center center","background-size":"auto","background-attachment":"scroll","background-type":"","background-media":"","overlay-type":"","overlay-color":"","overlay-gradient":""},"mobile":{"background-color":"var(--ast-global-color-5)","background-image":"","background-repeat":"repeat","background-position":"center center","background-size":"auto","background-attachment":"scroll","background-type":"","background-media":"","overlay-type":"","overlay-color":"","overlay-gradient":""}},"footnotes":""},"categories":[1891,59,60,9386],"tags":[167532,66854,19503,21473,36496,22493],"class_list":["post-77867","post","type-post","status-publish","format-standard","hentry","category-ensenanza-de-lenguas","category-linguistica","category-linguistica-aplicada","category-salamanca","tag-agustin-barrientos-clavero","tag-carmen-galan-rodriguez","tag-jose-manuel-gonzalez-calvo","tag-juan-felipe-garcia-santos","tag-julio-borrego-nieto","tag-marina-maquieira-rodriguez"],"_links":{"self":[{"href":"https:\/\/www.deberes.net\/tesis\/wp-json\/wp\/v2\/posts\/77867","targetHints":{"allow":["GET"]}}],"collection":[{"href":"https:\/\/www.deberes.net\/tesis\/wp-json\/wp\/v2\/posts"}],"about":[{"href":"https:\/\/www.deberes.net\/tesis\/wp-json\/wp\/v2\/types\/post"}],"author":[{"embeddable":true,"href":"https:\/\/www.deberes.net\/tesis\/wp-json\/wp\/v2\/users\/1"}],"replies":[{"embeddable":true,"href":"https:\/\/www.deberes.net\/tesis\/wp-json\/wp\/v2\/comments?post=77867"}],"version-history":[{"count":0,"href":"https:\/\/www.deberes.net\/tesis\/wp-json\/wp\/v2\/posts\/77867\/revisions"}],"wp:attachment":[{"href":"https:\/\/www.deberes.net\/tesis\/wp-json\/wp\/v2\/media?parent=77867"}],"wp:term":[{"taxonomy":"category","embeddable":true,"href":"https:\/\/www.deberes.net\/tesis\/wp-json\/wp\/v2\/categories?post=77867"},{"taxonomy":"post_tag","embeddable":true,"href":"https:\/\/www.deberes.net\/tesis\/wp-json\/wp\/v2\/tags?post=77867"}],"curies":[{"name":"wp","href":"https:\/\/api.w.org\/{rel}","templated":true}]}}