{"id":77889,"date":"2018-03-09T23:23:29","date_gmt":"2018-03-09T23:23:29","guid":{"rendered":"https:\/\/www.deberes.net\/tesis\/sin-categoria\/climatologa%c2%ada-de-los-aerosoles-mediante-la-caracterizacion-de-propiedades-opticas-y-masas-de-aire-en-la-estacion-el-arenosillo-de-la-red-aeronet\/"},"modified":"2018-03-09T23:23:29","modified_gmt":"2018-03-09T23:23:29","slug":"climatologa%c2%ada-de-los-aerosoles-mediante-la-caracterizacion-de-propiedades-opticas-y-masas-de-aire-en-la-estacion-el-arenosillo-de-la-red-aeronet","status":"publish","type":"post","link":"https:\/\/www.deberes.net\/tesis\/ciencias-de-la-tierra-y-del-espacio\/climatologa%c2%ada-de-los-aerosoles-mediante-la-caracterizacion-de-propiedades-opticas-y-masas-de-aire-en-la-estacion-el-arenosillo-de-la-red-aeronet\/","title":{"rendered":"Climatolog\u00eda de los aerosoles mediante la caracterizaci\u00f3n de propiedades \u00f3pticas y masas de aire en la estaci\u00f3n \u00abel arenosillo\u00bb de la red aeronet"},"content":{"rendered":"<h2>Tesis doctoral de <strong> Carlos Toledano Olmeda <\/strong><\/h2>\n<p>El grupo de \u00f3ptica atmosf\u00e9rica de la universidad de valladolid realiza desde el a\u00f1o 2000 medidas rutinarias de aerosoles en la estaci\u00f3n de el arenosillo, huelva, propiedad del instituto nacional de t\u00e9cnica aeroespacial. las medidas se llevan a cabo con un fot\u00f3metro cimel integrado en la red mundial de seguimiento de aerosoles aeronet, gestionada por nasa y la universidad de lille. Esta serie de datos de aerosoles de m\u00e1s de 5 a\u00f1os es la base para la caracterizaci\u00f3n de las propiedades y clasificaci\u00f3n de los aerosoles en la zona de estudio. En este trabajo de tesis doctoral abordamos el an\u00e1lisis del espesor \u00f3ptico de aerosoles y el par\u00e1metro alga de angstr\u00ed\u00b6m, dos par\u00e1metros primarios y fundamentalmente para la caracterizaci\u00f3n de los aerosoles.  la primera parte de la investigaci\u00f3n realizada consiste en el an\u00e1lisis de la calidad de la serie de datos del fot\u00f3metro cimel en el arenosillo. se detectaron diversos problemas en los datos de espesor \u00f3ptico de aerosoles (aod), que se pueden resumir en la aparici\u00f3n e valores negativos y un ciclo diurno. El car\u00e1cter sistem\u00e1tico del ciclo diurno puso de manifiesto la existencia de errores en la calibraci\u00f3n, que han sido identificados y evaluados. el propio efecto del ciclo diurno contiene la informaci\u00f3n necesaria para poder corregir estos errores por la dependencia con la masa \u00f3ptica del error del aod. Esto ha sido aprovechado para desarrollar un m\u00e9todo de calibraci\u00f3n-correci\u00f3n para la serie de datos de espesor \u00f3ptico de aerosoles, el m\u00e9todo kcoclo.  en segundo lugar se ha desarrollado un trabajo de an\u00e1lisis exhaustivo de la serie de datos de espesor \u00f3ptico de aerosoles en la estaci\u00f3n de el arenosillo. este trabajo de an\u00e1lisis est\u00e1 orientado al establecimiento de una climatolog\u00eda local de los aerosoles. Se ha analizado la procedencia de las masas de aire en la estaci\u00f3n, lo que ha permitido establecer las propiedades \u00f3pticas de los aerosoles asociados a cada tipo de<\/p>\n<p>&nbsp;<\/p>\n<h3>Datos acad\u00e9micos de la tesis doctoral \u00ab<strong>Climatolog\u00eda de los aerosoles mediante la caracterizaci\u00f3n de propiedades \u00f3pticas y masas de aire en la estaci\u00f3n \u00abel arenosillo\u00bb de la red aeronet<\/strong>\u00ab<\/h3>\n<ul>\n<li><strong>T\u00edtulo de la tesis:<\/strong>\u00a0 Climatolog\u00eda de los aerosoles mediante la caracterizaci\u00f3n de propiedades \u00f3pticas y masas de aire en la estaci\u00f3n \u00abel arenosillo\u00bb de la red aeronet <\/li>\n<li><strong>Autor:<\/strong>\u00a0 Carlos Toledano Olmeda <\/li>\n<li><strong>Universidad:<\/strong>\u00a0 Valladolid<\/li>\n<li><strong>Fecha de lectura de la tesis:<\/strong>\u00a0 16\/12\/2005<\/li>\n<\/ul>\n<p>&nbsp;<\/p>\n<h3>Direcci\u00f3n y tribunal<\/h3>\n<ul>\n<li><strong>Director de la tesis<\/strong>\n<ul>\n<li>Victoria Eugenia Cachorro Revilla<\/li>\n<\/ul>\n<\/li>\n<li><strong>Tribunal<\/strong>\n<ul>\n<li>Presidente del tribunal: Santiago Mar sarda\u00f1a <\/li>\n<li>benito De la morena carretero (vocal)<\/li>\n<li>philippe Goloub (vocal)<\/li>\n<li>julia \u00e1ngela Bilbao santos (vocal)<\/li>\n<\/ul>\n<\/li>\n<\/ul>\n<p>&nbsp;<\/p>\n","protected":false},"excerpt":{"rendered":"<p>Tesis doctoral de Carlos Toledano Olmeda El grupo de \u00f3ptica atmosf\u00e9rica de la universidad de valladolid realiza desde el a\u00f1o [&hellip;]<\/p>\n","protected":false},"author":1,"featured_media":0,"comment_status":"open","ping_status":"open","sticky":false,"template":"","format":"standard","meta":{"site-sidebar-layout":"default","site-content-layout":"","ast-site-content-layout":"","site-content-style":"default","site-sidebar-style":"default","ast-global-header-display":"","ast-banner-title-visibility":"","ast-main-header-display":"","ast-hfb-above-header-display":"","ast-hfb-below-header-display":"","ast-hfb-mobile-header-display":"","site-post-title":"","ast-breadcrumbs-content":"","ast-featured-img":"","footer-sml-layout":"","theme-transparent-header-meta":"","adv-header-id-meta":"","stick-header-meta":"","header-above-stick-meta":"","header-main-stick-meta":"","header-below-stick-meta":"","astra-migrate-meta-layouts":"default","ast-page-background-enabled":"default","ast-page-background-meta":{"desktop":{"background-color":"var(--ast-global-color-4)","background-image":"","background-repeat":"repeat","background-position":"center center","background-size":"auto","background-attachment":"scroll","background-type":"","background-media":"","overlay-type":"","overlay-color":"","overlay-gradient":""},"tablet":{"background-color":"","background-image":"","background-repeat":"repeat","background-position":"center center","background-size":"auto","background-attachment":"scroll","background-type":"","background-media":"","overlay-type":"","overlay-color":"","overlay-gradient":""},"mobile":{"background-color":"","background-image":"","background-repeat":"repeat","background-position":"center center","background-size":"auto","background-attachment":"scroll","background-type":"","background-media":"","overlay-type":"","overlay-color":"","overlay-gradient":""}},"ast-content-background-meta":{"desktop":{"background-color":"var(--ast-global-color-5)","background-image":"","background-repeat":"repeat","background-position":"center center","background-size":"auto","background-attachment":"scroll","background-type":"","background-media":"","overlay-type":"","overlay-color":"","overlay-gradient":""},"tablet":{"background-color":"var(--ast-global-color-5)","background-image":"","background-repeat":"repeat","background-position":"center center","background-size":"auto","background-attachment":"scroll","background-type":"","background-media":"","overlay-type":"","overlay-color":"","overlay-gradient":""},"mobile":{"background-color":"var(--ast-global-color-5)","background-image":"","background-repeat":"repeat","background-position":"center center","background-size":"auto","background-attachment":"scroll","background-type":"","background-media":"","overlay-type":"","overlay-color":"","overlay-gradient":""}},"footnotes":""},"categories":[950,27,27612,12451],"tags":[43084,167580,44435,167581,10846,27616],"class_list":["post-77889","post","type-post","status-publish","format-standard","hentry","category-ciencias-de-la-atmosfera","category-ciencias-de-la-tierra-y-del-espacio","category-optica-atmosferica","category-valladolid","tag-benito-de-la-morena-carretero","tag-carlos-toledano-olmeda","tag-julia-angela-bilbao-santos","tag-philippe-goloub","tag-santiago-mar-sardana","tag-victoria-eugenia-cachorro-revilla"],"_links":{"self":[{"href":"https:\/\/www.deberes.net\/tesis\/wp-json\/wp\/v2\/posts\/77889","targetHints":{"allow":["GET"]}}],"collection":[{"href":"https:\/\/www.deberes.net\/tesis\/wp-json\/wp\/v2\/posts"}],"about":[{"href":"https:\/\/www.deberes.net\/tesis\/wp-json\/wp\/v2\/types\/post"}],"author":[{"embeddable":true,"href":"https:\/\/www.deberes.net\/tesis\/wp-json\/wp\/v2\/users\/1"}],"replies":[{"embeddable":true,"href":"https:\/\/www.deberes.net\/tesis\/wp-json\/wp\/v2\/comments?post=77889"}],"version-history":[{"count":0,"href":"https:\/\/www.deberes.net\/tesis\/wp-json\/wp\/v2\/posts\/77889\/revisions"}],"wp:attachment":[{"href":"https:\/\/www.deberes.net\/tesis\/wp-json\/wp\/v2\/media?parent=77889"}],"wp:term":[{"taxonomy":"category","embeddable":true,"href":"https:\/\/www.deberes.net\/tesis\/wp-json\/wp\/v2\/categories?post=77889"},{"taxonomy":"post_tag","embeddable":true,"href":"https:\/\/www.deberes.net\/tesis\/wp-json\/wp\/v2\/tags?post=77889"}],"curies":[{"name":"wp","href":"https:\/\/api.w.org\/{rel}","templated":true}]}}