{"id":77892,"date":"2018-03-09T23:23:29","date_gmt":"2018-03-09T23:23:29","guid":{"rendered":"https:\/\/www.deberes.net\/tesis\/sin-categoria\/estructura-variaciones-temporales-y-flujo-radiativo-en-las-nubes-de-saturno\/"},"modified":"2018-03-09T23:23:29","modified_gmt":"2018-03-09T23:23:29","slug":"estructura-variaciones-temporales-y-flujo-radiativo-en-las-nubes-de-saturno","status":"publish","type":"post","link":"https:\/\/www.deberes.net\/tesis\/interaccion-de-ondas-electromagneticas-con-la-materia\/estructura-variaciones-temporales-y-flujo-radiativo-en-las-nubes-de-saturno\/","title":{"rendered":"Estructura, variaciones temporales y flujo radiativo en las nubes de saturno"},"content":{"rendered":"<h2>Tesis doctoral de <strong> Santiago P\u00e9rez Hoyos <\/strong><\/h2>\n<p>En esta tesis se presenta un an\u00e1lisis de la estructura vertical de nubes, nieblas y aerosoles de la atm\u00f3sfera de saturno. Para ello se han empleado im\u00e1genes tomadas pro el telescopio espacial hubble entre los a\u00f1os 1994 y 2004.  las observaciones de la variaci\u00f3n de la reflectividad absoluta del planeta desde el ultravioleta al infrarrojo cercanos se han reproducido utilizando un c\u00f3digo de transporte radiativo que nos permite conocer la distribuci\u00f3n vertical de nieblas entre 1\u00c2\u00ba mbar y 2 bar de presi\u00f3n. el modelo permite explicar las diferencias latitudinales y temporales observadas, as\u00ed como la estructura vertical de elementos utilizados como trazadores de vientos en otros trabajos (tanto en la \u00e9poca voyager 1979-81 como en la hst 1996-2004), especialmente en la zona ecuatorial del planeta, donde se han detectado variaciones importantes de los vientos en altura y en el tiempo. El estudio se complementa con un an\u00e1lisis de la penetraci\u00f3n del flujo radiativo solar en la atm\u00f3sfera promedio y el c\u00e1lculo de las tasas de calentamiento producido en los diferentes niveles atmosf\u00e9ricos.<\/p>\n<p>&nbsp;<\/p>\n<h3>Datos acad\u00e9micos de la tesis doctoral \u00ab<strong>Estructura, variaciones temporales y flujo radiativo en las nubes de saturno<\/strong>\u00ab<\/h3>\n<ul>\n<li><strong>T\u00edtulo de la tesis:<\/strong>\u00a0 Estructura, variaciones temporales y flujo radiativo en las nubes de saturno <\/li>\n<li><strong>Autor:<\/strong>\u00a0 Santiago P\u00e9rez Hoyos <\/li>\n<li><strong>Universidad:<\/strong>\u00a0 Pa\u00eds vasco\/euskal herriko unibertsitatea<\/li>\n<li><strong>Fecha de lectura de la tesis:<\/strong>\u00a0 16\/12\/2005<\/li>\n<\/ul>\n<p>&nbsp;<\/p>\n<h3>Direcci\u00f3n y tribunal<\/h3>\n<ul>\n<li><strong>Director de la tesis<\/strong>\n<ul>\n<li>Santiago S\u00e1nchez Lavega<\/li>\n<\/ul>\n<\/li>\n<li><strong>Tribunal<\/strong>\n<ul>\n<li>Presidente del tribunal: manuel Tello le\u00f3n <\/li>\n<li>benjam\u00edn Montesinos comino (vocal)<\/li>\n<li>a. West robert (vocal)<\/li>\n<li>Jaime Zamorano calvo (vocal)<\/li>\n<\/ul>\n<\/li>\n<\/ul>\n<p>&nbsp;<\/p>\n","protected":false},"excerpt":{"rendered":"<p>Tesis doctoral de Santiago P\u00e9rez Hoyos En esta tesis se presenta un an\u00e1lisis de la estructura vertical de nubes, nieblas [&hellip;]<\/p>\n","protected":false},"author":1,"featured_media":0,"comment_status":"open","ping_status":"open","sticky":false,"template":"","format":"standard","meta":{"site-sidebar-layout":"default","site-content-layout":"","ast-site-content-layout":"","site-content-style":"default","site-sidebar-style":"default","ast-global-header-display":"","ast-banner-title-visibility":"","ast-main-header-display":"","ast-hfb-above-header-display":"","ast-hfb-below-header-display":"","ast-hfb-mobile-header-display":"","site-post-title":"","ast-breadcrumbs-content":"","ast-featured-img":"","footer-sml-layout":"","theme-transparent-header-meta":"","adv-header-id-meta":"","stick-header-meta":"","header-above-stick-meta":"","header-main-stick-meta":"","header-below-stick-meta":"","astra-migrate-meta-layouts":"default","ast-page-background-enabled":"default","ast-page-background-meta":{"desktop":{"background-color":"var(--ast-global-color-4)","background-image":"","background-repeat":"repeat","background-position":"center center","background-size":"auto","background-attachment":"scroll","background-type":"","background-media":"","overlay-type":"","overlay-color":"","overlay-gradient":""},"tablet":{"background-color":"","background-image":"","background-repeat":"repeat","background-position":"center center","background-size":"auto","background-attachment":"scroll","background-type":"","background-media":"","overlay-type":"","overlay-color":"","overlay-gradient":""},"mobile":{"background-color":"","background-image":"","background-repeat":"repeat","background-position":"center center","background-size":"auto","background-attachment":"scroll","background-type":"","background-media":"","overlay-type":"","overlay-color":"","overlay-gradient":""}},"ast-content-background-meta":{"desktop":{"background-color":"var(--ast-global-color-5)","background-image":"","background-repeat":"repeat","background-position":"center center","background-size":"auto","background-attachment":"scroll","background-type":"","background-media":"","overlay-type":"","overlay-color":"","overlay-gradient":""},"tablet":{"background-color":"var(--ast-global-color-5)","background-image":"","background-repeat":"repeat","background-position":"center center","background-size":"auto","background-attachment":"scroll","background-type":"","background-media":"","overlay-type":"","overlay-color":"","overlay-gradient":""},"mobile":{"background-color":"var(--ast-global-color-5)","background-image":"","background-repeat":"repeat","background-position":"center center","background-size":"auto","background-attachment":"scroll","background-type":"","background-media":"","overlay-type":"","overlay-color":"","overlay-gradient":""}},"footnotes":""},"categories":[3880,6118,3692,12909,110621],"tags":[4109,10265,15296,28789,33231,167586],"class_list":["post-77892","post","type-post","status-publish","format-standard","hentry","category-atmosfera-planetaria","category-difusion-atmosferica","category-interaccion-de-ondas-electromagneticas-con-la-materia","category-pais-vasco-euskal-herriko-unibertsitatea","category-planetas","tag-a-west-robert","tag-benjamin-montesinos-comino","tag-jaime-zamorano-calvo","tag-manuel-tello-leon","tag-santiago-perez-hoyos","tag-santiago-sanchez-lavega"],"_links":{"self":[{"href":"https:\/\/www.deberes.net\/tesis\/wp-json\/wp\/v2\/posts\/77892","targetHints":{"allow":["GET"]}}],"collection":[{"href":"https:\/\/www.deberes.net\/tesis\/wp-json\/wp\/v2\/posts"}],"about":[{"href":"https:\/\/www.deberes.net\/tesis\/wp-json\/wp\/v2\/types\/post"}],"author":[{"embeddable":true,"href":"https:\/\/www.deberes.net\/tesis\/wp-json\/wp\/v2\/users\/1"}],"replies":[{"embeddable":true,"href":"https:\/\/www.deberes.net\/tesis\/wp-json\/wp\/v2\/comments?post=77892"}],"version-history":[{"count":0,"href":"https:\/\/www.deberes.net\/tesis\/wp-json\/wp\/v2\/posts\/77892\/revisions"}],"wp:attachment":[{"href":"https:\/\/www.deberes.net\/tesis\/wp-json\/wp\/v2\/media?parent=77892"}],"wp:term":[{"taxonomy":"category","embeddable":true,"href":"https:\/\/www.deberes.net\/tesis\/wp-json\/wp\/v2\/categories?post=77892"},{"taxonomy":"post_tag","embeddable":true,"href":"https:\/\/www.deberes.net\/tesis\/wp-json\/wp\/v2\/tags?post=77892"}],"curies":[{"name":"wp","href":"https:\/\/api.w.org\/{rel}","templated":true}]}}