{"id":77941,"date":"2018-03-09T23:23:34","date_gmt":"2018-03-09T23:23:34","guid":{"rendered":"https:\/\/www.deberes.net\/tesis\/sin-categoria\/los-alimentos-funcionales-y-las-alegaciones-alimentarias\/"},"modified":"2018-03-09T23:23:34","modified_gmt":"2018-03-09T23:23:34","slug":"los-alimentos-funcionales-y-las-alegaciones-alimentarias","status":"publish","type":"post","link":"https:\/\/www.deberes.net\/tesis\/barcelona\/los-alimentos-funcionales-y-las-alegaciones-alimentarias\/","title":{"rendered":"Los alimentos funcionales y las alegaciones alimentarias."},"content":{"rendered":"<h2>Tesis doctoral de <strong> Silvia Ba\u00f1ares Vilella <\/strong><\/h2>\n<p>Los alimentos funcionales despiertan en la actualidad un gran inter\u00e9s cient\u00edfico: las nuevas propiedades de \u00e9stos, distintas a sus simples efectos nutritivos y que son consideradas como beneficiosas para la salud, est\u00e1n siendo objeto de unas interesantes l\u00edneas de investigaci\u00f3n tanto a nivel europeo como internacional.  a su vez, la industria alimentaria se ha hecho eco de estos nuevos avances. La incorporaci\u00f3n de estos productos al mercado, as\u00ed como la utilizaci\u00f3n de unas nuevas alegaciones alimentarias (tanto en su etiquetado, como en su presentaci\u00f3n o publicidad) es un fen\u00f3meno de auge creciente.  sin embargo, los consumidores asisten expectantes ante dicho desarrollo, or cuanto si bien resulta evidente el inter\u00e9s demostrado por \u00e9stos en dichas propiedades beneficiosas, lo cierto es que guardan cierta reserva ante el grado de constataci\u00f3n cient\u00edfica que supuestamente los respalda.  desgraciadamente, dicho desarrollo no guarda paralelismo en el \u00e1mbito legislativo; hasta la fecha no existen disposiciones espec\u00edficas que regulen estos productos, ni las nuevas alegaciones surgidas a ra\u00edz de su introducci\u00f3n. De igual modo, tampoco se han publicado en nuestro pa\u00eds estudios que, desde una \u00f3ptica jur\u00eddica, aborden de forma global y con rigor esta materia.  un estudio de estas caracter\u00edsticas permitir\u00e1 no s\u00f3lo dar respuesta a las cuestiones que hoy en d\u00eda se formulan, sino tambi\u00e9n analizar las futuras tendencias legislativas previstas por la uni\u00f3n europea en materia de alegaciones alimentarias.<\/p>\n<p>&nbsp;<\/p>\n<h3>Datos acad\u00e9micos de la tesis doctoral \u00ab<strong>Los alimentos funcionales y las alegaciones alimentarias.<\/strong>\u00ab<\/h3>\n<ul>\n<li><strong>T\u00edtulo de la tesis:<\/strong>\u00a0 Los alimentos funcionales y las alegaciones alimentarias. <\/li>\n<li><strong>Autor:<\/strong>\u00a0 Silvia Ba\u00f1ares Vilella <\/li>\n<li><strong>Universidad:<\/strong>\u00a0 Barcelona<\/li>\n<li><strong>Fecha de lectura de la tesis:<\/strong>\u00a0 16\/12\/2005<\/li>\n<\/ul>\n<p>&nbsp;<\/p>\n<h3>Direcci\u00f3n y tribunal<\/h3>\n<ul>\n<li><strong>Director de la tesis<\/strong>\n<ul>\n<li>Antonio Font  Ribas<\/li>\n<\/ul>\n<\/li>\n<li><strong>Tribunal<\/strong>\n<ul>\n<li>Presidente del tribunal: Mar\u00eda  teresa De gispert pastor <\/li>\n<li>abel Marine font (vocal)<\/li>\n<li>andreu Palou serra (vocal)<\/li>\n<li>amparo Del rio pascual (vocal)<\/li>\n<\/ul>\n<\/li>\n<\/ul>\n<p>&nbsp;<\/p>\n","protected":false},"excerpt":{"rendered":"<p>Tesis doctoral de Silvia Ba\u00f1ares Vilella Los alimentos funcionales despiertan en la actualidad un gran inter\u00e9s cient\u00edfico: las nuevas propiedades [&hellip;]<\/p>\n","protected":false},"author":1,"featured_media":0,"comment_status":"open","ping_status":"open","sticky":false,"template":"","format":"standard","meta":{"site-sidebar-layout":"default","site-content-layout":"","ast-site-content-layout":"","site-content-style":"default","site-sidebar-style":"default","ast-global-header-display":"","ast-banner-title-visibility":"","ast-main-header-display":"","ast-hfb-above-header-display":"","ast-hfb-below-header-display":"","ast-hfb-mobile-header-display":"","site-post-title":"","ast-breadcrumbs-content":"","ast-featured-img":"","footer-sml-layout":"","theme-transparent-header-meta":"","adv-header-id-meta":"","stick-header-meta":"","header-above-stick-meta":"","header-main-stick-meta":"","header-below-stick-meta":"","astra-migrate-meta-layouts":"default","ast-page-background-enabled":"default","ast-page-background-meta":{"desktop":{"background-color":"var(--ast-global-color-4)","background-image":"","background-repeat":"repeat","background-position":"center center","background-size":"auto","background-attachment":"scroll","background-type":"","background-media":"","overlay-type":"","overlay-color":"","overlay-gradient":""},"tablet":{"background-color":"","background-image":"","background-repeat":"repeat","background-position":"center center","background-size":"auto","background-attachment":"scroll","background-type":"","background-media":"","overlay-type":"","overlay-color":"","overlay-gradient":""},"mobile":{"background-color":"","background-image":"","background-repeat":"repeat","background-position":"center center","background-size":"auto","background-attachment":"scroll","background-type":"","background-media":"","overlay-type":"","overlay-color":"","overlay-gradient":""}},"ast-content-background-meta":{"desktop":{"background-color":"var(--ast-global-color-5)","background-image":"","background-repeat":"repeat","background-position":"center center","background-size":"auto","background-attachment":"scroll","background-type":"","background-media":"","overlay-type":"","overlay-color":"","overlay-gradient":""},"tablet":{"background-color":"var(--ast-global-color-5)","background-image":"","background-repeat":"repeat","background-position":"center center","background-size":"auto","background-attachment":"scroll","background-type":"","background-media":"","overlay-type":"","overlay-color":"","overlay-gradient":""},"mobile":{"background-color":"var(--ast-global-color-5)","background-image":"","background-repeat":"repeat","background-position":"center center","background-size":"auto","background-attachment":"scroll","background-type":"","background-media":"","overlay-type":"","overlay-color":"","overlay-gradient":""}},"footnotes":""},"categories":[951,2826],"tags":[9421,167680,167679,74572,71484,167678],"class_list":["post-77941","post","type-post","status-publish","format-standard","hentry","category-barcelona","category-derecho-mercantil","tag-abel-marine-font","tag-amparo-del-rio-pascual","tag-andreu-palou-serra","tag-antonio-font-ribas","tag-maria-teresa-de-gispert-pastor","tag-silvia-banares-vilella"],"_links":{"self":[{"href":"https:\/\/www.deberes.net\/tesis\/wp-json\/wp\/v2\/posts\/77941","targetHints":{"allow":["GET"]}}],"collection":[{"href":"https:\/\/www.deberes.net\/tesis\/wp-json\/wp\/v2\/posts"}],"about":[{"href":"https:\/\/www.deberes.net\/tesis\/wp-json\/wp\/v2\/types\/post"}],"author":[{"embeddable":true,"href":"https:\/\/www.deberes.net\/tesis\/wp-json\/wp\/v2\/users\/1"}],"replies":[{"embeddable":true,"href":"https:\/\/www.deberes.net\/tesis\/wp-json\/wp\/v2\/comments?post=77941"}],"version-history":[{"count":0,"href":"https:\/\/www.deberes.net\/tesis\/wp-json\/wp\/v2\/posts\/77941\/revisions"}],"wp:attachment":[{"href":"https:\/\/www.deberes.net\/tesis\/wp-json\/wp\/v2\/media?parent=77941"}],"wp:term":[{"taxonomy":"category","embeddable":true,"href":"https:\/\/www.deberes.net\/tesis\/wp-json\/wp\/v2\/categories?post=77941"},{"taxonomy":"post_tag","embeddable":true,"href":"https:\/\/www.deberes.net\/tesis\/wp-json\/wp\/v2\/tags?post=77941"}],"curies":[{"name":"wp","href":"https:\/\/api.w.org\/{rel}","templated":true}]}}