{"id":77960,"date":"2018-03-09T23:23:34","date_gmt":"2018-03-09T23:23:34","guid":{"rendered":"https:\/\/www.deberes.net\/tesis\/sin-categoria\/a-nacionalizacion-do-pasado-irlandes-1845-1937\/"},"modified":"2018-03-09T23:23:34","modified_gmt":"2018-03-09T23:23:34","slug":"a-nacionalizacion-do-pasado-irlandes-1845-1937","status":"publish","type":"post","link":"https:\/\/www.deberes.net\/tesis\/historia\/a-nacionalizacion-do-pasado-irlandes-1845-1937\/","title":{"rendered":"A nacionalizaci\u00f3n do pasado irland\u00e9s, 1845-1937"},"content":{"rendered":"<h2>Tesis doctoral de <strong> Xavier Rodr\u00edguez Madri\u00f1an <\/strong><\/h2>\n<p>An\u00e1lisis del proceso de configuraci\u00f3n de la representaci\u00f3n nacionalista del pasado de irlanda entre el momento del naciemeineto del nacionalismo moderno irland\u00e9s, a mediados del siglo xix, y la consolidaci\u00f3n del estado libre irland\u00e9s, que consagra dicho relato como historia oficial. El trabajo se funda en el estudio de los textos fundamentales de la historiografia nacionalista, diferenciando dos etapas, la de las historias literarias\/populares y la de las acad\u00e9micas, a partir de la d\u00e9cada final del xix. El primer grupo, con el que se caracteriza el modelo nacionalista popular de la historia de irlanda, lo constituyen los textos de \u00abthe spirit of the nation\u00bb, john mitchel. A.M. Sullivan y charles gavan duffy. El segundo se centra en la obra de  eoin macneill, eje del trabajo, complementado con la historia de irlanda de edmund curtis.  se analiza la evoluci\u00f3n de la representaci\u00f3n nacionalista del pasado de un modo comparado, atendiendo a la definici\u00f3n del sujeto nacional, los contenidos y su estructuraci\u00f3n, los aspectos formales y el mensaje pol\u00edtico que transmiten. Se concluye que el relato can\u00f3nico final es el resultado de un proceso de perfeccionamiento de una interpretaci\u00f3n inicial del pasado que permanece inalterable en sus elementos historiogr\u00e1ficos constitutivos, que son adaptados en funci\u00f3n de la evoluci\u00f3n del con\u00ed\/3xtopol\u00edtico y las exigencias de la pr\u00e1ctica acad\u00e9mica del trabajo hist\u00f3rico. En cuanto recurso de intervenci\u00f3n pol\u00edtica, la representaci\u00f3n nacionalista del pasado ve limitada su posibilidade de evoluci\u00f3n por la necesidad de mantenimiento de la consistencia ideol\u00f3gica y la funcionalidad pol\u00edtica, de modo que resulta s\u00f3lo parcialmente afectada por la renovaci\u00f3n historiogr\u00e1fica que se generaliza desde los a\u00f1os finales del siglo xix. De este modo, el estatuto cient\u00edfico de la historia de irlanda elaborada desde la perspectiva ideol\u00f3gica nacionalista es ciertamente precario.<\/p>\n<p>&nbsp;<\/p>\n<h3>Datos acad\u00e9micos de la tesis doctoral \u00ab<strong>A nacionalizaci\u00f3n do pasado irland\u00e9s, 1845-1937<\/strong>\u00ab<\/h3>\n<ul>\n<li><strong>T\u00edtulo de la tesis:<\/strong>\u00a0 A nacionalizaci\u00f3n do pasado irland\u00e9s, 1845-1937 <\/li>\n<li><strong>Autor:<\/strong>\u00a0 Xavier Rodr\u00edguez Madri\u00f1an <\/li>\n<li><strong>Universidad:<\/strong>\u00a0 Santiago de compostela<\/li>\n<li><strong>Fecha de lectura de la tesis:<\/strong>\u00a0 19\/12\/2005<\/li>\n<\/ul>\n<p>&nbsp;<\/p>\n<h3>Direcci\u00f3n y tribunal<\/h3>\n<ul>\n<li><strong>Director de la tesis<\/strong>\n<ul>\n<li>Ram\u00f3n M\u00e1iz Su\u00e1rez<\/li>\n<\/ul>\n<\/li>\n<li><strong>Tribunal<\/strong>\n<ul>\n<li>Presidente del tribunal: jose \u00e1lvarez junco <\/li>\n<li>ramon Villares paz (vocal)<\/li>\n<li>francesc de borja de Riquer permanyer (vocal)<\/li>\n<li>justo Beramendi gonzalez (vocal)<\/li>\n<\/ul>\n<\/li>\n<\/ul>\n<p>&nbsp;<\/p>\n","protected":false},"excerpt":{"rendered":"<p>Tesis doctoral de Xavier Rodr\u00edguez Madri\u00f1an An\u00e1lisis del proceso de configuraci\u00f3n de la representaci\u00f3n nacionalista del pasado de irlanda entre [&hellip;]<\/p>\n","protected":false},"author":1,"featured_media":0,"comment_status":"open","ping_status":"open","sticky":false,"template":"","format":"standard","meta":{"site-sidebar-layout":"default","site-content-layout":"","ast-site-content-layout":"","site-content-style":"default","site-sidebar-style":"default","ast-global-header-display":"","ast-banner-title-visibility":"","ast-main-header-display":"","ast-hfb-above-header-display":"","ast-hfb-below-header-display":"","ast-hfb-mobile-header-display":"","site-post-title":"","ast-breadcrumbs-content":"","ast-featured-img":"","footer-sml-layout":"","theme-transparent-header-meta":"","adv-header-id-meta":"","stick-header-meta":"","header-above-stick-meta":"","header-main-stick-meta":"","header-below-stick-meta":"","astra-migrate-meta-layouts":"default","ast-page-background-enabled":"default","ast-page-background-meta":{"desktop":{"background-color":"var(--ast-global-color-4)","background-image":"","background-repeat":"repeat","background-position":"center center","background-size":"auto","background-attachment":"scroll","background-type":"","background-media":"","overlay-type":"","overlay-color":"","overlay-gradient":""},"tablet":{"background-color":"","background-image":"","background-repeat":"repeat","background-position":"center center","background-size":"auto","background-attachment":"scroll","background-type":"","background-media":"","overlay-type":"","overlay-color":"","overlay-gradient":""},"mobile":{"background-color":"","background-image":"","background-repeat":"repeat","background-position":"center center","background-size":"auto","background-attachment":"scroll","background-type":"","background-media":"","overlay-type":"","overlay-color":"","overlay-gradient":""}},"ast-content-background-meta":{"desktop":{"background-color":"var(--ast-global-color-5)","background-image":"","background-repeat":"repeat","background-position":"center center","background-size":"auto","background-attachment":"scroll","background-type":"","background-media":"","overlay-type":"","overlay-color":"","overlay-gradient":""},"tablet":{"background-color":"var(--ast-global-color-5)","background-image":"","background-repeat":"repeat","background-position":"center center","background-size":"auto","background-attachment":"scroll","background-type":"","background-media":"","overlay-type":"","overlay-color":"","overlay-gradient":""},"mobile":{"background-color":"var(--ast-global-color-5)","background-image":"","background-repeat":"repeat","background-position":"center center","background-size":"auto","background-attachment":"scroll","background-type":"","background-media":"","overlay-type":"","overlay-color":"","overlay-gradient":""}},"footnotes":""},"categories":[104,106,5914,977],"tags":[1022,31409,54365,4976,2911,167717],"class_list":["post-77960","post","type-post","status-publish","format-standard","hentry","category-historia","category-historia-general","category-historiografia","category-santiago-de-compostela","tag-francesc-de-borja-de-riquer-permanyer","tag-jose-alvarez-junco","tag-justo-beramendi-gonzalez","tag-ramon-maiz-suarez","tag-ramon-villares-paz","tag-xavier-rodriguez-madrinan"],"_links":{"self":[{"href":"https:\/\/www.deberes.net\/tesis\/wp-json\/wp\/v2\/posts\/77960","targetHints":{"allow":["GET"]}}],"collection":[{"href":"https:\/\/www.deberes.net\/tesis\/wp-json\/wp\/v2\/posts"}],"about":[{"href":"https:\/\/www.deberes.net\/tesis\/wp-json\/wp\/v2\/types\/post"}],"author":[{"embeddable":true,"href":"https:\/\/www.deberes.net\/tesis\/wp-json\/wp\/v2\/users\/1"}],"replies":[{"embeddable":true,"href":"https:\/\/www.deberes.net\/tesis\/wp-json\/wp\/v2\/comments?post=77960"}],"version-history":[{"count":0,"href":"https:\/\/www.deberes.net\/tesis\/wp-json\/wp\/v2\/posts\/77960\/revisions"}],"wp:attachment":[{"href":"https:\/\/www.deberes.net\/tesis\/wp-json\/wp\/v2\/media?parent=77960"}],"wp:term":[{"taxonomy":"category","embeddable":true,"href":"https:\/\/www.deberes.net\/tesis\/wp-json\/wp\/v2\/categories?post=77960"},{"taxonomy":"post_tag","embeddable":true,"href":"https:\/\/www.deberes.net\/tesis\/wp-json\/wp\/v2\/tags?post=77960"}],"curies":[{"name":"wp","href":"https:\/\/api.w.org\/{rel}","templated":true}]}}