{"id":77973,"date":"2018-03-09T23:23:34","date_gmt":"2018-03-09T23:23:34","guid":{"rendered":"https:\/\/www.deberes.net\/tesis\/sin-categoria\/los-ejemplos-en-las-gramaticas-del-espanol-como-lengua-extranjera-siglo-de-oro\/"},"modified":"2018-03-09T23:23:34","modified_gmt":"2018-03-09T23:23:34","slug":"los-ejemplos-en-las-gramaticas-del-espanol-como-lengua-extranjera-siglo-de-oro","status":"publish","type":"post","link":"https:\/\/www.deberes.net\/tesis\/linguistica\/los-ejemplos-en-las-gramaticas-del-espanol-como-lengua-extranjera-siglo-de-oro\/","title":{"rendered":"Los ejemplos en las gram\u00e1ticas del espa\u00f1ol como lengua extranjera: siglo de oro"},"content":{"rendered":"<h2>Tesis doctoral de <strong> Diana Esteba Ramos <\/strong><\/h2>\n<p>La tesis doctoral, est\u00e1 dedicada al estudio de los ejemplos nominales de un amplio corpus de gram\u00e1ticas aparecidas en diferentes pa\u00edses europeos y publicadas entre 1555 y 1708.  la investigaci\u00f3n tiene dos grandes objetivos: por un lado, la determinaci\u00f3n de dependencias entre textos seg\u00fan la coincidencia en la utilizaci\u00f3n de nombres; por otro lado, el estudio del l\u00e9xico de los ejemplos desde diferentes perspectivas, que van desde su clasificaci\u00f3n tem\u00e1tica, o su dataci\u00f3n, a su utilidad m\u00e1s all\u00e1 del simple papel ilustrativo.  para lograr estos fines se han realizado unas concordancias con el total de las voces y las referencias al contexto te\u00f3rico en el que se insertan, que se incluyen en la tesis. Adem\u00e1s, se han estudiado las condiciones bajo las cuales se presentan los ejemplos (prestando especial atenci\u00f3n a la aparici\u00f3n de traducciones o explicaciones de voces) y se han consulado diferentes recursos (diccionarios, bancos de datos, etc.) Para determinar la vitalidad de los t\u00e9rminos.<\/p>\n<p>&nbsp;<\/p>\n<h3>Datos acad\u00e9micos de la tesis doctoral \u00ab<strong>Los ejemplos en las gram\u00e1ticas del espa\u00f1ol como lengua extranjera: siglo de oro<\/strong>\u00ab<\/h3>\n<ul>\n<li><strong>T\u00edtulo de la tesis:<\/strong>\u00a0 Los ejemplos en las gram\u00e1ticas del espa\u00f1ol como lengua extranjera: siglo de oro <\/li>\n<li><strong>Autor:<\/strong>\u00a0 Diana Esteba Ramos <\/li>\n<li><strong>Universidad:<\/strong>\u00a0 M\u00e1laga<\/li>\n<li><strong>Fecha de lectura de la tesis:<\/strong>\u00a0 19\/12\/2005<\/li>\n<\/ul>\n<p>&nbsp;<\/p>\n<h3>Direcci\u00f3n y tribunal<\/h3>\n<ul>\n<li><strong>Director de la tesis<\/strong>\n<ul>\n<li>In\u00e9s Carrasco Cantos<\/li>\n<\/ul>\n<\/li>\n<li><strong>Tribunal<\/strong>\n<ul>\n<li>Presidente del tribunal: bernard Darbord <\/li>\n<li>Juan  felipe Garc\u00eda santos (vocal)<\/li>\n<li>Jos\u00e9 Jes\u00fas G\u00f3mez asencio (vocal)<\/li>\n<li>Mar\u00eda  del pilar Lopez mora (vocal)<\/li>\n<\/ul>\n<\/li>\n<\/ul>\n<p>&nbsp;<\/p>\n","protected":false},"excerpt":{"rendered":"<p>Tesis doctoral de Diana Esteba Ramos La tesis doctoral, est\u00e1 dedicada al estudio de los ejemplos nominales de un amplio [&hellip;]<\/p>\n","protected":false},"author":1,"featured_media":0,"comment_status":"open","ping_status":"open","sticky":false,"template":"","format":"standard","meta":{"site-sidebar-layout":"default","site-content-layout":"","ast-site-content-layout":"","site-content-style":"default","site-sidebar-style":"default","ast-global-header-display":"","ast-banner-title-visibility":"","ast-main-header-display":"","ast-hfb-above-header-display":"","ast-hfb-below-header-display":"","ast-hfb-mobile-header-display":"","site-post-title":"","ast-breadcrumbs-content":"","ast-featured-img":"","footer-sml-layout":"","theme-transparent-header-meta":"","adv-header-id-meta":"","stick-header-meta":"","header-above-stick-meta":"","header-main-stick-meta":"","header-below-stick-meta":"","astra-migrate-meta-layouts":"default","ast-page-background-enabled":"default","ast-page-background-meta":{"desktop":{"background-color":"var(--ast-global-color-4)","background-image":"","background-repeat":"repeat","background-position":"center center","background-size":"auto","background-attachment":"scroll","background-type":"","background-media":"","overlay-type":"","overlay-color":"","overlay-gradient":""},"tablet":{"background-color":"","background-image":"","background-repeat":"repeat","background-position":"center center","background-size":"auto","background-attachment":"scroll","background-type":"","background-media":"","overlay-type":"","overlay-color":"","overlay-gradient":""},"mobile":{"background-color":"","background-image":"","background-repeat":"repeat","background-position":"center center","background-size":"auto","background-attachment":"scroll","background-type":"","background-media":"","overlay-type":"","overlay-color":"","overlay-gradient":""}},"ast-content-background-meta":{"desktop":{"background-color":"var(--ast-global-color-5)","background-image":"","background-repeat":"repeat","background-position":"center center","background-size":"auto","background-attachment":"scroll","background-type":"","background-media":"","overlay-type":"","overlay-color":"","overlay-gradient":""},"tablet":{"background-color":"var(--ast-global-color-5)","background-image":"","background-repeat":"repeat","background-position":"center center","background-size":"auto","background-attachment":"scroll","background-type":"","background-media":"","overlay-type":"","overlay-color":"","overlay-gradient":""},"mobile":{"background-color":"var(--ast-global-color-5)","background-image":"","background-repeat":"repeat","background-position":"center center","background-size":"auto","background-attachment":"scroll","background-type":"","background-media":"","overlay-type":"","overlay-color":"","overlay-gradient":""}},"footnotes":""},"categories":[59,423,590,7834],"tags":[22331,167739,70229,36498,21473,70228],"class_list":["post-77973","post","type-post","status-publish","format-standard","hentry","category-linguistica","category-linguistica-diacronica","category-linguistica-historica","category-malaga","tag-bernard-darbord","tag-diana-esteba-ramos","tag-ines-carrasco-cantos","tag-jose-jesus-gomez-asencio","tag-juan-felipe-garcia-santos","tag-maria-del-pilar-lopez-mora"],"_links":{"self":[{"href":"https:\/\/www.deberes.net\/tesis\/wp-json\/wp\/v2\/posts\/77973","targetHints":{"allow":["GET"]}}],"collection":[{"href":"https:\/\/www.deberes.net\/tesis\/wp-json\/wp\/v2\/posts"}],"about":[{"href":"https:\/\/www.deberes.net\/tesis\/wp-json\/wp\/v2\/types\/post"}],"author":[{"embeddable":true,"href":"https:\/\/www.deberes.net\/tesis\/wp-json\/wp\/v2\/users\/1"}],"replies":[{"embeddable":true,"href":"https:\/\/www.deberes.net\/tesis\/wp-json\/wp\/v2\/comments?post=77973"}],"version-history":[{"count":0,"href":"https:\/\/www.deberes.net\/tesis\/wp-json\/wp\/v2\/posts\/77973\/revisions"}],"wp:attachment":[{"href":"https:\/\/www.deberes.net\/tesis\/wp-json\/wp\/v2\/media?parent=77973"}],"wp:term":[{"taxonomy":"category","embeddable":true,"href":"https:\/\/www.deberes.net\/tesis\/wp-json\/wp\/v2\/categories?post=77973"},{"taxonomy":"post_tag","embeddable":true,"href":"https:\/\/www.deberes.net\/tesis\/wp-json\/wp\/v2\/tags?post=77973"}],"curies":[{"name":"wp","href":"https:\/\/api.w.org\/{rel}","templated":true}]}}