{"id":77975,"date":"2018-03-09T23:23:34","date_gmt":"2018-03-09T23:23:34","guid":{"rendered":"https:\/\/www.deberes.net\/tesis\/sin-categoria\/literatura-y-musica-en-el-siglo-de-oro-espanol-interrelaciones-en-el-teatro-la%c2%adrico\/"},"modified":"2018-03-09T23:23:34","modified_gmt":"2018-03-09T23:23:34","slug":"literatura-y-musica-en-el-siglo-de-oro-espanol-interrelaciones-en-el-teatro-la%c2%adrico","status":"publish","type":"post","link":"https:\/\/www.deberes.net\/tesis\/historia\/literatura-y-musica-en-el-siglo-de-oro-espanol-interrelaciones-en-el-teatro-la%c2%adrico\/","title":{"rendered":"Literatura y m\u00fasica en el siglo de oro espa\u00f1ol. interrelaciones en el teatro l\u00edrico"},"content":{"rendered":"<h2>Tesis doctoral de <strong> Mar\u00eda Bel\u00e9n Molina Jim\u00e9nez <\/strong><\/h2>\n<p>Constituye el centro de esta investigaci\u00f3n el estudio de las manifestaciones m\u00fasico-teatrales que se desarrollan durante el siglo xvii en espa\u00f1a. Concretamente atendemos a cuatro comedias de calder\u00f3n de la barca: celos aun del aire matan, la p\u00farpura de la rosa, el laurel de apolo y el golfo de las sirenas, concebidas las dos primeras como \u00f3peras y las dos siguientes como zarzuelas, e insertas en el marco de la fiesta teatral barroca.  la tesis se divide en dos partes, la primera de las cuales constituye la base te\u00f3rica que sustenta la segunda:  el an\u00e1lisis textual de las comedias citadas.  as\u00ed, la parte primera parte ubica el estudio en sus coordenadas hist\u00f3ricas, sociales, econ\u00f3micas, religiosas, etc, y en el entorno de crisis y decadencia que define la vida en el siglo xvii espa\u00f1ol. Sin embargo, esta atm\u00f3sfera decadente contempla una gran eclosi\u00f3n en el \u00e1mbito art\u00edstico, de que la forma parte la genial obra de los autores espa\u00f1oles, como la de calder\u00f3n. adem\u00e1s, d la observaci\u00f3n de esta peculiar situaci\u00f3n en las artes, se analizan las manifestaciones de teatro musical que surgen desde principios de la centuria. Lejos de ser una mera imitaci\u00f3n de la actividad oper\u00edstica italiana, se configuran con una peculiaridades y motivaciones espec\u00edficamente hispanas.  este esbozo te\u00f3rico se completa con el estudio de las principales tendencias implicadas en el comentario de texto: musicolog\u00eda, semi\u00f3tica, ret\u00f3rica, po\u00e9tica y literatura comparada. Tambi\u00e9n hay un espacio para el examen de las principales corrientes en cuanto a semi\u00f3tica musical se refiere.  la segunda parte de la tesis y objeto de estudio principal de la misma, desarrolla el an\u00e1lisis de los textos que conforman las cuatro comedias citadas de calder\u00f3n de la barca, centrando la atenci\u00f3n de las virtualidades musicales con que el autor dota a su escritura, lo cual demuestra la intencionalidad musical de estas obras- de la que calder\u00f3n participa conscie<\/p>\n<p>&nbsp;<\/p>\n<h3>Datos acad\u00e9micos de la tesis doctoral \u00ab<strong>Literatura y m\u00fasica en el siglo de oro espa\u00f1ol. interrelaciones en el teatro l\u00edrico<\/strong>\u00ab<\/h3>\n<ul>\n<li><strong>T\u00edtulo de la tesis:<\/strong>\u00a0 Literatura y m\u00fasica en el siglo de oro espa\u00f1ol. interrelaciones en el teatro l\u00edrico <\/li>\n<li><strong>Autor:<\/strong>\u00a0 Mar\u00eda Bel\u00e9n Molina Jim\u00e9nez <\/li>\n<li><strong>Universidad:<\/strong>\u00a0 Murcia<\/li>\n<li><strong>Fecha de lectura de la tesis:<\/strong>\u00a0 19\/12\/2005<\/li>\n<\/ul>\n<p>&nbsp;<\/p>\n<h3>Direcci\u00f3n y tribunal<\/h3>\n<ul>\n<li><strong>Director de la tesis<\/strong>\n<ul>\n<li>Manuel Mart\u00ednez Arnaldos<\/li>\n<\/ul>\n<\/li>\n<li><strong>Tribunal<\/strong>\n<ul>\n<li>Presidente del tribunal: tomas Albaladejo mayordomo <\/li>\n<li> Caballero s\u00e1nchez rufete carmelo (vocal)<\/li>\n<li>Francisco Florit dur\u00e1n (vocal)<\/li>\n<li>  (vocal)<\/li>\n<\/ul>\n<\/li>\n<\/ul>\n<p>&nbsp;<\/p>\n","protected":false},"excerpt":{"rendered":"<p>Tesis doctoral de Mar\u00eda Bel\u00e9n Molina Jim\u00e9nez Constituye el centro de esta investigaci\u00f3n el estudio de las manifestaciones m\u00fasico-teatrales que [&hellip;]<\/p>\n","protected":false},"author":1,"featured_media":0,"comment_status":"open","ping_status":"open","sticky":false,"template":"","format":"standard","meta":{"site-sidebar-layout":"default","site-content-layout":"","ast-site-content-layout":"","site-content-style":"default","site-sidebar-style":"default","ast-global-header-display":"","ast-banner-title-visibility":"","ast-main-header-display":"","ast-hfb-above-header-display":"","ast-hfb-below-header-display":"","ast-hfb-mobile-header-display":"","site-post-title":"","ast-breadcrumbs-content":"","ast-featured-img":"","footer-sml-layout":"","theme-transparent-header-meta":"","adv-header-id-meta":"","stick-header-meta":"","header-above-stick-meta":"","header-main-stick-meta":"","header-below-stick-meta":"","astra-migrate-meta-layouts":"default","ast-page-background-enabled":"default","ast-page-background-meta":{"desktop":{"background-color":"var(--ast-global-color-4)","background-image":"","background-repeat":"repeat","background-position":"center center","background-size":"auto","background-attachment":"scroll","background-type":"","background-media":"","overlay-type":"","overlay-color":"","overlay-gradient":""},"tablet":{"background-color":"","background-image":"","background-repeat":"repeat","background-position":"center center","background-size":"auto","background-attachment":"scroll","background-type":"","background-media":"","overlay-type":"","overlay-color":"","overlay-gradient":""},"mobile":{"background-color":"","background-image":"","background-repeat":"repeat","background-position":"center center","background-size":"auto","background-attachment":"scroll","background-type":"","background-media":"","overlay-type":"","overlay-color":"","overlay-gradient":""}},"ast-content-background-meta":{"desktop":{"background-color":"var(--ast-global-color-5)","background-image":"","background-repeat":"repeat","background-position":"center center","background-size":"auto","background-attachment":"scroll","background-type":"","background-media":"","overlay-type":"","overlay-color":"","overlay-gradient":""},"tablet":{"background-color":"var(--ast-global-color-5)","background-image":"","background-repeat":"repeat","background-position":"center center","background-size":"auto","background-attachment":"scroll","background-type":"","background-media":"","overlay-type":"","overlay-color":"","overlay-gradient":""},"mobile":{"background-color":"var(--ast-global-color-5)","background-image":"","background-repeat":"repeat","background-position":"center center","background-size":"auto","background-attachment":"scroll","background-type":"","background-media":"","overlay-type":"","overlay-color":"","overlay-gradient":""}},"footnotes":""},"categories":[148,147,104,713,222,8235,628],"tags":[167743,8784,25110,167742,4759],"class_list":["post-77975","post","type-post","status-publish","format-standard","hentry","category-analisis-literario","category-ciencias-de-las-artes-y-las-letras","category-historia","category-historia-de-la-literatura","category-historias-especializadas","category-murcia","category-teoria-analisis-y-critica-literarios","tag-caballero-sanchez-rufete-carmelo","tag-francisco-florit-duran","tag-manuel-Martinez-arnaldos","tag-maria-belen-molina-jimenez","tag-tomas-albaladejo-mayordomo"],"_links":{"self":[{"href":"https:\/\/www.deberes.net\/tesis\/wp-json\/wp\/v2\/posts\/77975","targetHints":{"allow":["GET"]}}],"collection":[{"href":"https:\/\/www.deberes.net\/tesis\/wp-json\/wp\/v2\/posts"}],"about":[{"href":"https:\/\/www.deberes.net\/tesis\/wp-json\/wp\/v2\/types\/post"}],"author":[{"embeddable":true,"href":"https:\/\/www.deberes.net\/tesis\/wp-json\/wp\/v2\/users\/1"}],"replies":[{"embeddable":true,"href":"https:\/\/www.deberes.net\/tesis\/wp-json\/wp\/v2\/comments?post=77975"}],"version-history":[{"count":0,"href":"https:\/\/www.deberes.net\/tesis\/wp-json\/wp\/v2\/posts\/77975\/revisions"}],"wp:attachment":[{"href":"https:\/\/www.deberes.net\/tesis\/wp-json\/wp\/v2\/media?parent=77975"}],"wp:term":[{"taxonomy":"category","embeddable":true,"href":"https:\/\/www.deberes.net\/tesis\/wp-json\/wp\/v2\/categories?post=77975"},{"taxonomy":"post_tag","embeddable":true,"href":"https:\/\/www.deberes.net\/tesis\/wp-json\/wp\/v2\/tags?post=77975"}],"curies":[{"name":"wp","href":"https:\/\/api.w.org\/{rel}","templated":true}]}}