{"id":78121,"date":"2018-03-09T23:23:46","date_gmt":"2018-03-09T23:23:46","guid":{"rendered":"https:\/\/www.deberes.net\/tesis\/sin-categoria\/evaluacion-de-las-funciones-del-yo-en-poblacion-reclusa-y-no-reclusa-mediante-el-metodo-efy-de-l-bellak\/"},"modified":"2018-03-09T23:23:46","modified_gmt":"2018-03-09T23:23:46","slug":"evaluacion-de-las-funciones-del-yo-en-poblacion-reclusa-y-no-reclusa-mediante-el-metodo-efy-de-l-bellak","status":"publish","type":"post","link":"https:\/\/www.deberes.net\/tesis\/psicologia\/evaluacion-de-las-funciones-del-yo-en-poblacion-reclusa-y-no-reclusa-mediante-el-metodo-efy-de-l-bellak\/","title":{"rendered":"Evaluaci\u00f3n de las funciones del yo en poblaci\u00f3n reclusa y no reclusa mediante el m\u00e9todo efy de l. bellak"},"content":{"rendered":"<h2>Tesis doctoral de <strong> Francisco JavierDe Santiago Herrero <\/strong><\/h2>\n<p>T\u00edtulo: evaluaci\u00f3n de las funciones del yo en poblaci\u00f3n reclusa y no reclusa mediante el m\u00e9todo e.F.Y. De l. Bellak  autor: francisco javier de santiago herrero  director: dr. Antonio garc\u00eda de la hoz  tutor: dr. Jos\u00e9 mar\u00eda fuentes blanco  objetivo: se realiza un estudio exeg\u00e9tico del yo psicoanal\u00edtico en freud y de los autores postfreudianos en la escuela del yo. Se analizan los principales mecanismos defensa desde su autor, origen textual, implicaciones cl\u00ednicas y psicoevolutivas adem\u00e1s de las y las principales teor\u00edas sobre la delincuencia para, finalmente comparar el estudio emp\u00edrico del yo en poblaci\u00f3n penitenciaria y no penitenciaria en torno a la variables edad, g\u00e9nero y condici\u00f3n.  se parte de la hip\u00f3tesis general de que el estado de las funciones del yo difiere del estado de las funciones del yo en ambas poblaciones (reclusa\/no reclusa) generando un perfil psicopatol\u00f3gico distinto.  igualmente, como hip\u00f3tesis espec\u00edficas, se analiza el estado de cada una de las doce funciones del yo (bellak, 1984) en ambos grupos y variables.  resultados m\u00e1s relevantes  \u00ab\u00bb  estudio hist\u00f3rico-cr\u00edtico:  referido al yo psicoanal\u00edtico y su evoluci\u00f3n te\u00f3rica:  freud carece de una teorizaci\u00f3n o sistematizaci\u00f3n del yo realmente concluyente frente a las otras instancias.  acerca de las funciones del yo y de conceptos tan afines al yo como el de los mecanismos de defensa no se encuentran ni en freud ni en posteriores autores un corpus te\u00f3rico ni una clasificaci\u00f3n consensuada por la comunidad psicoanal\u00edtica de los mismos.  con posterioridad a freud, el germen de la psicolog\u00eda del yo se situar\u00eda en europa en la figura  p. Federn siendo su repercusi\u00f3n estadounidense debida a la 2\u00c2\u00ba g.M. Y a la emigraci\u00f3n de psicoanalistas europeos.  la psicolog\u00eda del yo se convierte en un puente entre la psicolog\u00eda cognitiva y el psicoan\u00e1lisis.  la l\u00ednea actual de investigaci\u00f3n psicoanal\u00edtica se centra en el estudio e<\/p>\n<p>&nbsp;<\/p>\n<h3>Datos acad\u00e9micos de la tesis doctoral \u00ab<strong>Evaluaci\u00f3n de las funciones del yo en poblaci\u00f3n reclusa y no reclusa mediante el m\u00e9todo efy de l. bellak<\/strong>\u00ab<\/h3>\n<ul>\n<li><strong>T\u00edtulo de la tesis:<\/strong>\u00a0 Evaluaci\u00f3n de las funciones del yo en poblaci\u00f3n reclusa y no reclusa mediante el m\u00e9todo efy de l. bellak <\/li>\n<li><strong>Autor:<\/strong>\u00a0 Francisco JavierDe Santiago Herrero <\/li>\n<li><strong>Universidad:<\/strong>\u00a0 Pontificia de salamanca<\/li>\n<li><strong>Fecha de lectura de la tesis:<\/strong>\u00a0 21\/12\/2005<\/li>\n<\/ul>\n<p>&nbsp;<\/p>\n<h3>Direcci\u00f3n y tribunal<\/h3>\n<ul>\n<li><strong>Director de la tesis<\/strong>\n<ul>\n<li>Antonio Garcia  De La Hoz<\/li>\n<\/ul>\n<\/li>\n<li><strong>Tribunal<\/strong>\n<ul>\n<li>Presidente del tribunal: alejandro Avila espada <\/li>\n<li>Fernando Jimenez gomez (vocal)<\/li>\n<li>carmen Moreno rosset (vocal)<\/li>\n<li>Juan  Antonio Castro   posadas (vocal)<\/li>\n<\/ul>\n<\/li>\n<\/ul>\n<p>&nbsp;<\/p>\n","protected":false},"excerpt":{"rendered":"<p>Tesis doctoral de Francisco JavierDe Santiago Herrero T\u00edtulo: evaluaci\u00f3n de las funciones del yo en poblaci\u00f3n reclusa y no reclusa [&hellip;]<\/p>\n","protected":false},"author":1,"featured_media":0,"comment_status":"open","ping_status":"open","sticky":false,"template":"","format":"standard","meta":{"site-sidebar-layout":"default","site-content-layout":"","ast-site-content-layout":"","site-content-style":"default","site-sidebar-style":"default","ast-global-header-display":"","ast-banner-title-visibility":"","ast-main-header-display":"","ast-hfb-above-header-display":"","ast-hfb-below-header-display":"","ast-hfb-mobile-header-display":"","site-post-title":"","ast-breadcrumbs-content":"","ast-featured-img":"","footer-sml-layout":"","theme-transparent-header-meta":"","adv-header-id-meta":"","stick-header-meta":"","header-above-stick-meta":"","header-main-stick-meta":"","header-below-stick-meta":"","astra-migrate-meta-layouts":"default","ast-page-background-enabled":"default","ast-page-background-meta":{"desktop":{"background-color":"var(--ast-global-color-4)","background-image":"","background-repeat":"repeat","background-position":"center center","background-size":"auto","background-attachment":"scroll","background-type":"","background-media":"","overlay-type":"","overlay-color":"","overlay-gradient":""},"tablet":{"background-color":"","background-image":"","background-repeat":"repeat","background-position":"center center","background-size":"auto","background-attachment":"scroll","background-type":"","background-media":"","overlay-type":"","overlay-color":"","overlay-gradient":""},"mobile":{"background-color":"","background-image":"","background-repeat":"repeat","background-position":"center center","background-size":"auto","background-attachment":"scroll","background-type":"","background-media":"","overlay-type":"","overlay-color":"","overlay-gradient":""}},"ast-content-background-meta":{"desktop":{"background-color":"var(--ast-global-color-5)","background-image":"","background-repeat":"repeat","background-position":"center center","background-size":"auto","background-attachment":"scroll","background-type":"","background-media":"","overlay-type":"","overlay-color":"","overlay-gradient":""},"tablet":{"background-color":"var(--ast-global-color-5)","background-image":"","background-repeat":"repeat","background-position":"center center","background-size":"auto","background-attachment":"scroll","background-type":"","background-media":"","overlay-type":"","overlay-color":"","overlay-gradient":""},"mobile":{"background-color":"var(--ast-global-color-5)","background-image":"","background-repeat":"repeat","background-position":"center center","background-size":"auto","background-attachment":"scroll","background-type":"","background-media":"","overlay-type":"","overlay-color":"","overlay-gradient":""}},"footnotes":""},"categories":[948,324],"tags":[7073,79651,68463,7075,128374,18389],"class_list":["post-78121","post","type-post","status-publish","format-standard","hentry","category-pontificia-de-salamanca","category-psicologia","tag-alejandro-avila-espada","tag-antonio-garcia-de-la-hoz","tag-carmen-moreno-rosset","tag-fernando-jimenez-gomez","tag-francisco-javierde-santiago-herrero","tag-juan-antonio-castro-posadas"],"_links":{"self":[{"href":"https:\/\/www.deberes.net\/tesis\/wp-json\/wp\/v2\/posts\/78121","targetHints":{"allow":["GET"]}}],"collection":[{"href":"https:\/\/www.deberes.net\/tesis\/wp-json\/wp\/v2\/posts"}],"about":[{"href":"https:\/\/www.deberes.net\/tesis\/wp-json\/wp\/v2\/types\/post"}],"author":[{"embeddable":true,"href":"https:\/\/www.deberes.net\/tesis\/wp-json\/wp\/v2\/users\/1"}],"replies":[{"embeddable":true,"href":"https:\/\/www.deberes.net\/tesis\/wp-json\/wp\/v2\/comments?post=78121"}],"version-history":[{"count":0,"href":"https:\/\/www.deberes.net\/tesis\/wp-json\/wp\/v2\/posts\/78121\/revisions"}],"wp:attachment":[{"href":"https:\/\/www.deberes.net\/tesis\/wp-json\/wp\/v2\/media?parent=78121"}],"wp:term":[{"taxonomy":"category","embeddable":true,"href":"https:\/\/www.deberes.net\/tesis\/wp-json\/wp\/v2\/categories?post=78121"},{"taxonomy":"post_tag","embeddable":true,"href":"https:\/\/www.deberes.net\/tesis\/wp-json\/wp\/v2\/tags?post=78121"}],"curies":[{"name":"wp","href":"https:\/\/api.w.org\/{rel}","templated":true}]}}