{"id":78169,"date":"2006-09-01T00:00:00","date_gmt":"2006-09-01T00:00:00","guid":{"rendered":"https:\/\/www.deberes.net\/tesis\/sin-categoria\/factores-explicativos-de-la-empresa-conjunta-internacional-una-aplicacion-al-sector-manufacturero-espanol\/"},"modified":"2006-09-01T00:00:00","modified_gmt":"2006-09-01T00:00:00","slug":"factores-explicativos-de-la-empresa-conjunta-internacional-una-aplicacion-al-sector-manufacturero-espanol","status":"publish","type":"post","link":"https:\/\/www.deberes.net\/tesis\/sin-categoria\/factores-explicativos-de-la-empresa-conjunta-internacional-una-aplicacion-al-sector-manufacturero-espanol\/","title":{"rendered":"Factores explicativos de la empresa conjunta internacional: una aplicaci\u00f3n al sector manufacturero espa\u00f1ol"},"content":{"rendered":"<h2>Tesis doctoral de <strong> Paloma Almod\u00f3var Mart\u00ednez <\/strong><\/h2>\n<p>La tesis -factores explicativos de la empresa conjunta internacional. Una aplicaci\u00f3n al sector manufacturero espa\u00f1ol- dirigida por \u00e1lvaro cuervo garc\u00eda, catedr\u00e1tico de organizaci\u00f3n y direcci\u00f3n de empresas (ucm) trata de explicar y predecir el comportamiento de las empresas que deciden salir al extranjero a trav\u00e9s de inversiones directas. Tales inversiones pueden ser de diversos tipos, parciales (que dar\u00e1n lugar a las empresas conjuntas) y totales (filiales de nueva creaci\u00f3n y adquisiciones). As\u00ed pues, hemos creado un modelo que nos indicar\u00e1 el tipo de decisi\u00f3n que tomar\u00e1 la empresa entre las diferentes alternativas de inversi\u00f3n directa en el exterior  a partir de informaci\u00f3n concerniente a la empresa y al pa\u00eds de destino.     la informaci\u00f3n que necesitamos para construir el modelo est\u00e1 agrupada en 10 factores explicativos:     a,- factores propios de la empresa: tama\u00f1o de la empresa, tama\u00f1o de la inversi\u00f3n en el extranjero, intensidad investigadora de la empresa, el tipo de estrategia de internacionalizaci\u00f3n que desarrolle (global\/multipa\u00eds) su tipo de estrategia de crecimiento (expansi\u00f3n\/diversificaci\u00f3n), la estrategia de negocio que use (liderazgo en costes\/diferenciaci\u00f3n de producto), su nivel de experiencia internacional as\u00ed como su experiencia dom\u00e9stica.     b,- factores propios del pa\u00eds de destino: la distancia cultural y el riesgo pa\u00eds.     dichos factores son identificados gracias a una profunda revisi\u00f3n de las teor\u00edas sobre la internacionalizaci\u00f3n de las empresas. Posteriormente, se analizan individualmente para estudiar su comportamiento e identificar c\u00f3mo condicionan las decisiones empresariales.     para contrastar las hip\u00f3tesis que dan lugar al modelo espec\u00edfico anteriormente explicado, se utiliza la encuesta sobre estrategias empresariales (esee) para el periodo 2000-2002. En un primer momento se realiza un an\u00e1lisis exploratorio de los datos a trav\u00e9s del m\u00e9todo del \u00e1rbol de decisiones, algoritmo quest.<\/p>\n<p>&nbsp;<\/p>\n<h3>Datos acad\u00e9micos de la tesis doctoral \u00ab<strong>Factores explicativos de la empresa conjunta internacional: una aplicaci\u00f3n al sector manufacturero espa\u00f1ol<\/strong>\u00ab<\/h3>\n<ul>\n<li><strong>T\u00edtulo de la tesis:<\/strong>\u00a0 Factores explicativos de la empresa conjunta internacional: una aplicaci\u00f3n al sector manufacturero espa\u00f1ol <\/li>\n<li><strong>Autor:<\/strong>\u00a0 Paloma Almod\u00f3var Mart\u00ednez <\/li>\n<li><strong>Universidad:<\/strong>\u00a0 Complutense de Madrid<\/li>\n<li><strong>Fecha de lectura de la tesis:<\/strong>\u00a0 09\/01\/2006<\/li>\n<\/ul>\n<p>&nbsp;<\/p>\n<h3>Direcci\u00f3n y tribunal<\/h3>\n<ul>\n<li><strong>Director de la tesis<\/strong>\n<ul>\n<li>Jos\u00e9 Alvaro Cuervo Garcia<\/li>\n<\/ul>\n<\/li>\n<li><strong>Tribunal<\/strong>\n<ul>\n<li>Presidente del tribunal: Jos\u00e9 emilio Navas l\u00f3pez <\/li>\n<li>esteban Garc\u00eda canal (vocal)<\/li>\n<li>Mar\u00eda  Luisa Ramirez aleson (vocal)<\/li>\n<li> Campa fern\u00e1ndez Jos\u00e9 Manuel (vocal)<\/li>\n<\/ul>\n<\/li>\n<\/ul>\n<p>&nbsp;<\/p>\n","protected":false},"excerpt":{"rendered":"<p>Tesis doctoral de Paloma Almod\u00f3var Mart\u00ednez La tesis -factores explicativos de la empresa conjunta internacional. Una aplicaci\u00f3n al sector manufacturero [&hellip;]<\/p>\n","protected":false},"author":1,"featured_media":0,"comment_status":"open","ping_status":"open","sticky":false,"template":"","format":"standard","meta":{"site-sidebar-layout":"default","site-content-layout":"","ast-site-content-layout":"","site-content-style":"default","site-sidebar-style":"default","ast-global-header-display":"","ast-banner-title-visibility":"","ast-main-header-display":"","ast-hfb-above-header-display":"","ast-hfb-below-header-display":"","ast-hfb-mobile-header-display":"","site-post-title":"","ast-breadcrumbs-content":"","ast-featured-img":"","footer-sml-layout":"","theme-transparent-header-meta":"","adv-header-id-meta":"","stick-header-meta":"","header-above-stick-meta":"","header-main-stick-meta":"","header-below-stick-meta":"","astra-migrate-meta-layouts":"default","ast-page-background-enabled":"default","ast-page-background-meta":{"desktop":{"background-color":"var(--ast-global-color-4)","background-image":"","background-repeat":"repeat","background-position":"center center","background-size":"auto","background-attachment":"scroll","background-type":"","background-media":"","overlay-type":"","overlay-color":"","overlay-gradient":""},"tablet":{"background-color":"","background-image":"","background-repeat":"repeat","background-position":"center center","background-size":"auto","background-attachment":"scroll","background-type":"","background-media":"","overlay-type":"","overlay-color":"","overlay-gradient":""},"mobile":{"background-color":"","background-image":"","background-repeat":"repeat","background-position":"center center","background-size":"auto","background-attachment":"scroll","background-type":"","background-media":"","overlay-type":"","overlay-color":"","overlay-gradient":""}},"ast-content-background-meta":{"desktop":{"background-color":"var(--ast-global-color-5)","background-image":"","background-repeat":"repeat","background-position":"center center","background-size":"auto","background-attachment":"scroll","background-type":"","background-media":"","overlay-type":"","overlay-color":"","overlay-gradient":""},"tablet":{"background-color":"var(--ast-global-color-5)","background-image":"","background-repeat":"repeat","background-position":"center center","background-size":"auto","background-attachment":"scroll","background-type":"","background-media":"","overlay-type":"","overlay-color":"","overlay-gradient":""},"mobile":{"background-color":"var(--ast-global-color-5)","background-image":"","background-repeat":"repeat","background-position":"center center","background-size":"auto","background-attachment":"scroll","background-type":"","background-media":"","overlay-type":"","overlay-color":"","overlay-gradient":""}},"footnotes":""},"categories":[1],"tags":[39867,37673,796,5987,78562,168112],"class_list":["post-78169","post","type-post","status-publish","format-standard","hentry","category-sin-categoria","tag-campa-fernandez-jose-manuel","tag-esteban-garcia-canal","tag-jose-alvaro-cuervo-garcia","tag-jose-emilio-navas-lopez","tag-maria-luisa-ramirez-aleson","tag-paloma-almodovar-Martinez"],"_links":{"self":[{"href":"https:\/\/www.deberes.net\/tesis\/wp-json\/wp\/v2\/posts\/78169","targetHints":{"allow":["GET"]}}],"collection":[{"href":"https:\/\/www.deberes.net\/tesis\/wp-json\/wp\/v2\/posts"}],"about":[{"href":"https:\/\/www.deberes.net\/tesis\/wp-json\/wp\/v2\/types\/post"}],"author":[{"embeddable":true,"href":"https:\/\/www.deberes.net\/tesis\/wp-json\/wp\/v2\/users\/1"}],"replies":[{"embeddable":true,"href":"https:\/\/www.deberes.net\/tesis\/wp-json\/wp\/v2\/comments?post=78169"}],"version-history":[{"count":0,"href":"https:\/\/www.deberes.net\/tesis\/wp-json\/wp\/v2\/posts\/78169\/revisions"}],"wp:attachment":[{"href":"https:\/\/www.deberes.net\/tesis\/wp-json\/wp\/v2\/media?parent=78169"}],"wp:term":[{"taxonomy":"category","embeddable":true,"href":"https:\/\/www.deberes.net\/tesis\/wp-json\/wp\/v2\/categories?post=78169"},{"taxonomy":"post_tag","embeddable":true,"href":"https:\/\/www.deberes.net\/tesis\/wp-json\/wp\/v2\/tags?post=78169"}],"curies":[{"name":"wp","href":"https:\/\/api.w.org\/{rel}","templated":true}]}}