{"id":78189,"date":"2006-10-01T00:00:00","date_gmt":"2006-10-01T00:00:00","guid":{"rendered":"https:\/\/www.deberes.net\/tesis\/sin-categoria\/enva%c2%ado-de-imagenes-multimedia-como-ayuda-grafica-al-sistema-de-emergencias-sanitarias-061\/"},"modified":"2006-10-01T00:00:00","modified_gmt":"2006-10-01T00:00:00","slug":"enva%c2%ado-de-imagenes-multimedia-como-ayuda-grafica-al-sistema-de-emergencias-sanitarias-061","status":"publish","type":"post","link":"https:\/\/www.deberes.net\/tesis\/sector-de-la-salud\/enva%c2%ado-de-imagenes-multimedia-como-ayuda-grafica-al-sistema-de-emergencias-sanitarias-061\/","title":{"rendered":"Env\u00edo de im\u00e1genes multimedia como ayuda gr\u00e1fica al sistema de emergencias sanitarias 061"},"content":{"rendered":"<h2>Tesis doctoral de <strong> Ricardo Sotillo Hidalgo <\/strong><\/h2>\n<p>El acceso general al sistema de emergencias sanitarias 061 en andaluc\u00eda se realiza normalmente v\u00eda telef\u00f3nica. En el caso de la poblaci\u00f3n sorda se dispone de un modelo de fax que permite la entrada al sistema de despacho de la sala de coordinaci\u00f3n que recoge el motivo de la llamada de emergencia. Este modelo, validado con los motivos m\u00e1s frecuentes de llamada es un m\u00e9todo obsoleto y demanda nuevas formas de acceso al servicio de emergencias sanitarias acordes a la realidad actual y a las necesidades de la poblaci\u00f3n, especialmente las personas con discapacidad auditiva, y tambi\u00e9n con problemas de comunicaci\u00f3n oral o barreras ling\u00ed\u00bc\u00edsticas. Sobre la base de esta necesidad social y con el uso de las nuevas tecnolog\u00edas en el \u00e1mbito de la medicina, se pens\u00f3 en adaptar una forma de utilizaci\u00f3n de los tel\u00e9fonos m\u00f3viles para estas personas, ya que su uso se va extendiendo y generalizando m\u00e1s all\u00e1 de la llamada simple de voz, convirti\u00e9ndose en una herramienta de ayuda para el env\u00edo de mensajes tanto tipo sms como multimedia (mms).  por ello y dado que la telemedicina ha abierto muchas posibilidades en atenci\u00f3n sanitaria, no s\u00f3lo salvando la distancia sino aportando soluciones de eficacia y eficiencia a la poblaci\u00f3n que asiste y a los profesionales que prestan asistencia, se presenta este trabajo para desarrollar y validar un protocolo basado en comunicaci\u00f3n gr\u00e1fica y empleo del tel\u00e9fono m\u00f3vil que permita a las personas con problemas para la comunicaci\u00f3n verbal el acceso al sistema de emergencias sanitarias 061.  se ha dise\u00f1ado un protocolo o cuestionario gr\u00e1fico de comunicaci\u00f3n y consejos sanitarios para la comunicaci\u00f3n v\u00eda tel\u00e9fono m\u00f3vil, se ha validado su comprensi\u00f3n por la poblaci\u00f3n con deficiencia auditiva, se ha validado su uso en el centro coordinador de urgencias y emergencias y se ha implantado el proyecto en la empresa p\u00fablica de emergencias sanitarias de andaluc\u00eda, que gestiona el servicio 061.<\/p>\n<p>&nbsp;<\/p>\n<h3>Datos acad\u00e9micos de la tesis doctoral \u00ab<strong>Env\u00edo de im\u00e1genes multimedia como ayuda gr\u00e1fica al sistema de emergencias sanitarias 061<\/strong>\u00ab<\/h3>\n<ul>\n<li><strong>T\u00edtulo de la tesis:<\/strong>\u00a0 Env\u00edo de im\u00e1genes multimedia como ayuda gr\u00e1fica al sistema de emergencias sanitarias 061 <\/li>\n<li><strong>Autor:<\/strong>\u00a0 Ricardo Sotillo Hidalgo <\/li>\n<li><strong>Universidad:<\/strong>\u00a0 Granada<\/li>\n<li><strong>Fecha de lectura de la tesis:<\/strong>\u00a0 10\/01\/2006<\/li>\n<\/ul>\n<p>&nbsp;<\/p>\n<h3>Direcci\u00f3n y tribunal<\/h3>\n<ul>\n<li><strong>Director de la tesis<\/strong>\n<ul>\n<li>Manuel Joaquin Castillo Garzon<\/li>\n<\/ul>\n<\/li>\n<li><strong>Tribunal<\/strong>\n<ul>\n<li>Presidente del tribunal: angel Gutierrez sainz <\/li>\n<li>gabino Almonacid puche (vocal)<\/li>\n<li>Manuel Colmenero ruiz (vocal)<\/li>\n<li>raquel Rios fernandez (vocal)<\/li>\n<\/ul>\n<\/li>\n<\/ul>\n<p>&nbsp;<\/p>\n","protected":false},"excerpt":{"rendered":"<p>Tesis doctoral de Ricardo Sotillo Hidalgo El acceso general al sistema de emergencias sanitarias 061 en andaluc\u00eda se realiza normalmente [&hellip;]<\/p>\n","protected":false},"author":1,"featured_media":0,"comment_status":"open","ping_status":"open","sticky":false,"template":"","format":"standard","meta":{"site-sidebar-layout":"default","site-content-layout":"","ast-site-content-layout":"","site-content-style":"default","site-sidebar-style":"default","ast-global-header-display":"","ast-banner-title-visibility":"","ast-main-header-display":"","ast-hfb-above-header-display":"","ast-hfb-below-header-display":"","ast-hfb-mobile-header-display":"","site-post-title":"","ast-breadcrumbs-content":"","ast-featured-img":"","footer-sml-layout":"","theme-transparent-header-meta":"","adv-header-id-meta":"","stick-header-meta":"","header-above-stick-meta":"","header-main-stick-meta":"","header-below-stick-meta":"","astra-migrate-meta-layouts":"default","ast-page-background-enabled":"default","ast-page-background-meta":{"desktop":{"background-color":"var(--ast-global-color-4)","background-image":"","background-repeat":"repeat","background-position":"center center","background-size":"auto","background-attachment":"scroll","background-type":"","background-media":"","overlay-type":"","overlay-color":"","overlay-gradient":""},"tablet":{"background-color":"","background-image":"","background-repeat":"repeat","background-position":"center center","background-size":"auto","background-attachment":"scroll","background-type":"","background-media":"","overlay-type":"","overlay-color":"","overlay-gradient":""},"mobile":{"background-color":"","background-image":"","background-repeat":"repeat","background-position":"center center","background-size":"auto","background-attachment":"scroll","background-type":"","background-media":"","overlay-type":"","overlay-color":"","overlay-gradient":""}},"ast-content-background-meta":{"desktop":{"background-color":"var(--ast-global-color-5)","background-image":"","background-repeat":"repeat","background-position":"center center","background-size":"auto","background-attachment":"scroll","background-type":"","background-media":"","overlay-type":"","overlay-color":"","overlay-gradient":""},"tablet":{"background-color":"var(--ast-global-color-5)","background-image":"","background-repeat":"repeat","background-position":"center center","background-size":"auto","background-attachment":"scroll","background-type":"","background-media":"","overlay-type":"","overlay-color":"","overlay-gradient":""},"mobile":{"background-color":"var(--ast-global-color-5)","background-image":"","background-repeat":"repeat","background-position":"center center","background-size":"auto","background-attachment":"scroll","background-type":"","background-media":"","overlay-type":"","overlay-color":"","overlay-gradient":""}},"footnotes":""},"categories":[12380,14126],"tags":[168147,16286,75338,40672,51611,168146],"class_list":["post-78189","post","type-post","status-publish","format-standard","hentry","category-sector-de-la-salud","category-tecnologia-y-cambio-social","tag-angel-gutierrez-sainz","tag-gabino-almonacid-puche","tag-manuel-colmenero-ruiz","tag-manuel-joaquin-castillo-garzon","tag-raquel-rios-fernandez","tag-ricardo-sotillo-hidalgo"],"_links":{"self":[{"href":"https:\/\/www.deberes.net\/tesis\/wp-json\/wp\/v2\/posts\/78189","targetHints":{"allow":["GET"]}}],"collection":[{"href":"https:\/\/www.deberes.net\/tesis\/wp-json\/wp\/v2\/posts"}],"about":[{"href":"https:\/\/www.deberes.net\/tesis\/wp-json\/wp\/v2\/types\/post"}],"author":[{"embeddable":true,"href":"https:\/\/www.deberes.net\/tesis\/wp-json\/wp\/v2\/users\/1"}],"replies":[{"embeddable":true,"href":"https:\/\/www.deberes.net\/tesis\/wp-json\/wp\/v2\/comments?post=78189"}],"version-history":[{"count":0,"href":"https:\/\/www.deberes.net\/tesis\/wp-json\/wp\/v2\/posts\/78189\/revisions"}],"wp:attachment":[{"href":"https:\/\/www.deberes.net\/tesis\/wp-json\/wp\/v2\/media?parent=78189"}],"wp:term":[{"taxonomy":"category","embeddable":true,"href":"https:\/\/www.deberes.net\/tesis\/wp-json\/wp\/v2\/categories?post=78189"},{"taxonomy":"post_tag","embeddable":true,"href":"https:\/\/www.deberes.net\/tesis\/wp-json\/wp\/v2\/tags?post=78189"}],"curies":[{"name":"wp","href":"https:\/\/api.w.org\/{rel}","templated":true}]}}