{"id":78212,"date":"2006-12-01T00:00:00","date_gmt":"2006-12-01T00:00:00","guid":{"rendered":"https:\/\/www.deberes.net\/tesis\/sin-categoria\/pastas-y-morteros-de-cal-y-cemento-carbonatacion-y-propiedades-fisicoquimicas-y-mecanicas-aplicacion-al-patrimonio-edificado\/"},"modified":"2006-12-01T00:00:00","modified_gmt":"2006-12-01T00:00:00","slug":"pastas-y-morteros-de-cal-y-cemento-carbonatacion-y-propiedades-fisicoquimicas-y-mecanicas-aplicacion-al-patrimonio-edificado","status":"publish","type":"post","link":"https:\/\/www.deberes.net\/tesis\/propiedades-de-materiales\/pastas-y-morteros-de-cal-y-cemento-carbonatacion-y-propiedades-fisicoquimicas-y-mecanicas-aplicacion-al-patrimonio-edificado\/","title":{"rendered":"Pastas y morteros de cal y cemento carbonatacion y propiedades fisicoquimicas y mecanicas aplicacion al patrimonio edificado"},"content":{"rendered":"<h2>Tesis doctoral de <strong> Mikel Arandigoyen  Vidaurre <\/strong><\/h2>\n<p>Se han estudiado pastas de cal con distinta relaci\u00f3n agua\/cal y pastas mixtas de cal y cemento con distinta composici\u00f3n evaluando la microestructura: porosidad, distribuci\u00f3n de tama\u00f1o de poro, morfolog\u00eda y dimensi\u00f3n fractal de superficie. Los resultados muestran que las pastas de cal tienen pr\u00e1cticamente un \u00fanico tama\u00f1o de poro que se incrementa con el agua de amasado. Tambi\u00e9n se incrementa la porosidad y el rango de poros, mientras que la dimensi\u00f3n fractal de superficie permanece constante. En pastas mixtas, al incrementarse el porcentaje de cemento, la porosidad decrece, el rango de poros existente se ampl\u00eda y se desplaza hacia di\u00e1metros de poro menores, la morfolog\u00eda se torna m\u00e1s compleja dando lugar a un incremento de la dimensi\u00f3n fractal de superficie. La absorci\u00f3n capilar y el contenido en agua a diferentes humedades relativas fueron estudiadas en ambos tipos de pastas. El contenido en agua es similar en todas las pastas de cal (adsorbida en la superficie de los poros), mientras que en las pastas mixtas se incrementa al aumentar el porcentaje de cemento como consecuencia de un incremento de la condensaci\u00f3n capilar. La absorci\u00f3n capilar en todas las pastas sigue el modelo de los tubos paralelos, principalmente en las pastas de cal. El coeficiente de capilaridad es proporcional al agua de amasado en las pastas de cal y al porcentaje de cal en las pastas mixtas. Se ha propuesto un nuevo m\u00e9todo de seguimiento del proceso de carbonataci\u00f3n por evaluaci\u00f3n de la evoluci\u00f3n del peso, obteniendo un par\u00e1metro a (g\/cm2\u00c2\u00absj4) y un par\u00e1metro ba. Evaluando el \u00e1rea carbonatada por el m\u00e9todo de la fenolftaleina se obtiene el par\u00e1metro b (cm2\/sj\u00c2\u00a3). Estos tres par\u00e1metros se han evaluado en ambos tipos de pastas, estudiando como la microestructura determina la cin\u00e9tica del proceso de carbonataci\u00f3n en estos materiales. Se ha evaluado la variaci\u00f3n de la microestructura con el proceso de la carbonataci\u00f3n, evaluando la porosidad, la distribuci\u00f3n de tama\u00f1o de poro, la dimensi\u00f3n fractal de superficie y el \u00e1rea espec\u00edfica. El estudio de morteros mixtos de cal y cemento incluye: i) evaluaci\u00f3n de la microestructura: porosidad, distribuci\u00f3n de tama\u00f1o de poro y \u00e1rea superficial espec\u00edfica prestando especial inter\u00e9s a la itz (zona de transici\u00f3n interfacial), ii) evaluaci\u00f3n de las propiedades mec\u00e1nicas, estudiando las resistencias mec\u00e1nicas a distintos d\u00edas de curado y el comportamiento durante el ensayo (evaluando las zonas pl\u00e1sticas y el\u00e1sticas), tanto a compresi\u00f3n como a flexi\u00f3n.<\/p>\n<p>&nbsp;<\/p>\n<h3>Datos acad\u00e9micos de la tesis doctoral \u00ab<strong>Pastas y morteros de cal y cemento carbonatacion y propiedades fisicoquimicas y mecanicas aplicacion al patrimonio edificado<\/strong>\u00ab<\/h3>\n<ul>\n<li><strong>T\u00edtulo de la tesis:<\/strong>\u00a0 Pastas y morteros de cal y cemento carbonatacion y propiedades fisicoquimicas y mecanicas aplicacion al patrimonio edificado <\/li>\n<li><strong>Autor:<\/strong>\u00a0 Mikel Arandigoyen  Vidaurre <\/li>\n<li><strong>Universidad:<\/strong>\u00a0 Navarra<\/li>\n<li><strong>Fecha de lectura de la tesis:<\/strong>\u00a0 12\/01\/2006<\/li>\n<\/ul>\n<p>&nbsp;<\/p>\n<h3>Direcci\u00f3n y tribunal<\/h3>\n<ul>\n<li><strong>Director de la tesis<\/strong>\n<ul>\n<li>Jos\u00e9 Ignacio \u00e1lvarez Galindo<\/li>\n<\/ul>\n<\/li>\n<li><strong>Tribunal<\/strong>\n<ul>\n<li>Presidente del tribunal: vicente Fernandez herrero <\/li>\n<li>domingo Pellicer davina (vocal)<\/li>\n<li>francisca Puertas maroto (vocal)<\/li>\n<li>Miguel angel Bello l\u00f3pez (vocal)<\/li>\n<\/ul>\n<\/li>\n<\/ul>\n<p>&nbsp;<\/p>\n","protected":false},"excerpt":{"rendered":"<p>Tesis doctoral de Mikel Arandigoyen Vidaurre Se han estudiado pastas de cal con distinta relaci\u00f3n agua\/cal y pastas mixtas de [&hellip;]<\/p>\n","protected":false},"author":1,"featured_media":0,"comment_status":"open","ping_status":"open","sticky":false,"template":"","format":"standard","meta":{"site-sidebar-layout":"default","site-content-layout":"","ast-site-content-layout":"","site-content-style":"default","site-sidebar-style":"default","ast-global-header-display":"","ast-banner-title-visibility":"","ast-main-header-display":"","ast-hfb-above-header-display":"","ast-hfb-below-header-display":"","ast-hfb-mobile-header-display":"","site-post-title":"","ast-breadcrumbs-content":"","ast-featured-img":"","footer-sml-layout":"","theme-transparent-header-meta":"","adv-header-id-meta":"","stick-header-meta":"","header-above-stick-meta":"","header-main-stick-meta":"","header-below-stick-meta":"","astra-migrate-meta-layouts":"default","ast-page-background-enabled":"default","ast-page-background-meta":{"desktop":{"background-color":"var(--ast-global-color-4)","background-image":"","background-repeat":"repeat","background-position":"center center","background-size":"auto","background-attachment":"scroll","background-type":"","background-media":"","overlay-type":"","overlay-color":"","overlay-gradient":""},"tablet":{"background-color":"","background-image":"","background-repeat":"repeat","background-position":"center center","background-size":"auto","background-attachment":"scroll","background-type":"","background-media":"","overlay-type":"","overlay-color":"","overlay-gradient":""},"mobile":{"background-color":"","background-image":"","background-repeat":"repeat","background-position":"center center","background-size":"auto","background-attachment":"scroll","background-type":"","background-media":"","overlay-type":"","overlay-color":"","overlay-gradient":""}},"ast-content-background-meta":{"desktop":{"background-color":"var(--ast-global-color-5)","background-image":"","background-repeat":"repeat","background-position":"center center","background-size":"auto","background-attachment":"scroll","background-type":"","background-media":"","overlay-type":"","overlay-color":"","overlay-gradient":""},"tablet":{"background-color":"var(--ast-global-color-5)","background-image":"","background-repeat":"repeat","background-position":"center center","background-size":"auto","background-attachment":"scroll","background-type":"","background-media":"","overlay-type":"","overlay-color":"","overlay-gradient":""},"mobile":{"background-color":"var(--ast-global-color-5)","background-image":"","background-repeat":"repeat","background-position":"center center","background-size":"auto","background-attachment":"scroll","background-type":"","background-media":"","overlay-type":"","overlay-color":"","overlay-gradient":""}},"footnotes":""},"categories":[15830,6543,17749,1125,1678],"tags":[37646,23858,51720,39243,168175,5517],"class_list":["post-78212","post","type-post","status-publish","format-standard","hentry","category-ensayo-de-materiales","category-materiales-aglomerantes","category-navarra","category-propiedades-de-materiales","category-resistencia-de-materiales","tag-domingo-pellicer-davina","tag-francisca-puertas-maroto","tag-jose-ignacio-alvarez-galindo","tag-miguel-angel-bello-lopez","tag-mikel-arandigoyen-vidaurre","tag-vicente-fernandez-herrero"],"_links":{"self":[{"href":"https:\/\/www.deberes.net\/tesis\/wp-json\/wp\/v2\/posts\/78212","targetHints":{"allow":["GET"]}}],"collection":[{"href":"https:\/\/www.deberes.net\/tesis\/wp-json\/wp\/v2\/posts"}],"about":[{"href":"https:\/\/www.deberes.net\/tesis\/wp-json\/wp\/v2\/types\/post"}],"author":[{"embeddable":true,"href":"https:\/\/www.deberes.net\/tesis\/wp-json\/wp\/v2\/users\/1"}],"replies":[{"embeddable":true,"href":"https:\/\/www.deberes.net\/tesis\/wp-json\/wp\/v2\/comments?post=78212"}],"version-history":[{"count":0,"href":"https:\/\/www.deberes.net\/tesis\/wp-json\/wp\/v2\/posts\/78212\/revisions"}],"wp:attachment":[{"href":"https:\/\/www.deberes.net\/tesis\/wp-json\/wp\/v2\/media?parent=78212"}],"wp:term":[{"taxonomy":"category","embeddable":true,"href":"https:\/\/www.deberes.net\/tesis\/wp-json\/wp\/v2\/categories?post=78212"},{"taxonomy":"post_tag","embeddable":true,"href":"https:\/\/www.deberes.net\/tesis\/wp-json\/wp\/v2\/tags?post=78212"}],"curies":[{"name":"wp","href":"https:\/\/api.w.org\/{rel}","templated":true}]}}