{"id":78227,"date":"2018-03-09T23:23:50","date_gmt":"2018-03-09T23:23:50","guid":{"rendered":"https:\/\/www.deberes.net\/tesis\/sin-categoria\/joaquim-homs-y-su-obra-1906-2003\/"},"modified":"2018-03-09T23:23:50","modified_gmt":"2018-03-09T23:23:50","slug":"joaquim-homs-y-su-obra-1906-2003","status":"publish","type":"post","link":"https:\/\/www.deberes.net\/tesis\/ciencias-de-las-artes-y-las-letras\/joaquim-homs-y-su-obra-1906-2003\/","title":{"rendered":"Joaquim homs y su obra (1906-2003)"},"content":{"rendered":"<h2>Tesis doctoral de <strong>  Valdes Huerta Ignacio Jose <\/strong><\/h2>\n<p>La figura de homs, decano de los compositores espa\u00f1oles durante mucho tiempo (vivi\u00f3 casi un siglo en el que su actividad fue interrumpida hasta finales del a\u00f1o noventa) no hab\u00eda sido estudiada hasta la fecha sino de manera generalista y muy parcialmente. Su trascendencia ha sido de primera magnitud a partir del momento en que se convierte en introductor de las t\u00e9cnicas desarrolladas en el seno de la escuela de viena sobre los presupuestos de su fundador, arnol schoemberg, de quien homs recibi\u00f3 ense\u00f1anzas directas. en el \u00e1mbito catal\u00e1n homs fue reconocido como miembro de la real academia de bellas arte de sant jordi.  su relaci\u00f3n con artistas e intelectuales coet\u00e1neos se vio reflejada en buena parte en sus escritos y en su obra. Tuvo especial amistad con figuras de la talla de joan prats (en las paredes de su estudio a\u00fan se pueden ver obras originales regaladas por el pintor catal\u00e1n), joan brossa, el tambi\u00e9n ingenieros josep bartolomeu -en cuya casa de predables, donada a su muerte a la generalitat catalana para convertirla en centro de documentaci\u00f3n.  el corpus central de la tesis se desarrolla sobre la base de un estudio cualitativo de la producci\u00f3n sonora escrita de joaqu\u00edn homs, atendiendo a su producci\u00f3n en pr\u00e1cticamente todos los g\u00e9neros musicales as\u00ed como a su actividad como escritor, conferenciante, traductor y organizador de distintas actividades en torno al club 49.<\/p>\n<p>&nbsp;<\/p>\n<h3>Datos acad\u00e9micos de la tesis doctoral \u00ab<strong>Joaquim homs y su obra (1906-2003)<\/strong>\u00ab<\/h3>\n<ul>\n<li><strong>T\u00edtulo de la tesis:<\/strong>\u00a0 Joaquim homs y su obra (1906-2003) <\/li>\n<li><strong>Autor:<\/strong>\u00a0  Valdes Huerta Ignacio Jose <\/li>\n<li><strong>Universidad:<\/strong>\u00a0 Oviedo<\/li>\n<li><strong>Fecha de lectura de la tesis:<\/strong>\u00a0 13\/01\/2006<\/li>\n<\/ul>\n<p>&nbsp;<\/p>\n<h3>Direcci\u00f3n y tribunal<\/h3>\n<ul>\n<li><strong>Director de la tesis<\/strong>\n<ul>\n<li> Cureses De La Vega Marta<\/li>\n<\/ul>\n<\/li>\n<li><strong>Tribunal<\/strong>\n<ul>\n<li>Presidente del tribunal: angel Medina alvarez <\/li>\n<li>Carlos Villanueva abelairas (vocal)<\/li>\n<li> Virgill blanquet m. antonia (vocal)<\/li>\n<li>xos\u00e9 Avi\u00f1oa p\u00e9rez (vocal)<\/li>\n<\/ul>\n<\/li>\n<\/ul>\n<p>&nbsp;<\/p>\n","protected":false},"excerpt":{"rendered":"<p>Tesis doctoral de Valdes Huerta Ignacio Jose La figura de homs, decano de los compositores espa\u00f1oles durante mucho tiempo (vivi\u00f3 [&hellip;]<\/p>\n","protected":false},"author":1,"featured_media":0,"comment_status":"open","ping_status":"open","sticky":false,"template":"","format":"standard","meta":{"site-sidebar-layout":"default","site-content-layout":"","ast-site-content-layout":"","site-content-style":"default","site-sidebar-style":"default","ast-global-header-display":"","ast-banner-title-visibility":"","ast-main-header-display":"","ast-hfb-above-header-display":"","ast-hfb-below-header-display":"","ast-hfb-mobile-header-display":"","site-post-title":"","ast-breadcrumbs-content":"","ast-featured-img":"","footer-sml-layout":"","theme-transparent-header-meta":"","adv-header-id-meta":"","stick-header-meta":"","header-above-stick-meta":"","header-main-stick-meta":"","header-below-stick-meta":"","astra-migrate-meta-layouts":"default","ast-page-background-enabled":"default","ast-page-background-meta":{"desktop":{"background-color":"var(--ast-global-color-4)","background-image":"","background-repeat":"repeat","background-position":"center center","background-size":"auto","background-attachment":"scroll","background-type":"","background-media":"","overlay-type":"","overlay-color":"","overlay-gradient":""},"tablet":{"background-color":"","background-image":"","background-repeat":"repeat","background-position":"center center","background-size":"auto","background-attachment":"scroll","background-type":"","background-media":"","overlay-type":"","overlay-color":"","overlay-gradient":""},"mobile":{"background-color":"","background-image":"","background-repeat":"repeat","background-position":"center center","background-size":"auto","background-attachment":"scroll","background-type":"","background-media":"","overlay-type":"","overlay-color":"","overlay-gradient":""}},"ast-content-background-meta":{"desktop":{"background-color":"var(--ast-global-color-5)","background-image":"","background-repeat":"repeat","background-position":"center center","background-size":"auto","background-attachment":"scroll","background-type":"","background-media":"","overlay-type":"","overlay-color":"","overlay-gradient":""},"tablet":{"background-color":"var(--ast-global-color-5)","background-image":"","background-repeat":"repeat","background-position":"center center","background-size":"auto","background-attachment":"scroll","background-type":"","background-media":"","overlay-type":"","overlay-color":"","overlay-gradient":""},"mobile":{"background-color":"var(--ast-global-color-5)","background-image":"","background-repeat":"repeat","background-position":"center center","background-size":"auto","background-attachment":"scroll","background-type":"","background-media":"","overlay-type":"","overlay-color":"","overlay-gradient":""}},"footnotes":""},"categories":[147,9132,8846,1111],"tags":[7635,25408,43753,135223,168199,20232],"class_list":["post-78227","post","type-post","status-publish","format-standard","hentry","category-ciencias-de-las-artes-y-las-letras","category-musica-y-musicologia","category-oviedo","category-teoria-analisis-y-critica-de-las-bellas-artes","tag-angel-medina-alvarez","tag-carlos-villanueva-abelairas","tag-cureses-de-la-vega-marta","tag-valdes-huerta-ignacio-jose","tag-virgill-blanquet-m-antonia","tag-xose-avinoa-perez"],"_links":{"self":[{"href":"https:\/\/www.deberes.net\/tesis\/wp-json\/wp\/v2\/posts\/78227","targetHints":{"allow":["GET"]}}],"collection":[{"href":"https:\/\/www.deberes.net\/tesis\/wp-json\/wp\/v2\/posts"}],"about":[{"href":"https:\/\/www.deberes.net\/tesis\/wp-json\/wp\/v2\/types\/post"}],"author":[{"embeddable":true,"href":"https:\/\/www.deberes.net\/tesis\/wp-json\/wp\/v2\/users\/1"}],"replies":[{"embeddable":true,"href":"https:\/\/www.deberes.net\/tesis\/wp-json\/wp\/v2\/comments?post=78227"}],"version-history":[{"count":0,"href":"https:\/\/www.deberes.net\/tesis\/wp-json\/wp\/v2\/posts\/78227\/revisions"}],"wp:attachment":[{"href":"https:\/\/www.deberes.net\/tesis\/wp-json\/wp\/v2\/media?parent=78227"}],"wp:term":[{"taxonomy":"category","embeddable":true,"href":"https:\/\/www.deberes.net\/tesis\/wp-json\/wp\/v2\/categories?post=78227"},{"taxonomy":"post_tag","embeddable":true,"href":"https:\/\/www.deberes.net\/tesis\/wp-json\/wp\/v2\/tags?post=78227"}],"curies":[{"name":"wp","href":"https:\/\/api.w.org\/{rel}","templated":true}]}}