{"id":78247,"date":"2018-03-09T23:23:54","date_gmt":"2018-03-09T23:23:54","guid":{"rendered":"https:\/\/www.deberes.net\/tesis\/sin-categoria\/la-adquisicion-derivativa-de-acciones-propias-el-proceso-de-adaptacion-comunitaria\/"},"modified":"2018-03-09T23:23:54","modified_gmt":"2018-03-09T23:23:54","slug":"la-adquisicion-derivativa-de-acciones-propias-el-proceso-de-adaptacion-comunitaria","status":"publish","type":"post","link":"https:\/\/www.deberes.net\/tesis\/ciencias-economicas\/la-adquisicion-derivativa-de-acciones-propias-el-proceso-de-adaptacion-comunitaria\/","title":{"rendered":"La adquisici\u00f3n derivativa de acciones propias: el proceso de adaptaci\u00f3n comunitaria"},"content":{"rendered":"<h2>Tesis doctoral de <strong>  Ba\u00f1uls G\u00f3mez Francisco Alexis <\/strong><\/h2>\n<p>La posibilidad de que una sociedad pueda adquirir sus propias acciones ha sido contemplada tradicionalmente con gran desconfianza por el derecho, en atenci\u00f3n a las graves consecuencias que esta pr\u00e1ctica pod\u00eda comportar. no obstante, estos inconvenientes no constituyen de ning\u00fan modo la regla general, sino que configuran el cuadro de las que -por as\u00ed decirlo- podr\u00edan catalogarse como \u00absituaciones patol\u00f3gicas de aprovechamiento il\u00edcito de una instituci\u00f3n jur\u00eddica\u00bb. La existencia en el derecho comunitario de una norma que prohibiese a las sociedades capitalistas la realizaci\u00f3n de operaciones de adquisici\u00f3n derivativa estaba plenamente justificada. En espa\u00f1a, tras el texto refundido de la ley de sociedades an\u00f3nimas de 25 de diciembre de 1989, y sus consiguientes modificaciones, se ha incorporado de forma razonable el ordenamiento societario de la comunidad, colocando a nuestro pa\u00eds entre los pocos que han efectuado una adaptaci\u00f3n de su derecho societario a la totalidad de las directivas entradas en vigor.<\/p>\n<p>&nbsp;<\/p>\n<h3>Datos acad\u00e9micos de la tesis doctoral \u00ab<strong>La adquisici\u00f3n derivativa de acciones propias: el proceso de adaptaci\u00f3n comunitaria<\/strong>\u00ab<\/h3>\n<ul>\n<li><strong>T\u00edtulo de la tesis:<\/strong>\u00a0 La adquisici\u00f3n derivativa de acciones propias: el proceso de adaptaci\u00f3n comunitaria <\/li>\n<li><strong>Autor:<\/strong>\u00a0  Ba\u00f1uls G\u00f3mez Francisco Alexis <\/li>\n<li><strong>Universidad:<\/strong>\u00a0 San pablo-ceu<\/li>\n<li><strong>Fecha de lectura de la tesis:<\/strong>\u00a0 13\/01\/2006<\/li>\n<\/ul>\n<p>&nbsp;<\/p>\n<h3>Direcci\u00f3n y tribunal<\/h3>\n<ul>\n<li><strong>Director de la tesis<\/strong>\n<ul>\n<li>Emilio Miguel Beltran Sanchez<\/li>\n<\/ul>\n<\/li>\n<li><strong>Tribunal<\/strong>\n<ul>\n<li>Presidente del tribunal: fernando S\u00e1nchez calero <\/li>\n<li>Luis Antonio Velasco san pedro (vocal)<\/li>\n<li> Rojo fern\u00e1ndez-r\u00edo \u00e1ngel Jos\u00e9 (vocal)<\/li>\n<li>Fernando Valenzuela garach (vocal)<\/li>\n<\/ul>\n<\/li>\n<\/ul>\n<p>&nbsp;<\/p>\n","protected":false},"excerpt":{"rendered":"<p>Tesis doctoral de Ba\u00f1uls G\u00f3mez Francisco Alexis La posibilidad de que una sociedad pueda adquirir sus propias acciones ha sido [&hellip;]<\/p>\n","protected":false},"author":1,"featured_media":0,"comment_status":"open","ping_status":"open","sticky":false,"template":"","format":"standard","meta":{"site-sidebar-layout":"default","site-content-layout":"","ast-site-content-layout":"","site-content-style":"default","site-sidebar-style":"default","ast-global-header-display":"","ast-banner-title-visibility":"","ast-main-header-display":"","ast-hfb-above-header-display":"","ast-hfb-below-header-display":"","ast-hfb-mobile-header-display":"","site-post-title":"","ast-breadcrumbs-content":"","ast-featured-img":"","footer-sml-layout":"","theme-transparent-header-meta":"","adv-header-id-meta":"","stick-header-meta":"","header-above-stick-meta":"","header-main-stick-meta":"","header-below-stick-meta":"","astra-migrate-meta-layouts":"default","ast-page-background-enabled":"default","ast-page-background-meta":{"desktop":{"background-color":"var(--ast-global-color-4)","background-image":"","background-repeat":"repeat","background-position":"center center","background-size":"auto","background-attachment":"scroll","background-type":"","background-media":"","overlay-type":"","overlay-color":"","overlay-gradient":""},"tablet":{"background-color":"","background-image":"","background-repeat":"repeat","background-position":"center center","background-size":"auto","background-attachment":"scroll","background-type":"","background-media":"","overlay-type":"","overlay-color":"","overlay-gradient":""},"mobile":{"background-color":"","background-image":"","background-repeat":"repeat","background-position":"center center","background-size":"auto","background-attachment":"scroll","background-type":"","background-media":"","overlay-type":"","overlay-color":"","overlay-gradient":""}},"ast-content-background-meta":{"desktop":{"background-color":"var(--ast-global-color-5)","background-image":"","background-repeat":"repeat","background-position":"center center","background-size":"auto","background-attachment":"scroll","background-type":"","background-media":"","overlay-type":"","overlay-color":"","overlay-gradient":""},"tablet":{"background-color":"var(--ast-global-color-5)","background-image":"","background-repeat":"repeat","background-position":"center center","background-size":"auto","background-attachment":"scroll","background-type":"","background-media":"","overlay-type":"","overlay-color":"","overlay-gradient":""},"mobile":{"background-color":"var(--ast-global-color-5)","background-image":"","background-repeat":"repeat","background-position":"center center","background-size":"auto","background-attachment":"scroll","background-type":"","background-media":"","overlay-type":"","overlay-color":"","overlay-gradient":""}},"footnotes":""},"categories":[838,82,612,2826,979,963,1698,1302,15032,839,39800,4677],"tags":[168243,16797,20664,35480,18308,168244],"class_list":["post-78247","post","type-post","status-publish","format-standard","hentry","category-ciencia-politica","category-ciencias-economicas","category-ciencias-juridicas-y-derecho","category-derecho-mercantil","category-derecho-y-legislacion-nacionales","category-economia-sectorial","category-gestion-financiera","category-organizacion-y-gestion-de-empresas","category-politica-economica","category-politicas-sectoriales","category-san-pablo-ceu","category-sector-de-finanzas-y-seguros","tag-banuls-gomez-francisco-alexis","tag-emilio-miguel-beltran-sanchez","tag-fernando-sanchez-calero","tag-fernando-valenzuela-garach","tag-luis-antonio-velasco-san-pedro","tag-rojo-fernandez-rio-angel-jose"],"_links":{"self":[{"href":"https:\/\/www.deberes.net\/tesis\/wp-json\/wp\/v2\/posts\/78247","targetHints":{"allow":["GET"]}}],"collection":[{"href":"https:\/\/www.deberes.net\/tesis\/wp-json\/wp\/v2\/posts"}],"about":[{"href":"https:\/\/www.deberes.net\/tesis\/wp-json\/wp\/v2\/types\/post"}],"author":[{"embeddable":true,"href":"https:\/\/www.deberes.net\/tesis\/wp-json\/wp\/v2\/users\/1"}],"replies":[{"embeddable":true,"href":"https:\/\/www.deberes.net\/tesis\/wp-json\/wp\/v2\/comments?post=78247"}],"version-history":[{"count":0,"href":"https:\/\/www.deberes.net\/tesis\/wp-json\/wp\/v2\/posts\/78247\/revisions"}],"wp:attachment":[{"href":"https:\/\/www.deberes.net\/tesis\/wp-json\/wp\/v2\/media?parent=78247"}],"wp:term":[{"taxonomy":"category","embeddable":true,"href":"https:\/\/www.deberes.net\/tesis\/wp-json\/wp\/v2\/categories?post=78247"},{"taxonomy":"post_tag","embeddable":true,"href":"https:\/\/www.deberes.net\/tesis\/wp-json\/wp\/v2\/tags?post=78247"}],"curies":[{"name":"wp","href":"https:\/\/api.w.org\/{rel}","templated":true}]}}