{"id":78293,"date":"2018-03-09T23:23:54","date_gmt":"2018-03-09T23:23:54","guid":{"rendered":"https:\/\/www.deberes.net\/tesis\/sin-categoria\/la-pola%c2%adtica-europeista-del-pnv-en-el-exilio-1945-1977\/"},"modified":"2018-03-09T23:23:54","modified_gmt":"2018-03-09T23:23:54","slug":"la-pola%c2%adtica-europeista-del-pnv-en-el-exilio-1945-1977","status":"publish","type":"post","link":"https:\/\/www.deberes.net\/tesis\/historia-regional\/la-pola%c2%adtica-europeista-del-pnv-en-el-exilio-1945-1977\/","title":{"rendered":"La pol\u00edtica europeista del pnv en el exilio (1945-1977)"},"content":{"rendered":"<h2>Tesis doctoral de <strong> Leyre Arrieta Alberdi <\/strong><\/h2>\n<p>El objetivo de la presente tesis doctoral ha sido el an\u00e1lisis, plasmaci\u00f3n e interpolaci\u00f3n de la pol\u00edtica europe\u00edsta del pnv desde 1945 -a\u00f1o en el que termina la segunda guerra mundial y comienza a gestarse una nueva formulaci\u00f3n europea- hasta 1977 -fecha en la que se celebra la asamblea de pamplona y que marca el inicio de un nuevo per\u00edodo para el pnv-. Se ha abordado el examen de dicha pol\u00edtica europe\u00edsta tanto en su vertiente te\u00f3rica como pr\u00e1ctica, y tanto desde una perspectiva din\u00e1mica -su evoluci\u00f3n a lo largo de los a\u00f1os comprendidos en nuestro marco cronol\u00f3gico -como dial\u00e9ctica- idea\/praxis- en relaci\u00f3n con la propia realidad de construcci\u00f3n europea.     la hip\u00f3tesis que lanzamos al inicio del proceso de investigaci\u00f3n fue la siguiente: por razones de supervivencia de su propio constructo ideol\u00f3gico-pol\u00edtico, el pnv se ha refugiado en un discurso ut\u00f3pico y ret\u00f3rico sobre europa, un discurso al margen de la propia realidad del proceso de construcci\u00f3n europea. Desde hace a\u00f1os, europa ha estado presente en el ideario del pnv como oportunidad y horizonte final para el encaje en su seno de una futura euskadi due\u00f1a de su destino. No obstante, ese discurso europe\u00edsta no se ha visto correspondido por la realidad paralela de una construcci\u00f3n europea cimentada sobre unos pilares bien distintos, si no antag\u00f3nicos, a los por \u00e9l propugnados: los estados. Con el prop\u00f3sito de abordar y profundizar en esa hip\u00f3tesis, la investigaci\u00f3n se ha centrado en el estudio de la dimensi\u00f3n europe\u00edsta del pnv desde la doble vertiente del discurso ideol\u00f3gico y de la praxis pol\u00edtica.     para profundizar en el discurso hemos analizado, por un lado, el contenido del mismo centr\u00e1ndonos en los principios b\u00e1sicos que lo rigen y en los objetivos trazados; por otro, su grado de homogeneidad; y en tercer lugar, su evoluci\u00f3n con respecto al proceso de construcci\u00f3n europea, y al contexto internacional, en orden a una hipot\u00e9tica redefinici\u00f3n de objetivos<\/p>\n<p>&nbsp;<\/p>\n<h3>Datos acad\u00e9micos de la tesis doctoral \u00ab<strong>La pol\u00edtica europeista del pnv en el exilio (1945-1977)<\/strong>\u00ab<\/h3>\n<ul>\n<li><strong>T\u00edtulo de la tesis:<\/strong>\u00a0 La pol\u00edtica europeista del pnv en el exilio (1945-1977) <\/li>\n<li><strong>Autor:<\/strong>\u00a0 Leyre Arrieta Alberdi <\/li>\n<li><strong>Universidad:<\/strong>\u00a0 Deusto<\/li>\n<li><strong>Fecha de lectura de la tesis:<\/strong>\u00a0 18\/01\/2006<\/li>\n<\/ul>\n<p>&nbsp;<\/p>\n<h3>Direcci\u00f3n y tribunal<\/h3>\n<ul>\n<li><strong>Director de la tesis<\/strong>\n<ul>\n<li>Ludger Mees<\/li>\n<\/ul>\n<\/li>\n<li><strong>Tribunal<\/strong>\n<ul>\n<li>Presidente del tribunal: Jos\u00e9 Luis De la granja sainz <\/li>\n<li> N\u00fa\u00f1ez seixas xos\u00e9 manoel (vocal)<\/li>\n<li>Santiago de Pablo contreras (vocal)<\/li>\n<li>Mar\u00eda Jes\u00fas Cava mesa (vocal)<\/li>\n<\/ul>\n<\/li>\n<\/ul>\n<p>&nbsp;<\/p>\n","protected":false},"excerpt":{"rendered":"<p>Tesis doctoral de Leyre Arrieta Alberdi El objetivo de la presente tesis doctoral ha sido el an\u00e1lisis, plasmaci\u00f3n e interpolaci\u00f3n [&hellip;]<\/p>\n","protected":false},"author":1,"featured_media":0,"comment_status":"open","ping_status":"open","sticky":false,"template":"","format":"standard","meta":{"site-sidebar-layout":"default","site-content-layout":"","ast-site-content-layout":"","site-content-style":"default","site-sidebar-style":"default","ast-global-header-display":"","ast-banner-title-visibility":"","ast-main-header-display":"","ast-hfb-above-header-display":"","ast-hfb-below-header-display":"","ast-hfb-mobile-header-display":"","site-post-title":"","ast-breadcrumbs-content":"","ast-featured-img":"","footer-sml-layout":"","theme-transparent-header-meta":"","adv-header-id-meta":"","stick-header-meta":"","header-above-stick-meta":"","header-main-stick-meta":"","header-below-stick-meta":"","astra-migrate-meta-layouts":"default","ast-page-background-enabled":"default","ast-page-background-meta":{"desktop":{"background-color":"var(--ast-global-color-4)","background-image":"","background-repeat":"repeat","background-position":"center center","background-size":"auto","background-attachment":"scroll","background-type":"","background-media":"","overlay-type":"","overlay-color":"","overlay-gradient":""},"tablet":{"background-color":"","background-image":"","background-repeat":"repeat","background-position":"center center","background-size":"auto","background-attachment":"scroll","background-type":"","background-media":"","overlay-type":"","overlay-color":"","overlay-gradient":""},"mobile":{"background-color":"","background-image":"","background-repeat":"repeat","background-position":"center center","background-size":"auto","background-attachment":"scroll","background-type":"","background-media":"","overlay-type":"","overlay-color":"","overlay-gradient":""}},"ast-content-background-meta":{"desktop":{"background-color":"var(--ast-global-color-5)","background-image":"","background-repeat":"repeat","background-position":"center center","background-size":"auto","background-attachment":"scroll","background-type":"","background-media":"","overlay-type":"","overlay-color":"","overlay-gradient":""},"tablet":{"background-color":"var(--ast-global-color-5)","background-image":"","background-repeat":"repeat","background-position":"center center","background-size":"auto","background-attachment":"scroll","background-type":"","background-media":"","overlay-type":"","overlay-color":"","overlay-gradient":""},"mobile":{"background-color":"var(--ast-global-color-5)","background-image":"","background-repeat":"repeat","background-position":"center center","background-size":"auto","background-attachment":"scroll","background-type":"","background-media":"","overlay-type":"","overlay-color":"","overlay-gradient":""}},"footnotes":""},"categories":[31910,1816,3538,15343,981],"tags":[28509,168332,85560,73825,125345,23283],"class_list":["post-78293","post","type-post","status-publish","format-standard","hentry","category-deusto","category-historia-contemporanea","category-historia-de-las-ideas-politicas","category-historia-de-las-relaciones-internacionales","category-historia-regional","tag-jose-luis-de-la-granja-sainz","tag-leyre-arrieta-alberdi","tag-ludger-mees","tag-maria-jesus-cava-mesa","tag-nunez-seixas-xose-manoel","tag-santiago-de-pablo-contreras"],"_links":{"self":[{"href":"https:\/\/www.deberes.net\/tesis\/wp-json\/wp\/v2\/posts\/78293","targetHints":{"allow":["GET"]}}],"collection":[{"href":"https:\/\/www.deberes.net\/tesis\/wp-json\/wp\/v2\/posts"}],"about":[{"href":"https:\/\/www.deberes.net\/tesis\/wp-json\/wp\/v2\/types\/post"}],"author":[{"embeddable":true,"href":"https:\/\/www.deberes.net\/tesis\/wp-json\/wp\/v2\/users\/1"}],"replies":[{"embeddable":true,"href":"https:\/\/www.deberes.net\/tesis\/wp-json\/wp\/v2\/comments?post=78293"}],"version-history":[{"count":0,"href":"https:\/\/www.deberes.net\/tesis\/wp-json\/wp\/v2\/posts\/78293\/revisions"}],"wp:attachment":[{"href":"https:\/\/www.deberes.net\/tesis\/wp-json\/wp\/v2\/media?parent=78293"}],"wp:term":[{"taxonomy":"category","embeddable":true,"href":"https:\/\/www.deberes.net\/tesis\/wp-json\/wp\/v2\/categories?post=78293"},{"taxonomy":"post_tag","embeddable":true,"href":"https:\/\/www.deberes.net\/tesis\/wp-json\/wp\/v2\/tags?post=78293"}],"curies":[{"name":"wp","href":"https:\/\/api.w.org\/{rel}","templated":true}]}}