{"id":78319,"date":"2018-03-09T23:23:58","date_gmt":"2018-03-09T23:23:58","guid":{"rendered":"https:\/\/www.deberes.net\/tesis\/sin-categoria\/argelia-en-las-relaciones-espana-magreb-1977-1996\/"},"modified":"2018-03-09T23:23:58","modified_gmt":"2018-03-09T23:23:58","slug":"argelia-en-las-relaciones-espana-magreb-1977-1996","status":"publish","type":"post","link":"https:\/\/www.deberes.net\/tesis\/filosofia\/argelia-en-las-relaciones-espana-magreb-1977-1996\/","title":{"rendered":"Argelia en las relaciones espa\u00f1a-magreb. 1977-1996."},"content":{"rendered":"<h2>Tesis doctoral de <strong> Fadhila Etahri <\/strong><\/h2>\n<p>En la presente tesis doctoral, he estudiado las relaciones de espa\u00f1a con argelia a trav\u00e9s de documentales oficiales de la pol\u00edtica espa\u00f1ola como los debates de los parlamentarios del congreso de diputados y los discursos de ministros para observar la visi\u00f3n de unos y otros acerca de argelia y llegar a definir el tipo de relaci\u00f3n que existe entre ambos pa\u00edses. He dividido mi estudio en veinte cap\u00edtulos para ver la evoluci\u00f3n de espa\u00f1a -argelia con un enfoque tem\u00e1tico pero respetando la cronolog\u00eda a trav\u00e9s de los factores internos y externos de la pol\u00edtica espa\u00f1ola. He dividido a efectos de estudio tres per\u00edodos de las relaciones espa\u00f1a-argelia: en primer lugar, he hecho una retrospectiva hist\u00f3rica desde la independencia hasta el final del periodo franquista; en segundo lugar, he estudiado la transici\u00f3n a la democracia (1977-1981) que supone la ruptura con el r\u00e9gimen anterior de franco, y en tercer lugar, el advenimiento de los socialistas al poder (1982-1996) que supone la consolidaci\u00f3n de la democracia en espa\u00f1a.He estudiado los tres aspectos de las relaciones espa\u00f1a-argelia con lo pol\u00edtico, econ\u00f3mico y cultural. En esta tesis, he pretendido hacer una descripci\u00f3n hist\u00f3rica con una valoraci\u00f3n de los temas y he estudiado las relaciones espa\u00f1a-argelia desde un punto de vista emp\u00edrico.<\/p>\n<p>&nbsp;<\/p>\n<h3>Datos acad\u00e9micos de la tesis doctoral \u00ab<strong>Argelia en las relaciones espa\u00f1a-magreb. 1977-1996.<\/strong>\u00ab<\/h3>\n<ul>\n<li><strong>T\u00edtulo de la tesis:<\/strong>\u00a0 Argelia en las relaciones espa\u00f1a-magreb. 1977-1996. <\/li>\n<li><strong>Autor:<\/strong>\u00a0 Fadhila Etahri <\/li>\n<li><strong>Universidad:<\/strong>\u00a0 Aut\u00f3noma de Madrid<\/li>\n<li><strong>Fecha de lectura de la tesis:<\/strong>\u00a0 19\/01\/2006<\/li>\n<\/ul>\n<p>&nbsp;<\/p>\n<h3>Direcci\u00f3n y tribunal<\/h3>\n<ul>\n<li><strong>Director de la tesis<\/strong>\n<ul>\n<li>Bernab\u00e9 L\u00f3pez Garc\u00eda<\/li>\n<\/ul>\n<\/li>\n<li><strong>Tribunal<\/strong>\n<ul>\n<li>Presidente del tribunal: Francisco Marcos mar\u00edn <\/li>\n<li>Juan Bautista vilar (vocal)<\/li>\n<li> Hernando de larramendi Miguel (vocal)<\/li>\n<li>Carlos P\u00e9rez beltr\u00e1n (vocal)<\/li>\n<\/ul>\n<\/li>\n<\/ul>\n<p>&nbsp;<\/p>\n","protected":false},"excerpt":{"rendered":"<p>Tesis doctoral de Fadhila Etahri En la presente tesis doctoral, he estudiado las relaciones de espa\u00f1a con argelia a trav\u00e9s [&hellip;]<\/p>\n","protected":false},"author":1,"featured_media":0,"comment_status":"open","ping_status":"open","sticky":false,"template":"","format":"standard","meta":{"site-sidebar-layout":"default","site-content-layout":"","ast-site-content-layout":"","site-content-style":"default","site-sidebar-style":"default","ast-global-header-display":"","ast-banner-title-visibility":"","ast-main-header-display":"","ast-hfb-above-header-display":"","ast-hfb-below-header-display":"","ast-hfb-mobile-header-display":"","site-post-title":"","ast-breadcrumbs-content":"","ast-featured-img":"","footer-sml-layout":"","theme-transparent-header-meta":"","adv-header-id-meta":"","stick-header-meta":"","header-above-stick-meta":"","header-main-stick-meta":"","header-below-stick-meta":"","astra-migrate-meta-layouts":"default","ast-page-background-enabled":"default","ast-page-background-meta":{"desktop":{"background-color":"var(--ast-global-color-4)","background-image":"","background-repeat":"repeat","background-position":"center center","background-size":"auto","background-attachment":"scroll","background-type":"","background-media":"","overlay-type":"","overlay-color":"","overlay-gradient":""},"tablet":{"background-color":"","background-image":"","background-repeat":"repeat","background-position":"center center","background-size":"auto","background-attachment":"scroll","background-type":"","background-media":"","overlay-type":"","overlay-color":"","overlay-gradient":""},"mobile":{"background-color":"","background-image":"","background-repeat":"repeat","background-position":"center center","background-size":"auto","background-attachment":"scroll","background-type":"","background-media":"","overlay-type":"","overlay-color":"","overlay-gradient":""}},"ast-content-background-meta":{"desktop":{"background-color":"var(--ast-global-color-5)","background-image":"","background-repeat":"repeat","background-position":"center center","background-size":"auto","background-attachment":"scroll","background-type":"","background-media":"","overlay-type":"","overlay-color":"","overlay-gradient":""},"tablet":{"background-color":"var(--ast-global-color-5)","background-image":"","background-repeat":"repeat","background-position":"center center","background-size":"auto","background-attachment":"scroll","background-type":"","background-media":"","overlay-type":"","overlay-color":"","overlay-gradient":""},"mobile":{"background-color":"var(--ast-global-color-5)","background-image":"","background-repeat":"repeat","background-position":"center center","background-size":"auto","background-attachment":"scroll","background-type":"","background-media":"","overlay-type":"","overlay-color":"","overlay-gradient":""}},"footnotes":""},"categories":[165],"tags":[5650,168383,168382,3972,44726,8660],"class_list":["post-78319","post","type-post","status-publish","format-standard","hentry","category-filosofia","tag-bernabe-lopez-garcia","tag-carlos-perez-beltran","tag-fadhila-etahri","tag-francisco-marcos-marin","tag-hernando-de-larramendi-miguel","tag-juan-bautista-vilar"],"_links":{"self":[{"href":"https:\/\/www.deberes.net\/tesis\/wp-json\/wp\/v2\/posts\/78319","targetHints":{"allow":["GET"]}}],"collection":[{"href":"https:\/\/www.deberes.net\/tesis\/wp-json\/wp\/v2\/posts"}],"about":[{"href":"https:\/\/www.deberes.net\/tesis\/wp-json\/wp\/v2\/types\/post"}],"author":[{"embeddable":true,"href":"https:\/\/www.deberes.net\/tesis\/wp-json\/wp\/v2\/users\/1"}],"replies":[{"embeddable":true,"href":"https:\/\/www.deberes.net\/tesis\/wp-json\/wp\/v2\/comments?post=78319"}],"version-history":[{"count":0,"href":"https:\/\/www.deberes.net\/tesis\/wp-json\/wp\/v2\/posts\/78319\/revisions"}],"wp:attachment":[{"href":"https:\/\/www.deberes.net\/tesis\/wp-json\/wp\/v2\/media?parent=78319"}],"wp:term":[{"taxonomy":"category","embeddable":true,"href":"https:\/\/www.deberes.net\/tesis\/wp-json\/wp\/v2\/categories?post=78319"},{"taxonomy":"post_tag","embeddable":true,"href":"https:\/\/www.deberes.net\/tesis\/wp-json\/wp\/v2\/tags?post=78319"}],"curies":[{"name":"wp","href":"https:\/\/api.w.org\/{rel}","templated":true}]}}