{"id":78333,"date":"2018-03-09T23:23:58","date_gmt":"2018-03-09T23:23:58","guid":{"rendered":"https:\/\/www.deberes.net\/tesis\/sin-categoria\/avances-en-la-practica-de-la-profesion-de-enfermeria-visiones-de-una-misma-realidad\/"},"modified":"2018-03-09T23:23:58","modified_gmt":"2018-03-09T23:23:58","slug":"avances-en-la-practica-de-la-profesion-de-enfermeria-visiones-de-una-misma-realidad","status":"publish","type":"post","link":"https:\/\/www.deberes.net\/tesis\/barcelona\/avances-en-la-practica-de-la-profesion-de-enfermeria-visiones-de-una-misma-realidad\/","title":{"rendered":"Avances en la pr\u00e1ctica de la profesi\u00f3n de enfermer\u00eda, visiones de una misma realidad"},"content":{"rendered":"<h2>Tesis doctoral de <strong> Florentina Zapico Y\u00e1\u00f1ez <\/strong><\/h2>\n<p>Este estudio pretende analizar los avances en la pr\u00e1ctica de las enfermedades mediante el an\u00e1lisis de las tareas, la visi\u00f3n que tienen los profesionales y las elites de la profesi\u00f3n y finalmente analizar si existen estrategias de futuro pertinentes a las nuevas tendencias que nos permitan seguir avanzando en un nuevo enfoque de la profesi\u00f3n. Estas nuevas tendencias vienen enmarcadas por los cambios en la estructura social, el envejecimiento de la poblaci\u00f3n, la crisis econ\u00f3mica, los flujos migratorios, las preocupaciones sanitarias, los cambios en los sistemas de salud con la consiguiente contenci\u00f3n en los gastos sanitarios. El avance cient\u00edfico y tecnol\u00f3gico y su influencia en las profesiones y, finalmente, la construcci\u00f3n de la profesi\u00f3n enfermera y su coexistencia con las tareas de otros profesionales. En este escenario donde la enfermer\u00eda se enfrenta a su gran reto, crecer como profesi\u00f3n o desaparecer como tal. Seg\u00fan la revisi\u00f3n bibliogr\u00e1fica realizada, pol\u00edticos, agentes sociales, elites profesionales, le auguran un buen futuro, lo que no ocurre con los profesionales que se autodenominan de base. \u00e9stos tienen una visi\u00f3n pesimista sobre su formaci\u00f3n, su pr\u00e1ctica y su futuro. La construcci\u00f3n de una cultura profesional puede hacerse utilizando varias orientaciones, desde la importancia de modelos te\u00f3ricos y tecnol\u00f3gicos avanzados de otras experiencias como pueden ser en este caso los modelos de enfermer\u00eda de los eeuu y canad\u00e1, bux\u00f3 i rey (1994) apunta que no basta emular ideas nuevas sino que hay que elaborar adopciones innovadoras. La adopci\u00f3n innovadora se construye sobre la base de la combinaci\u00f3n de la l\u00f3gica y la intuici\u00f3n, conocimiento y acci\u00f3n, raz\u00f3n y pasi\u00f3n, \u00e9tica y est\u00e9tica, es decir, sobre un mejor conocimiento de nuestros pensamientos y acciones. el an\u00e1lisis de las investigaciones realizadas podr\u00edan sugerir seg\u00fan torra i bou (1995) que la enfermer\u00eda es una disciplina que va construyendo su cuerpo de conocimientos<\/p>\n<p>&nbsp;<\/p>\n<h3>Datos acad\u00e9micos de la tesis doctoral \u00ab<strong>Avances en la pr\u00e1ctica de la profesi\u00f3n de enfermer\u00eda, visiones de una misma realidad<\/strong>\u00ab<\/h3>\n<ul>\n<li><strong>T\u00edtulo de la tesis:<\/strong>\u00a0 Avances en la pr\u00e1ctica de la profesi\u00f3n de enfermer\u00eda, visiones de una misma realidad <\/li>\n<li><strong>Autor:<\/strong>\u00a0 Florentina Zapico Y\u00e1\u00f1ez <\/li>\n<li><strong>Universidad:<\/strong>\u00a0 Barcelona<\/li>\n<li><strong>Fecha de lectura de la tesis:<\/strong>\u00a0 20\/01\/2006<\/li>\n<\/ul>\n<p>&nbsp;<\/p>\n<h3>Direcci\u00f3n y tribunal<\/h3>\n<ul>\n<li><strong>Director de la tesis<\/strong>\n<ul>\n<li>Josep Antoni Rodr\u00edguez D\u00edaz<\/li>\n<\/ul>\n<\/li>\n<li><strong>Tribunal<\/strong>\n<ul>\n<li>Presidente del tribunal: benjamin Oltra martin de los santos <\/li>\n<li>jordi Roca i girona (vocal)<\/li>\n<li> Condom bosch Jos\u00e9 Luis (vocal)<\/li>\n<li>roser Valls molins (vocal)<\/li>\n<\/ul>\n<\/li>\n<\/ul>\n<p>&nbsp;<\/p>\n","protected":false},"excerpt":{"rendered":"<p>Tesis doctoral de Florentina Zapico Y\u00e1\u00f1ez Este estudio pretende analizar los avances en la pr\u00e1ctica de las enfermedades mediante el [&hellip;]<\/p>\n","protected":false},"author":1,"featured_media":0,"comment_status":"open","ping_status":"open","sticky":false,"template":"","format":"standard","meta":{"site-sidebar-layout":"default","site-content-layout":"","ast-site-content-layout":"","site-content-style":"default","site-sidebar-style":"default","ast-global-header-display":"","ast-banner-title-visibility":"","ast-main-header-display":"","ast-hfb-above-header-display":"","ast-hfb-below-header-display":"","ast-hfb-mobile-header-display":"","site-post-title":"","ast-breadcrumbs-content":"","ast-featured-img":"","footer-sml-layout":"","theme-transparent-header-meta":"","adv-header-id-meta":"","stick-header-meta":"","header-above-stick-meta":"","header-main-stick-meta":"","header-below-stick-meta":"","astra-migrate-meta-layouts":"default","ast-page-background-enabled":"default","ast-page-background-meta":{"desktop":{"background-color":"var(--ast-global-color-4)","background-image":"","background-repeat":"repeat","background-position":"center center","background-size":"auto","background-attachment":"scroll","background-type":"","background-media":"","overlay-type":"","overlay-color":"","overlay-gradient":""},"tablet":{"background-color":"","background-image":"","background-repeat":"repeat","background-position":"center center","background-size":"auto","background-attachment":"scroll","background-type":"","background-media":"","overlay-type":"","overlay-color":"","overlay-gradient":""},"mobile":{"background-color":"","background-image":"","background-repeat":"repeat","background-position":"center center","background-size":"auto","background-attachment":"scroll","background-type":"","background-media":"","overlay-type":"","overlay-color":"","overlay-gradient":""}},"ast-content-background-meta":{"desktop":{"background-color":"var(--ast-global-color-5)","background-image":"","background-repeat":"repeat","background-position":"center center","background-size":"auto","background-attachment":"scroll","background-type":"","background-media":"","overlay-type":"","overlay-color":"","overlay-gradient":""},"tablet":{"background-color":"var(--ast-global-color-5)","background-image":"","background-repeat":"repeat","background-position":"center center","background-size":"auto","background-attachment":"scroll","background-type":"","background-media":"","overlay-type":"","overlay-color":"","overlay-gradient":""},"mobile":{"background-color":"var(--ast-global-color-5)","background-image":"","background-repeat":"repeat","background-position":"center center","background-size":"auto","background-attachment":"scroll","background-type":"","background-media":"","overlay-type":"","overlay-color":"","overlay-gradient":""}},"footnotes":""},"categories":[951,22018,19815,33865,22043],"tags":[19373,159283,168411,53224,90948,1342],"class_list":["post-78333","post","type-post","status-publish","format-standard","hentry","category-barcelona","category-bienestar-social","category-calidad-de-vida","category-enfermedad","category-sociologia-medica","tag-benjamin-oltra-martin-de-los-santos","tag-condom-bosch-jose-luis","tag-florentina-zapico-yanez","tag-jordi-roca-i-girona","tag-josep-antoni-rodriguez-diaz","tag-roser-valls-molins"],"_links":{"self":[{"href":"https:\/\/www.deberes.net\/tesis\/wp-json\/wp\/v2\/posts\/78333","targetHints":{"allow":["GET"]}}],"collection":[{"href":"https:\/\/www.deberes.net\/tesis\/wp-json\/wp\/v2\/posts"}],"about":[{"href":"https:\/\/www.deberes.net\/tesis\/wp-json\/wp\/v2\/types\/post"}],"author":[{"embeddable":true,"href":"https:\/\/www.deberes.net\/tesis\/wp-json\/wp\/v2\/users\/1"}],"replies":[{"embeddable":true,"href":"https:\/\/www.deberes.net\/tesis\/wp-json\/wp\/v2\/comments?post=78333"}],"version-history":[{"count":0,"href":"https:\/\/www.deberes.net\/tesis\/wp-json\/wp\/v2\/posts\/78333\/revisions"}],"wp:attachment":[{"href":"https:\/\/www.deberes.net\/tesis\/wp-json\/wp\/v2\/media?parent=78333"}],"wp:term":[{"taxonomy":"category","embeddable":true,"href":"https:\/\/www.deberes.net\/tesis\/wp-json\/wp\/v2\/categories?post=78333"},{"taxonomy":"post_tag","embeddable":true,"href":"https:\/\/www.deberes.net\/tesis\/wp-json\/wp\/v2\/tags?post=78333"}],"curies":[{"name":"wp","href":"https:\/\/api.w.org\/{rel}","templated":true}]}}