{"id":78336,"date":"2018-03-09T23:23:58","date_gmt":"2018-03-09T23:23:58","guid":{"rendered":"https:\/\/www.deberes.net\/tesis\/sin-categoria\/transgenerismos-ensayo-de-etnologa%c2%ada-extrema\/"},"modified":"2018-03-09T23:23:58","modified_gmt":"2018-03-09T23:23:58","slug":"transgenerismos-ensayo-de-etnologa%c2%ada-extrema","status":"publish","type":"post","link":"https:\/\/www.deberes.net\/tesis\/barcelona\/transgenerismos-ensayo-de-etnologa%c2%ada-extrema\/","title":{"rendered":"Transgenerismos. ensayo de etnolog\u00eda extrema"},"content":{"rendered":"<h2>Tesis doctoral de <strong> Jaime Mej\u00eda Calder\u00f3n <\/strong><\/h2>\n<p>Haciendo suyos los postulados de la etnograf\u00eda extrema, que propugna la fusi\u00f3n del sujeto y el objeto de estudio, la autora, transexual operada (cuyo nombre y sexo registrales todav\u00eda no han sido modificados) examina la transexualidad desde diferentes puntos de vista (hist\u00f3rico, sexol\u00f3gico, social, m\u00e9dico, jur\u00eddico, pol\u00edtico, laboral).<\/p>\n<p>&nbsp;<\/p>\n<h3>Datos acad\u00e9micos de la tesis doctoral \u00ab<strong>Transgenerismos. ensayo de etnolog\u00eda extrema<\/strong>\u00ab<\/h3>\n<ul>\n<li><strong>T\u00edtulo de la tesis:<\/strong>\u00a0 Transgenerismos. ensayo de etnolog\u00eda extrema <\/li>\n<li><strong>Autor:<\/strong>\u00a0 Jaime Mej\u00eda Calder\u00f3n <\/li>\n<li><strong>Universidad:<\/strong>\u00a0 Barcelona<\/li>\n<li><strong>Fecha de lectura de la tesis:<\/strong>\u00a0 20\/01\/2006<\/li>\n<\/ul>\n<p>&nbsp;<\/p>\n<h3>Direcci\u00f3n y tribunal<\/h3>\n<ul>\n<li><strong>Director de la tesis<\/strong>\n<ul>\n<li> Nieto Pi\u00f1aroba Jos\u00e9 Antonio<\/li>\n<\/ul>\n<\/li>\n<li><strong>Tribunal<\/strong>\n<ul>\n<li>Presidente del tribunal: Francisco V\u00e1zquez Garc\u00eda <\/li>\n<li>oscar Guasch andreu (vocal)<\/li>\n<li>Fernando Barrag\u00e1n medero (vocal)<\/li>\n<li>Manuel Delgado ruiz (vocal)<\/li>\n<\/ul>\n<\/li>\n<\/ul>\n<p>&nbsp;<\/p>\n","protected":false},"excerpt":{"rendered":"<p>Tesis doctoral de Jaime Mej\u00eda Calder\u00f3n Haciendo suyos los postulados de la etnograf\u00eda extrema, que propugna la fusi\u00f3n del sujeto [&hellip;]<\/p>\n","protected":false},"author":1,"featured_media":0,"comment_status":"open","ping_status":"open","sticky":false,"template":"","format":"standard","meta":{"site-sidebar-layout":"default","site-content-layout":"","ast-site-content-layout":"","site-content-style":"default","site-sidebar-style":"default","ast-global-header-display":"","ast-banner-title-visibility":"","ast-main-header-display":"","ast-hfb-above-header-display":"","ast-hfb-below-header-display":"","ast-hfb-mobile-header-display":"","site-post-title":"","ast-breadcrumbs-content":"","ast-featured-img":"","footer-sml-layout":"","theme-transparent-header-meta":"","adv-header-id-meta":"","stick-header-meta":"","header-above-stick-meta":"","header-main-stick-meta":"","header-below-stick-meta":"","astra-migrate-meta-layouts":"default","ast-page-background-enabled":"default","ast-page-background-meta":{"desktop":{"background-color":"var(--ast-global-color-4)","background-image":"","background-repeat":"repeat","background-position":"center center","background-size":"auto","background-attachment":"scroll","background-type":"","background-media":"","overlay-type":"","overlay-color":"","overlay-gradient":""},"tablet":{"background-color":"","background-image":"","background-repeat":"repeat","background-position":"center center","background-size":"auto","background-attachment":"scroll","background-type":"","background-media":"","overlay-type":"","overlay-color":"","overlay-gradient":""},"mobile":{"background-color":"","background-image":"","background-repeat":"repeat","background-position":"center center","background-size":"auto","background-attachment":"scroll","background-type":"","background-media":"","overlay-type":"","overlay-color":"","overlay-gradient":""}},"ast-content-background-meta":{"desktop":{"background-color":"var(--ast-global-color-5)","background-image":"","background-repeat":"repeat","background-position":"center center","background-size":"auto","background-attachment":"scroll","background-type":"","background-media":"","overlay-type":"","overlay-color":"","overlay-gradient":""},"tablet":{"background-color":"var(--ast-global-color-5)","background-image":"","background-repeat":"repeat","background-position":"center center","background-size":"auto","background-attachment":"scroll","background-type":"","background-media":"","overlay-type":"","overlay-color":"","overlay-gradient":""},"mobile":{"background-color":"var(--ast-global-color-5)","background-image":"","background-repeat":"repeat","background-position":"center center","background-size":"auto","background-attachment":"scroll","background-type":"","background-media":"","overlay-type":"","overlay-color":"","overlay-gradient":""}},"footnotes":""},"categories":[2720,951],"tags":[26133,35622,168416,19674,168417,43182],"class_list":["post-78336","post","type-post","status-publish","format-standard","hentry","category-antropologia-social","category-barcelona","tag-fernando-barragan-medero","tag-francisco-vazquez-garcia","tag-jaime-mejia-calderon","tag-manuel-delgado-ruiz","tag-nieto-pinaroba-jose-antonio","tag-oscar-guasch-andreu"],"_links":{"self":[{"href":"https:\/\/www.deberes.net\/tesis\/wp-json\/wp\/v2\/posts\/78336","targetHints":{"allow":["GET"]}}],"collection":[{"href":"https:\/\/www.deberes.net\/tesis\/wp-json\/wp\/v2\/posts"}],"about":[{"href":"https:\/\/www.deberes.net\/tesis\/wp-json\/wp\/v2\/types\/post"}],"author":[{"embeddable":true,"href":"https:\/\/www.deberes.net\/tesis\/wp-json\/wp\/v2\/users\/1"}],"replies":[{"embeddable":true,"href":"https:\/\/www.deberes.net\/tesis\/wp-json\/wp\/v2\/comments?post=78336"}],"version-history":[{"count":0,"href":"https:\/\/www.deberes.net\/tesis\/wp-json\/wp\/v2\/posts\/78336\/revisions"}],"wp:attachment":[{"href":"https:\/\/www.deberes.net\/tesis\/wp-json\/wp\/v2\/media?parent=78336"}],"wp:term":[{"taxonomy":"category","embeddable":true,"href":"https:\/\/www.deberes.net\/tesis\/wp-json\/wp\/v2\/categories?post=78336"},{"taxonomy":"post_tag","embeddable":true,"href":"https:\/\/www.deberes.net\/tesis\/wp-json\/wp\/v2\/tags?post=78336"}],"curies":[{"name":"wp","href":"https:\/\/api.w.org\/{rel}","templated":true}]}}