{"id":78390,"date":"2018-03-09T23:24:02","date_gmt":"2018-03-09T23:24:02","guid":{"rendered":"https:\/\/www.deberes.net\/tesis\/sin-categoria\/estudio-del-nivel-de-aleta-en-humanos-basado-en-ondas-cerebrales\/"},"modified":"2018-03-09T23:24:02","modified_gmt":"2018-03-09T23:24:02","slug":"estudio-del-nivel-de-aleta-en-humanos-basado-en-ondas-cerebrales","status":"publish","type":"post","link":"https:\/\/www.deberes.net\/tesis\/ciencias-tecnologicas\/estudio-del-nivel-de-aleta-en-humanos-basado-en-ondas-cerebrales\/","title":{"rendered":"Estudio del nivel de aleta en humanos basado en ondas cerebrales"},"content":{"rendered":"<h2>Tesis doctoral de <strong>  Alvarez Rueda Robin Gerardo <\/strong><\/h2>\n<p>Esta tesis doctoral profundiza en el estudio de la se\u00f1al el\u00e9ctrica cortical (eeg) y de los cambios que se producen en sus propiedades estoc\u00e1sticas relacionados con el nivel de alerta de los sujetos, para su utilizaci\u00f3n en aplicaciones donde sea necesaria la estimaci\u00f3n de aquel nivel en  un amplio margen, desde estados de excitaci\u00f3n a somnolencia. En particular se centra en el estudio de la variabilidad intra- e inter-personal cuyo an\u00e1lisis sistem\u00e1tico en la literatura es muy escaso, casi inexistente, para conseguir criterios de clasificaci\u00f3n lo m\u00e1s universales posibles, condici\u00f3n indispensable para su utilizaci\u00f3n en aplicaciones como la conducci\u00f3n de veh\u00edculos u otras ocupaciones de riesgo que demandan una estado de alerta mantenido y suficiente.  se ha desarrollado un  sistema instrumental sin hilos para su integraci\u00f3n en un dispositivo que puede fijarse completa y c\u00f3modamente en la cabeza del sujeto, que funciona en tiempo real y proporciona una estimaci\u00f3n del nivel de alerta cada 10 segundos, que puede ser usado para conocer permanentemente la evoluci\u00f3n del estado de alerta, o disparar alarmas cuando aquel estado franquea l\u00edmites de somnolencia o de nivel de alerta previamente determinados.<\/p>\n<p>&nbsp;<\/p>\n<h3>Datos acad\u00e9micos de la tesis doctoral \u00ab<strong>Estudio del nivel de aleta en humanos basado en ondas cerebrales<\/strong>\u00ab<\/h3>\n<ul>\n<li><strong>T\u00edtulo de la tesis:<\/strong>\u00a0 Estudio del nivel de aleta en humanos basado en ondas cerebrales <\/li>\n<li><strong>Autor:<\/strong>\u00a0  Alvarez Rueda Robin Gerardo <\/li>\n<li><strong>Universidad:<\/strong>\u00a0 Polit\u00e9cnica de Madrid<\/li>\n<li><strong>Fecha de lectura de la tesis:<\/strong>\u00a0 24\/01\/2006<\/li>\n<\/ul>\n<p>&nbsp;<\/p>\n<h3>Direcci\u00f3n y tribunal<\/h3>\n<ul>\n<li><strong>Director de la tesis<\/strong>\n<ul>\n<li>Francisco Del Pozo Guerrero<\/li>\n<\/ul>\n<\/li>\n<li><strong>Tribunal<\/strong>\n<ul>\n<li>Presidente del tribunal: enrique Gomez aguilera <\/li>\n<li>rosa Peraita adrados (vocal)<\/li>\n<li> Trigueiros da silva cunha joao paulo (vocal)<\/li>\n<li>Juan  Carlos Gonzalez luque (vocal)<\/li>\n<\/ul>\n<\/li>\n<\/ul>\n<p>&nbsp;<\/p>\n","protected":false},"excerpt":{"rendered":"<p>Tesis doctoral de Alvarez Rueda Robin Gerardo Esta tesis doctoral profundiza en el estudio de la se\u00f1al el\u00e9ctrica cortical (eeg) [&hellip;]<\/p>\n","protected":false},"author":1,"featured_media":0,"comment_status":"open","ping_status":"open","sticky":false,"template":"","format":"standard","meta":{"site-sidebar-layout":"default","site-content-layout":"","ast-site-content-layout":"","site-content-style":"default","site-sidebar-style":"default","ast-global-header-display":"","ast-banner-title-visibility":"","ast-main-header-display":"","ast-hfb-above-header-display":"","ast-hfb-below-header-display":"","ast-hfb-mobile-header-display":"","site-post-title":"","ast-breadcrumbs-content":"","ast-featured-img":"","footer-sml-layout":"","theme-transparent-header-meta":"","adv-header-id-meta":"","stick-header-meta":"","header-above-stick-meta":"","header-main-stick-meta":"","header-below-stick-meta":"","astra-migrate-meta-layouts":"default","ast-page-background-enabled":"default","ast-page-background-meta":{"desktop":{"background-color":"var(--ast-global-color-4)","background-image":"","background-repeat":"repeat","background-position":"center center","background-size":"auto","background-attachment":"scroll","background-type":"","background-media":"","overlay-type":"","overlay-color":"","overlay-gradient":""},"tablet":{"background-color":"","background-image":"","background-repeat":"repeat","background-position":"center center","background-size":"auto","background-attachment":"scroll","background-type":"","background-media":"","overlay-type":"","overlay-color":"","overlay-gradient":""},"mobile":{"background-color":"","background-image":"","background-repeat":"repeat","background-position":"center center","background-size":"auto","background-attachment":"scroll","background-type":"","background-media":"","overlay-type":"","overlay-color":"","overlay-gradient":""}},"ast-content-background-meta":{"desktop":{"background-color":"var(--ast-global-color-5)","background-image":"","background-repeat":"repeat","background-position":"center center","background-size":"auto","background-attachment":"scroll","background-type":"","background-media":"","overlay-type":"","overlay-color":"","overlay-gradient":""},"tablet":{"background-color":"var(--ast-global-color-5)","background-image":"","background-repeat":"repeat","background-position":"center center","background-size":"auto","background-attachment":"scroll","background-type":"","background-media":"","overlay-type":"","overlay-color":"","overlay-gradient":""},"mobile":{"background-color":"var(--ast-global-color-5)","background-image":"","background-repeat":"repeat","background-position":"center center","background-size":"auto","background-attachment":"scroll","background-type":"","background-media":"","overlay-type":"","overlay-color":"","overlay-gradient":""}},"footnotes":""},"categories":[332,16008],"tags":[168519,54123,16537,168521,51339,168520],"class_list":["post-78390","post","type-post","status-publish","format-standard","hentry","category-ciencias-tecnologicas","category-politecnica-de-madrid","tag-alvarez-rueda-robin-gerardo","tag-enrique-gomez-aguilera","tag-francisco-del-pozo-guerrero","tag-juan-carlos-gonzalez-luque","tag-rosa-peraita-adrados","tag-trigueiros-da-silva-cunha-joao-paulo"],"_links":{"self":[{"href":"https:\/\/www.deberes.net\/tesis\/wp-json\/wp\/v2\/posts\/78390","targetHints":{"allow":["GET"]}}],"collection":[{"href":"https:\/\/www.deberes.net\/tesis\/wp-json\/wp\/v2\/posts"}],"about":[{"href":"https:\/\/www.deberes.net\/tesis\/wp-json\/wp\/v2\/types\/post"}],"author":[{"embeddable":true,"href":"https:\/\/www.deberes.net\/tesis\/wp-json\/wp\/v2\/users\/1"}],"replies":[{"embeddable":true,"href":"https:\/\/www.deberes.net\/tesis\/wp-json\/wp\/v2\/comments?post=78390"}],"version-history":[{"count":0,"href":"https:\/\/www.deberes.net\/tesis\/wp-json\/wp\/v2\/posts\/78390\/revisions"}],"wp:attachment":[{"href":"https:\/\/www.deberes.net\/tesis\/wp-json\/wp\/v2\/media?parent=78390"}],"wp:term":[{"taxonomy":"category","embeddable":true,"href":"https:\/\/www.deberes.net\/tesis\/wp-json\/wp\/v2\/categories?post=78390"},{"taxonomy":"post_tag","embeddable":true,"href":"https:\/\/www.deberes.net\/tesis\/wp-json\/wp\/v2\/tags?post=78390"}],"curies":[{"name":"wp","href":"https:\/\/api.w.org\/{rel}","templated":true}]}}