{"id":78391,"date":"2018-03-09T23:24:02","date_gmt":"2018-03-09T23:24:02","guid":{"rendered":"https:\/\/www.deberes.net\/tesis\/sin-categoria\/la-narrativa-de-jorge-eduardo-la-transgresion-del-orden\/"},"modified":"2018-03-09T23:24:02","modified_gmt":"2018-03-09T23:24:02","slug":"la-narrativa-de-jorge-eduardo-la-transgresion-del-orden","status":"publish","type":"post","link":"https:\/\/www.deberes.net\/tesis\/ciencias-de-las-artes-y-las-letras\/la-narrativa-de-jorge-eduardo-la-transgresion-del-orden\/","title":{"rendered":"La narrativa de jorge eduardo. la transgresi\u00f3n del orden."},"content":{"rendered":"<h2>Tesis doctoral de <strong> Elena Elvira Castro Diaz <\/strong><\/h2>\n<p>La tesis desarrolla el concepto dual de orden y transgresi\u00f3n desde un punto de vista tem\u00e1tico y estructural, a partir del an\u00e1lisis de la categorizaci\u00f3n de los personajes y del estudio de los narradores.  la narrativa del autor le contextualiza inicialmente en torno a la generaci\u00f3n del so chilena.  se analizan asi mismo los componentes creativos del texto sobre las nociones historia y memoria que confluyen sobre la base de la coherencia interna del texto.  la investigaci\u00f3n se centra en la totalidad de la obra narrativa de ficci\u00f3n, as\u00ed como en las menciones metamenorialisticas de la escritura de la memoria llevada a cabo en persona non grata y adios poeta.<\/p>\n<p>&nbsp;<\/p>\n<h3>Datos acad\u00e9micos de la tesis doctoral \u00ab<strong>La narrativa de jorge eduardo. la transgresi\u00f3n del orden.<\/strong>\u00ab<\/h3>\n<ul>\n<li><strong>T\u00edtulo de la tesis:<\/strong>\u00a0 La narrativa de jorge eduardo. la transgresi\u00f3n del orden. <\/li>\n<li><strong>Autor:<\/strong>\u00a0 Elena Elvira Castro Diaz <\/li>\n<li><strong>Universidad:<\/strong>\u00a0 A coru\u00f1a<\/li>\n<li><strong>Fecha de lectura de la tesis:<\/strong>\u00a0 24\/01\/2006<\/li>\n<\/ul>\n<p>&nbsp;<\/p>\n<h3>Direcci\u00f3n y tribunal<\/h3>\n<ul>\n<li><strong>Director de la tesis<\/strong>\n<ul>\n<li>Eva Valcarcel Lopez<\/li>\n<\/ul>\n<\/li>\n<li><strong>Tribunal<\/strong>\n<ul>\n<li>Presidente del tribunal: teodosio Fernandez rodriguez <\/li>\n<li>rosa Pellicer  domingo (vocal)<\/li>\n<li>Francisco Tovar blanco (vocal)<\/li>\n<li>sonia Matalia alonso (vocal)<\/li>\n<\/ul>\n<\/li>\n<\/ul>\n<p>&nbsp;<\/p>\n","protected":false},"excerpt":{"rendered":"<p>Tesis doctoral de Elena Elvira Castro Diaz La tesis desarrolla el concepto dual de orden y transgresi\u00f3n desde un punto [&hellip;]<\/p>\n","protected":false},"author":1,"featured_media":0,"comment_status":"open","ping_status":"open","sticky":false,"template":"","format":"standard","meta":{"site-sidebar-layout":"default","site-content-layout":"","ast-site-content-layout":"","site-content-style":"default","site-sidebar-style":"default","ast-global-header-display":"","ast-banner-title-visibility":"","ast-main-header-display":"","ast-hfb-above-header-display":"","ast-hfb-below-header-display":"","ast-hfb-mobile-header-display":"","site-post-title":"","ast-breadcrumbs-content":"","ast-featured-img":"","footer-sml-layout":"","theme-transparent-header-meta":"","adv-header-id-meta":"","stick-header-meta":"","header-above-stick-meta":"","header-main-stick-meta":"","header-below-stick-meta":"","astra-migrate-meta-layouts":"default","ast-page-background-enabled":"default","ast-page-background-meta":{"desktop":{"background-color":"var(--ast-global-color-4)","background-image":"","background-repeat":"repeat","background-position":"center center","background-size":"auto","background-attachment":"scroll","background-type":"","background-media":"","overlay-type":"","overlay-color":"","overlay-gradient":""},"tablet":{"background-color":"","background-image":"","background-repeat":"repeat","background-position":"center center","background-size":"auto","background-attachment":"scroll","background-type":"","background-media":"","overlay-type":"","overlay-color":"","overlay-gradient":""},"mobile":{"background-color":"","background-image":"","background-repeat":"repeat","background-position":"center center","background-size":"auto","background-attachment":"scroll","background-type":"","background-media":"","overlay-type":"","overlay-color":"","overlay-gradient":""}},"ast-content-background-meta":{"desktop":{"background-color":"var(--ast-global-color-5)","background-image":"","background-repeat":"repeat","background-position":"center center","background-size":"auto","background-attachment":"scroll","background-type":"","background-media":"","overlay-type":"","overlay-color":"","overlay-gradient":""},"tablet":{"background-color":"var(--ast-global-color-5)","background-image":"","background-repeat":"repeat","background-position":"center center","background-size":"auto","background-attachment":"scroll","background-type":"","background-media":"","overlay-type":"","overlay-color":"","overlay-gradient":""},"mobile":{"background-color":"var(--ast-global-color-5)","background-image":"","background-repeat":"repeat","background-position":"center center","background-size":"auto","background-attachment":"scroll","background-type":"","background-media":"","overlay-type":"","overlay-color":"","overlay-gradient":""}},"footnotes":""},"categories":[18576,148,147,149,2965,628,6185],"tags":[168522,21659,1233,40479,168523,4849],"class_list":["post-78391","post","type-post","status-publish","format-standard","hentry","category-a-coruna","category-analisis-literario","category-ciencias-de-las-artes-y-las-letras","category-critica-de-textos","category-estilo-y-estetica-literarios","category-teoria-analisis-y-critica-literarios","category-vocabulario-literario","tag-elena-elvira-castro-diaz","tag-eva-valcarcel-lopez","tag-francisco-tovar-blanco","tag-rosa-pellicer-domingo","tag-sonia-matalia-alonso","tag-teodosio-fernandez-rodriguez"],"_links":{"self":[{"href":"https:\/\/www.deberes.net\/tesis\/wp-json\/wp\/v2\/posts\/78391","targetHints":{"allow":["GET"]}}],"collection":[{"href":"https:\/\/www.deberes.net\/tesis\/wp-json\/wp\/v2\/posts"}],"about":[{"href":"https:\/\/www.deberes.net\/tesis\/wp-json\/wp\/v2\/types\/post"}],"author":[{"embeddable":true,"href":"https:\/\/www.deberes.net\/tesis\/wp-json\/wp\/v2\/users\/1"}],"replies":[{"embeddable":true,"href":"https:\/\/www.deberes.net\/tesis\/wp-json\/wp\/v2\/comments?post=78391"}],"version-history":[{"count":0,"href":"https:\/\/www.deberes.net\/tesis\/wp-json\/wp\/v2\/posts\/78391\/revisions"}],"wp:attachment":[{"href":"https:\/\/www.deberes.net\/tesis\/wp-json\/wp\/v2\/media?parent=78391"}],"wp:term":[{"taxonomy":"category","embeddable":true,"href":"https:\/\/www.deberes.net\/tesis\/wp-json\/wp\/v2\/categories?post=78391"},{"taxonomy":"post_tag","embeddable":true,"href":"https:\/\/www.deberes.net\/tesis\/wp-json\/wp\/v2\/tags?post=78391"}],"curies":[{"name":"wp","href":"https:\/\/api.w.org\/{rel}","templated":true}]}}