{"id":78408,"date":"2018-03-09T23:24:02","date_gmt":"2018-03-09T23:24:02","guid":{"rendered":"https:\/\/www.deberes.net\/tesis\/sin-categoria\/la-prensa-asturiana-de-gran-circulacion-opinion-publica-y-socializacion-pola%c2%adtica-1898-1923\/"},"modified":"2018-03-09T23:24:02","modified_gmt":"2018-03-09T23:24:02","slug":"la-prensa-asturiana-de-gran-circulacion-opinion-publica-y-socializacion-pola%c2%adtica-1898-1923","status":"publish","type":"post","link":"https:\/\/www.deberes.net\/tesis\/historia\/la-prensa-asturiana-de-gran-circulacion-opinion-publica-y-socializacion-pola%c2%adtica-1898-1923\/","title":{"rendered":"La prensa asturiana de gran circulaci\u00f3n &#8211; opini\u00f3n p\u00fablica y socializaci\u00f3n pol\u00edtica (1898\/1923)"},"content":{"rendered":"<h2>Tesis doctoral de <strong>  Rodriguez Infiesta Victor Alfonso <\/strong><\/h2>\n<p>A partir de fuentes hemerogr\u00e1ficas, bibliogr\u00e1ficas y de archivo, se aborda la presencia social de la prensa en asturias desde del desastre de 1898 hasta la dictadura de primo de rivera. Distintas entidades, deseosas de proyectar su existencia sobre la vida p\u00fablica, contemplan como una necesidad ineludible la posibilidad de disponer de un medio de comunicaci\u00f3n al servicio de las  p posiciones defendidas; y por ello da lugar a una dura pugna por alcanzar nuevas cuotas de mercado, estableci\u00e9ndose peculiares v\u00edas de financiaci\u00f3n. desde la iglesia cat\u00f3lica hasta el movimiento obrero, numerosas instancias ideol\u00f3gicas podr\u00e1n en juego imaginativas estrategias para lograr la pervivencia de unos medios informativos alumbrados tras no pocos esfuerzos.  en este arco, la capacidad de la empresa period\u00edstica para distribuir adecuadamente su producci\u00f3n impresa resulta crucial. Las posibilidades de pervivencia econ\u00f3micas dependen en gran medida de un factor como el indicado, capaz por otra parte de incidir notablemente en las condiciones sociales de una determinada poblaci\u00f3n. Sin embargo, la renovada capacidad del periodismo asturiano para distribuir sus mensajes es s\u00f3lo uno m\u00e1s de los agentes que se\u00f1alan un periodo de riqu\u00edsimas trasformaciones. Comienza a quedar atr\u00e1s el diario decimon\u00f3nico, orientado a una educida edite, y se apuntan algunas de las caracter\u00edsticas propias de un periodismo desatando a las masas. a la altura de 1923, pese a que las tiradas sigan siendo reducidas y la distribuci\u00f3n problem\u00e1tica, ya se ha producido un sorprendente avance en relaci\u00f3n con los inicios del siglo. Contenidos, medios t\u00e9cnicos, capitales disponibles, organizaci\u00f3n empresarial y otros aspectos, hacen que ya por entonces la prensa asturiana ocupe un lugar destacado en la evoluci\u00f3n hacia un periodismo plenamente inserto en las coordenadas del nuevo siglo.  la utilizaci\u00f3n del deporte como medio par atraer el lector es en este sentido uno<\/p>\n<p>&nbsp;<\/p>\n<h3>Datos acad\u00e9micos de la tesis doctoral \u00ab<strong>La prensa asturiana de gran circulaci\u00f3n &#8211; opini\u00f3n p\u00fablica y socializaci\u00f3n pol\u00edtica (1898\/1923)<\/strong>\u00ab<\/h3>\n<ul>\n<li><strong>T\u00edtulo de la tesis:<\/strong>\u00a0 La prensa asturiana de gran circulaci\u00f3n &#8211; opini\u00f3n p\u00fablica y socializaci\u00f3n pol\u00edtica (1898\/1923) <\/li>\n<li><strong>Autor:<\/strong>\u00a0  Rodriguez Infiesta Victor Alfonso <\/li>\n<li><strong>Universidad:<\/strong>\u00a0 Oviedo<\/li>\n<li><strong>Fecha de lectura de la tesis:<\/strong>\u00a0 26\/01\/2006<\/li>\n<\/ul>\n<p>&nbsp;<\/p>\n<h3>Direcci\u00f3n y tribunal<\/h3>\n<ul>\n<li><strong>Director de la tesis<\/strong>\n<ul>\n<li>Jorge Uria Gonz\u00e1lez<\/li>\n<\/ul>\n<\/li>\n<li><strong>Tribunal<\/strong>\n<ul>\n<li>Presidente del tribunal: Jes\u00fas Timoteo alvarez <\/li>\n<li>Manuel Su\u00e1rez cortina (vocal)<\/li>\n<li>francesc andreu Mart\u00ednez gallego (vocal)<\/li>\n<li>Francisco Erice sebares (vocal)<\/li>\n<\/ul>\n<\/li>\n<\/ul>\n<p>&nbsp;<\/p>\n","protected":false},"excerpt":{"rendered":"<p>Tesis doctoral de Rodriguez Infiesta Victor Alfonso A partir de fuentes hemerogr\u00e1ficas, bibliogr\u00e1ficas y de archivo, se aborda la presencia [&hellip;]<\/p>\n","protected":false},"author":1,"featured_media":0,"comment_status":"open","ping_status":"open","sticky":false,"template":"","format":"standard","meta":{"site-sidebar-layout":"default","site-content-layout":"","ast-site-content-layout":"","site-content-style":"default","site-sidebar-style":"default","ast-global-header-display":"","ast-banner-title-visibility":"","ast-main-header-display":"","ast-hfb-above-header-display":"","ast-hfb-below-header-display":"","ast-hfb-mobile-header-display":"","site-post-title":"","ast-breadcrumbs-content":"","ast-featured-img":"","footer-sml-layout":"","theme-transparent-header-meta":"","adv-header-id-meta":"","stick-header-meta":"","header-above-stick-meta":"","header-main-stick-meta":"","header-below-stick-meta":"","astra-migrate-meta-layouts":"default","ast-page-background-enabled":"default","ast-page-background-meta":{"desktop":{"background-color":"var(--ast-global-color-4)","background-image":"","background-repeat":"repeat","background-position":"center center","background-size":"auto","background-attachment":"scroll","background-type":"","background-media":"","overlay-type":"","overlay-color":"","overlay-gradient":""},"tablet":{"background-color":"","background-image":"","background-repeat":"repeat","background-position":"center center","background-size":"auto","background-attachment":"scroll","background-type":"","background-media":"","overlay-type":"","overlay-color":"","overlay-gradient":""},"mobile":{"background-color":"","background-image":"","background-repeat":"repeat","background-position":"center center","background-size":"auto","background-attachment":"scroll","background-type":"","background-media":"","overlay-type":"","overlay-color":"","overlay-gradient":""}},"ast-content-background-meta":{"desktop":{"background-color":"var(--ast-global-color-5)","background-image":"","background-repeat":"repeat","background-position":"center center","background-size":"auto","background-attachment":"scroll","background-type":"","background-media":"","overlay-type":"","overlay-color":"","overlay-gradient":""},"tablet":{"background-color":"var(--ast-global-color-5)","background-image":"","background-repeat":"repeat","background-position":"center center","background-size":"auto","background-attachment":"scroll","background-type":"","background-media":"","overlay-type":"","overlay-color":"","overlay-gradient":""},"mobile":{"background-color":"var(--ast-global-color-5)","background-image":"","background-repeat":"repeat","background-position":"center center","background-size":"auto","background-attachment":"scroll","background-type":"","background-media":"","overlay-type":"","overlay-color":"","overlay-gradient":""}},"footnotes":""},"categories":[104,1816,220,8846],"tags":[58692,103126,6056,25461,31988,168555],"class_list":["post-78408","post","type-post","status-publish","format-standard","hentry","category-historia","category-historia-contemporanea","category-historia-por-epocas","category-oviedo","tag-francesc-andreu-Martinez-gallego","tag-francisco-erice-sebares","tag-jesus-timoteo-alvarez","tag-jorge-uria-gonzalez","tag-manuel-suarez-cortina","tag-rodriguez-infiesta-victor-alfonso"],"_links":{"self":[{"href":"https:\/\/www.deberes.net\/tesis\/wp-json\/wp\/v2\/posts\/78408","targetHints":{"allow":["GET"]}}],"collection":[{"href":"https:\/\/www.deberes.net\/tesis\/wp-json\/wp\/v2\/posts"}],"about":[{"href":"https:\/\/www.deberes.net\/tesis\/wp-json\/wp\/v2\/types\/post"}],"author":[{"embeddable":true,"href":"https:\/\/www.deberes.net\/tesis\/wp-json\/wp\/v2\/users\/1"}],"replies":[{"embeddable":true,"href":"https:\/\/www.deberes.net\/tesis\/wp-json\/wp\/v2\/comments?post=78408"}],"version-history":[{"count":0,"href":"https:\/\/www.deberes.net\/tesis\/wp-json\/wp\/v2\/posts\/78408\/revisions"}],"wp:attachment":[{"href":"https:\/\/www.deberes.net\/tesis\/wp-json\/wp\/v2\/media?parent=78408"}],"wp:term":[{"taxonomy":"category","embeddable":true,"href":"https:\/\/www.deberes.net\/tesis\/wp-json\/wp\/v2\/categories?post=78408"},{"taxonomy":"post_tag","embeddable":true,"href":"https:\/\/www.deberes.net\/tesis\/wp-json\/wp\/v2\/tags?post=78408"}],"curies":[{"name":"wp","href":"https:\/\/api.w.org\/{rel}","templated":true}]}}