{"id":78413,"date":"2018-03-09T23:24:02","date_gmt":"2018-03-09T23:24:02","guid":{"rendered":"https:\/\/www.deberes.net\/tesis\/sin-categoria\/liderazgo-y-eficiencia-en-la-educacion-primaria-el-caso-de-chile\/"},"modified":"2018-03-09T23:24:02","modified_gmt":"2018-03-09T23:24:02","slug":"liderazgo-y-eficiencia-en-la-educacion-primaria-el-caso-de-chile","status":"publish","type":"post","link":"https:\/\/www.deberes.net\/tesis\/ciencias-economicas\/liderazgo-y-eficiencia-en-la-educacion-primaria-el-caso-de-chile\/","title":{"rendered":"Liderazgo y eficiencia en la educaci\u00f3n primaria: el caso de chile"},"content":{"rendered":"<h2>Tesis doctoral de <strong>  Thieme Jara Claudio Patricio <\/strong><\/h2>\n<p>El inter\u00e9s por mejorar los niveles de eficiencia es, desde hace a\u00f1os, un objetivo presente en cualquier programa de gobierno y, aunque este objetivo se aplica como premisa general en cualquier \u00e1mbito, es f\u00e1cilmente palpable en el \u00e1rea de educaci\u00f3n. Testimonio de esto es la implantaci\u00f3n de profundas reformas educativas en un gran n\u00famero de pa\u00edses, que abordan conceptos tales como \u00abproductividad educativa\u00bb o \u00abrendici\u00f3n de cuentas\u00bb.  en su parte emp\u00edrica, esta investigaci\u00f3n realiza tres aplicaciones. La primera de ellas eval\u00faa el desempe\u00f1o de los sistemas educativos desde una perspectiva internacional. Posteriormente se analiza con mayor nivel de detalle el caso chileno. Se determinan los niveles de eficiencia frontera y se relacionan \u00e9stos con los resultados de la tercera aplicaci\u00f3n emp\u00edrica que eval\u00faa los estilos de liderazgo  de los directores de establecimientos primarios; para comprobar hasta qu\u00e9 punto estos estilos de liderazgo ejercen una influencia directa en la eficiencia de la producci\u00f3n educativa.<\/p>\n<p>&nbsp;<\/p>\n<h3>Datos acad\u00e9micos de la tesis doctoral \u00ab<strong>Liderazgo y eficiencia en la educaci\u00f3n primaria: el caso de chile<\/strong>\u00ab<\/h3>\n<ul>\n<li><strong>T\u00edtulo de la tesis:<\/strong>\u00a0 Liderazgo y eficiencia en la educaci\u00f3n primaria: el caso de chile <\/li>\n<li><strong>Autor:<\/strong>\u00a0  Thieme Jara Claudio Patricio <\/li>\n<li><strong>Universidad:<\/strong>\u00a0 Aut\u00f3noma de barcelona<\/li>\n<li><strong>Fecha de lectura de la tesis:<\/strong>\u00a0 26\/01\/2006<\/li>\n<\/ul>\n<p>&nbsp;<\/p>\n<h3>Direcci\u00f3n y tribunal<\/h3>\n<ul>\n<li><strong>Director de la tesis<\/strong>\n<ul>\n<li>Diego Prior Jimenez<\/li>\n<\/ul>\n<\/li>\n<li><strong>Tribunal<\/strong>\n<ul>\n<li>Presidente del tribunal: Francisco Pedraja chaparro <\/li>\n<li> Manceb\u00f3n torrubia Mar\u00eda Jes\u00fas (vocal)<\/li>\n<li>cecilio Mar molinero (vocal)<\/li>\n<li>Manuel Mu\u00f1iz p\u00e9rez (vocal)<\/li>\n<\/ul>\n<\/li>\n<\/ul>\n<p>&nbsp;<\/p>\n","protected":false},"excerpt":{"rendered":"<p>Tesis doctoral de Thieme Jara Claudio Patricio El inter\u00e9s por mejorar los niveles de eficiencia es, desde hace a\u00f1os, un [&hellip;]<\/p>\n","protected":false},"author":1,"featured_media":0,"comment_status":"open","ping_status":"open","sticky":false,"template":"","format":"standard","meta":{"site-sidebar-layout":"default","site-content-layout":"","ast-site-content-layout":"","site-content-style":"default","site-sidebar-style":"default","ast-global-header-display":"","ast-banner-title-visibility":"","ast-main-header-display":"","ast-hfb-above-header-display":"","ast-hfb-below-header-display":"","ast-hfb-mobile-header-display":"","site-post-title":"","ast-breadcrumbs-content":"","ast-featured-img":"","footer-sml-layout":"","theme-transparent-header-meta":"","adv-header-id-meta":"","stick-header-meta":"","header-above-stick-meta":"","header-main-stick-meta":"","header-below-stick-meta":"","astra-migrate-meta-layouts":"default","ast-page-background-enabled":"default","ast-page-background-meta":{"desktop":{"background-color":"var(--ast-global-color-4)","background-image":"","background-repeat":"repeat","background-position":"center center","background-size":"auto","background-attachment":"scroll","background-type":"","background-media":"","overlay-type":"","overlay-color":"","overlay-gradient":""},"tablet":{"background-color":"","background-image":"","background-repeat":"repeat","background-position":"center center","background-size":"auto","background-attachment":"scroll","background-type":"","background-media":"","overlay-type":"","overlay-color":"","overlay-gradient":""},"mobile":{"background-color":"","background-image":"","background-repeat":"repeat","background-position":"center center","background-size":"auto","background-attachment":"scroll","background-type":"","background-media":"","overlay-type":"","overlay-color":"","overlay-gradient":""}},"ast-content-background-meta":{"desktop":{"background-color":"var(--ast-global-color-5)","background-image":"","background-repeat":"repeat","background-position":"center center","background-size":"auto","background-attachment":"scroll","background-type":"","background-media":"","overlay-type":"","overlay-color":"","overlay-gradient":""},"tablet":{"background-color":"var(--ast-global-color-5)","background-image":"","background-repeat":"repeat","background-position":"center center","background-size":"auto","background-attachment":"scroll","background-type":"","background-media":"","overlay-type":"","overlay-color":"","overlay-gradient":""},"mobile":{"background-color":"var(--ast-global-color-5)","background-image":"","background-repeat":"repeat","background-position":"center center","background-size":"auto","background-attachment":"scroll","background-type":"","background-media":"","overlay-type":"","overlay-color":"","overlay-gradient":""}},"footnotes":""},"categories":[82,963,17285,2428,2825,1302,22393],"tags":[29043,46225,19606,38219,168567,168566],"class_list":["post-78413","post","type-post","status-publish","format-standard","hentry","category-ciencias-economicas","category-economia-sectorial","category-empresas-de-servicios-publicos","category-investigacion-operativa-en-la-empresa","category-organizacion-industrial-y-sector-publico","category-organizacion-y-gestion-de-empresas","category-sector-de-la-educacion","tag-cecilio-mar-molinero","tag-diego-prior-jimenez","tag-francisco-pedraja-chaparro","tag-mancebon-torrubia-maria-jesus","tag-manuel-muniz-perez","tag-thieme-jara-claudio-patricio"],"_links":{"self":[{"href":"https:\/\/www.deberes.net\/tesis\/wp-json\/wp\/v2\/posts\/78413","targetHints":{"allow":["GET"]}}],"collection":[{"href":"https:\/\/www.deberes.net\/tesis\/wp-json\/wp\/v2\/posts"}],"about":[{"href":"https:\/\/www.deberes.net\/tesis\/wp-json\/wp\/v2\/types\/post"}],"author":[{"embeddable":true,"href":"https:\/\/www.deberes.net\/tesis\/wp-json\/wp\/v2\/users\/1"}],"replies":[{"embeddable":true,"href":"https:\/\/www.deberes.net\/tesis\/wp-json\/wp\/v2\/comments?post=78413"}],"version-history":[{"count":0,"href":"https:\/\/www.deberes.net\/tesis\/wp-json\/wp\/v2\/posts\/78413\/revisions"}],"wp:attachment":[{"href":"https:\/\/www.deberes.net\/tesis\/wp-json\/wp\/v2\/media?parent=78413"}],"wp:term":[{"taxonomy":"category","embeddable":true,"href":"https:\/\/www.deberes.net\/tesis\/wp-json\/wp\/v2\/categories?post=78413"},{"taxonomy":"post_tag","embeddable":true,"href":"https:\/\/www.deberes.net\/tesis\/wp-json\/wp\/v2\/tags?post=78413"}],"curies":[{"name":"wp","href":"https:\/\/api.w.org\/{rel}","templated":true}]}}