{"id":78480,"date":"2018-03-09T23:24:10","date_gmt":"2018-03-09T23:24:10","guid":{"rendered":"https:\/\/www.deberes.net\/tesis\/sin-categoria\/postmodernidad-y-educacion-en-lyotard\/"},"modified":"2018-03-09T23:24:10","modified_gmt":"2018-03-09T23:24:10","slug":"postmodernidad-y-educacion-en-lyotard","status":"publish","type":"post","link":"https:\/\/www.deberes.net\/tesis\/filosofia\/postmodernidad-y-educacion-en-lyotard\/","title":{"rendered":"Postmodernidad y educaci\u00f3n en lyotard"},"content":{"rendered":"<h2>Tesis doctoral de <strong> Roque Schmitt Claiton <\/strong><\/h2>\n<p>Espec\u00edficamente la l\u00ednea que conducir\u00e1 este trabajo puede ser concebida a partir de las siguientes cuestiones: \u00c2\u00bfcu\u00e1l fueron las condiciones que hicieron surgir la modernidad occidental y cual fueron las transformaciones por ella sufrida? \u00c2\u00bfestas transformaciones acabaron influyendo en la educaci\u00f3n? \u00c2\u00bfen la actual fase en que se encuentran las fuerzas productivas a\u00fan queda espacio para los universales abogados por la modernidad? \u00c2\u00bfo fracasaron y en su lugar se tiene como dice lyotard,  un mundo postmoderno con sus relatos locales? \u00c2\u00bfla educaci\u00f3n como era vista por los humanistas a\u00fan tiene espacio en un supuesto mundo postmoderno? Teniendo c\u00f3mo base  de apoyo las formulaciones de lyotard, este estudio se utiliza de la dial\u00e9ctica y del materialismo hist\u00f3rico, como posibilidades de buscar estas respuestas.  en el trabajo queda claro que las formulaciones de lyotard referente a los meta relatos y la transformaci\u00f3n del saber se aproximan las ideas que definen el fin de las ideolog\u00eda, o sea de los idealizadores de una nueva orden mundial que atiende por el nombre de neoliberalismo.  el fin de las metanarraciones y de los profesores la falta de profundidad y el simulacro deber ser percibidos y discutidos, para que la sociedad, como un todo, encuentra otra salida que no sea las argumentadas por lyotard.<\/p>\n<p>&nbsp;<\/p>\n<h3>Datos acad\u00e9micos de la tesis doctoral \u00ab<strong>Postmodernidad y educaci\u00f3n en lyotard<\/strong>\u00ab<\/h3>\n<ul>\n<li><strong>T\u00edtulo de la tesis:<\/strong>\u00a0 Postmodernidad y educaci\u00f3n en lyotard <\/li>\n<li><strong>Autor:<\/strong>\u00a0 Roque Schmitt Claiton <\/li>\n<li><strong>Universidad:<\/strong>\u00a0 Le\u00f3n<\/li>\n<li><strong>Fecha de lectura de la tesis:<\/strong>\u00a0 31\/01\/2006<\/li>\n<\/ul>\n<p>&nbsp;<\/p>\n<h3>Direcci\u00f3n y tribunal<\/h3>\n<ul>\n<li><strong>Director de la tesis<\/strong>\n<ul>\n<li>Francisco Flecha  Andr\u00e9s<\/li>\n<\/ul>\n<\/li>\n<li><strong>Tribunal<\/strong>\n<ul>\n<li>Presidente del tribunal: isabel Lafuente guantes <\/li>\n<li>joaqu\u00edn Marb\u00e1n rom\u00e1n (vocal)<\/li>\n<li>salvador Rus rufino (vocal)<\/li>\n<li> Rosa s\u00e1nchez Juan  Jos\u00e9 (vocal)<\/li>\n<\/ul>\n<\/li>\n<\/ul>\n<p>&nbsp;<\/p>\n","protected":false},"excerpt":{"rendered":"<p>Tesis doctoral de Roque Schmitt Claiton Espec\u00edficamente la l\u00ednea que conducir\u00e1 este trabajo puede ser concebida a partir de las [&hellip;]<\/p>\n","protected":false},"author":1,"featured_media":0,"comment_status":"open","ping_status":"open","sticky":false,"template":"","format":"standard","meta":{"site-sidebar-layout":"default","site-content-layout":"","ast-site-content-layout":"","site-content-style":"default","site-sidebar-style":"default","ast-global-header-display":"","ast-banner-title-visibility":"","ast-main-header-display":"","ast-hfb-above-header-display":"","ast-hfb-below-header-display":"","ast-hfb-mobile-header-display":"","site-post-title":"","ast-breadcrumbs-content":"","ast-featured-img":"","footer-sml-layout":"","theme-transparent-header-meta":"","adv-header-id-meta":"","stick-header-meta":"","header-above-stick-meta":"","header-main-stick-meta":"","header-below-stick-meta":"","astra-migrate-meta-layouts":"default","ast-page-background-enabled":"default","ast-page-background-meta":{"desktop":{"background-color":"var(--ast-global-color-4)","background-image":"","background-repeat":"repeat","background-position":"center center","background-size":"auto","background-attachment":"scroll","background-type":"","background-media":"","overlay-type":"","overlay-color":"","overlay-gradient":""},"tablet":{"background-color":"","background-image":"","background-repeat":"repeat","background-position":"center center","background-size":"auto","background-attachment":"scroll","background-type":"","background-media":"","overlay-type":"","overlay-color":"","overlay-gradient":""},"mobile":{"background-color":"","background-image":"","background-repeat":"repeat","background-position":"center center","background-size":"auto","background-attachment":"scroll","background-type":"","background-media":"","overlay-type":"","overlay-color":"","overlay-gradient":""}},"ast-content-background-meta":{"desktop":{"background-color":"var(--ast-global-color-5)","background-image":"","background-repeat":"repeat","background-position":"center center","background-size":"auto","background-attachment":"scroll","background-type":"","background-media":"","overlay-type":"","overlay-color":"","overlay-gradient":""},"tablet":{"background-color":"var(--ast-global-color-5)","background-image":"","background-repeat":"repeat","background-position":"center center","background-size":"auto","background-attachment":"scroll","background-type":"","background-media":"","overlay-type":"","overlay-color":"","overlay-gradient":""},"mobile":{"background-color":"var(--ast-global-color-5)","background-image":"","background-repeat":"repeat","background-position":"center center","background-size":"auto","background-attachment":"scroll","background-type":"","background-media":"","overlay-type":"","overlay-color":"","overlay-gradient":""}},"footnotes":""},"categories":[165,956,4430,13455],"tags":[22583,168698,36006,168697,22561,73977],"class_list":["post-78480","post","type-post","status-publish","format-standard","hentry","category-filosofia","category-filosofia-del-conocimiento","category-leon","category-teoria-de-la-razon","tag-francisco-flecha-andres","tag-isabel-lafuente-guantes","tag-joaquin-marban-roman","tag-roque-schmitt-claiton","tag-rosa-sanchez-juan-jose","tag-salvador-rus-rufino"],"_links":{"self":[{"href":"https:\/\/www.deberes.net\/tesis\/wp-json\/wp\/v2\/posts\/78480","targetHints":{"allow":["GET"]}}],"collection":[{"href":"https:\/\/www.deberes.net\/tesis\/wp-json\/wp\/v2\/posts"}],"about":[{"href":"https:\/\/www.deberes.net\/tesis\/wp-json\/wp\/v2\/types\/post"}],"author":[{"embeddable":true,"href":"https:\/\/www.deberes.net\/tesis\/wp-json\/wp\/v2\/users\/1"}],"replies":[{"embeddable":true,"href":"https:\/\/www.deberes.net\/tesis\/wp-json\/wp\/v2\/comments?post=78480"}],"version-history":[{"count":0,"href":"https:\/\/www.deberes.net\/tesis\/wp-json\/wp\/v2\/posts\/78480\/revisions"}],"wp:attachment":[{"href":"https:\/\/www.deberes.net\/tesis\/wp-json\/wp\/v2\/media?parent=78480"}],"wp:term":[{"taxonomy":"category","embeddable":true,"href":"https:\/\/www.deberes.net\/tesis\/wp-json\/wp\/v2\/categories?post=78480"},{"taxonomy":"post_tag","embeddable":true,"href":"https:\/\/www.deberes.net\/tesis\/wp-json\/wp\/v2\/tags?post=78480"}],"curies":[{"name":"wp","href":"https:\/\/api.w.org\/{rel}","templated":true}]}}