{"id":78494,"date":"2018-03-09T23:24:10","date_gmt":"2018-03-09T23:24:10","guid":{"rendered":"https:\/\/www.deberes.net\/tesis\/sin-categoria\/metafa%c2%adsica-del-hombre-en-miguel-de-unamuno\/"},"modified":"2018-03-09T23:24:10","modified_gmt":"2018-03-09T23:24:10","slug":"metafa%c2%adsica-del-hombre-en-miguel-de-unamuno","status":"publish","type":"post","link":"https:\/\/www.deberes.net\/tesis\/filosofia\/metafa%c2%adsica-del-hombre-en-miguel-de-unamuno\/","title":{"rendered":"Metaf\u00edsica del hombre en miguel de unamuno."},"content":{"rendered":"<h2>Tesis doctoral de <strong> Mar\u00eda  Teresa Signes Signes <\/strong><\/h2>\n<p>La tesis presentada \u00abmetaf\u00edsica del hombre en miguel de unamuno\u00bb, ten\u00eda como objetivo inicial el plantear la afirmaci\u00f3n de que puede encontrarse a trav\u00e9s de la vida y la obra de don miguel de unamuno, no s\u00f3lo una filosof\u00eda en general, sino toda una metaf\u00edsica del hombre. Una metaf\u00edsica que tendr\u00eda como origen, la problem\u00e1tica existencial, especialmente religiosa que nuestro autor sufri\u00f3 en propia persona y lleg\u00f3 a convertir en una problem\u00e1tica existencial, humana y filos\u00f3fica. Su preocupaci\u00f3n por el hombre, \u00e9ste era sin duda el tema que marc\u00f3 lodo su quehacer filos\u00f3fico, deb\u00eda buscarse en este planteamiento personal de la trascendencia humana. Esta era una de las finalidades propias de la tesis: demostrar y concretar esta propuesta filos\u00f3fica, su concepto de hombre y aquellos elementos que le defin\u00edan desde una perspectiva trascendental y en este sentido metaf\u00edsica. A partir de la profundizaci\u00f3n en estas cuestiones, y en una aplicaci\u00f3n pragm\u00e1tica de ellas, se hizo visible la trascendencia que dichas cuestiones ten\u00edan en el proceso educativo y en la formaci\u00f3n integral de la persona. De aqu\u00ed que se concluya con una parte fundamental, en la que se analizan las cuestiones antropol\u00f3gicas y pedag\u00f3gicas que incluyen el proceso educativo. A partir del planteamiento de los principales datos biogr\u00e1ficos de unamuno, se expone cu\u00e1l ser\u00eda su propuesta filos\u00f3fica, filosof\u00eda del quijotismo, y se concluye como dec\u00edamos en una antropolog\u00eda pedag\u00f3gica de la educaci\u00f3n.<\/p>\n<p>&nbsp;<\/p>\n<h3>Datos acad\u00e9micos de la tesis doctoral \u00ab<strong>Metaf\u00edsica del hombre en miguel de unamuno.<\/strong>\u00ab<\/h3>\n<ul>\n<li><strong>T\u00edtulo de la tesis:<\/strong>\u00a0 Metaf\u00edsica del hombre en miguel de unamuno. <\/li>\n<li><strong>Autor:<\/strong>\u00a0 Mar\u00eda  Teresa Signes Signes <\/li>\n<li><strong>Universidad:<\/strong>\u00a0 Barcelona<\/li>\n<li><strong>Fecha de lectura de la tesis:<\/strong>\u00a0 31\/01\/2006<\/li>\n<\/ul>\n<p>&nbsp;<\/p>\n<h3>Direcci\u00f3n y tribunal<\/h3>\n<ul>\n<li><strong>Director de la tesis<\/strong>\n<ul>\n<li>Eudaldo Forment Giralt<\/li>\n<\/ul>\n<\/li>\n<li><strong>Tribunal<\/strong>\n<ul>\n<li>Presidente del tribunal: Jos\u00e9 Luis Arce carrascoso <\/li>\n<li>Jos\u00e9 Manuel Garcia de la mora (vocal)<\/li>\n<li>Jos\u00e9 m Diaz torres (vocal)<\/li>\n<li>conrad Vilanou torrado (vocal)<\/li>\n<\/ul>\n<\/li>\n<\/ul>\n<p>&nbsp;<\/p>\n","protected":false},"excerpt":{"rendered":"<p>Tesis doctoral de Mar\u00eda Teresa Signes Signes La tesis presentada \u00abmetaf\u00edsica del hombre en miguel de unamuno\u00bb, ten\u00eda como objetivo [&hellip;]<\/p>\n","protected":false},"author":1,"featured_media":0,"comment_status":"open","ping_status":"open","sticky":false,"template":"","format":"standard","meta":{"site-sidebar-layout":"default","site-content-layout":"","ast-site-content-layout":"","site-content-style":"default","site-sidebar-style":"default","ast-global-header-display":"","ast-banner-title-visibility":"","ast-main-header-display":"","ast-hfb-above-header-display":"","ast-hfb-below-header-display":"","ast-hfb-mobile-header-display":"","site-post-title":"","ast-breadcrumbs-content":"","ast-featured-img":"","footer-sml-layout":"","theme-transparent-header-meta":"","adv-header-id-meta":"","stick-header-meta":"","header-above-stick-meta":"","header-main-stick-meta":"","header-below-stick-meta":"","astra-migrate-meta-layouts":"default","ast-page-background-enabled":"default","ast-page-background-meta":{"desktop":{"background-color":"var(--ast-global-color-4)","background-image":"","background-repeat":"repeat","background-position":"center center","background-size":"auto","background-attachment":"scroll","background-type":"","background-media":"","overlay-type":"","overlay-color":"","overlay-gradient":""},"tablet":{"background-color":"","background-image":"","background-repeat":"repeat","background-position":"center center","background-size":"auto","background-attachment":"scroll","background-type":"","background-media":"","overlay-type":"","overlay-color":"","overlay-gradient":""},"mobile":{"background-color":"","background-image":"","background-repeat":"repeat","background-position":"center center","background-size":"auto","background-attachment":"scroll","background-type":"","background-media":"","overlay-type":"","overlay-color":"","overlay-gradient":""}},"ast-content-background-meta":{"desktop":{"background-color":"var(--ast-global-color-5)","background-image":"","background-repeat":"repeat","background-position":"center center","background-size":"auto","background-attachment":"scroll","background-type":"","background-media":"","overlay-type":"","overlay-color":"","overlay-gradient":""},"tablet":{"background-color":"var(--ast-global-color-5)","background-image":"","background-repeat":"repeat","background-position":"center center","background-size":"auto","background-attachment":"scroll","background-type":"","background-media":"","overlay-type":"","overlay-color":"","overlay-gradient":""},"mobile":{"background-color":"var(--ast-global-color-5)","background-image":"","background-repeat":"repeat","background-position":"center center","background-size":"auto","background-attachment":"scroll","background-type":"","background-media":"","overlay-type":"","overlay-color":"","overlay-gradient":""}},"footnotes":""},"categories":[951,165],"tags":[19817,1188,1062,168724,60572,168723],"class_list":["post-78494","post","type-post","status-publish","format-standard","hentry","category-barcelona","category-filosofia","tag-conrad-vilanou-torrado","tag-eudaldo-forment-giralt","tag-jose-luis-arce-carrascoso","tag-jose-m-diaz-torres","tag-jose-manuel-garcia-de-la-mora","tag-maria-teresa-signes-signes"],"_links":{"self":[{"href":"https:\/\/www.deberes.net\/tesis\/wp-json\/wp\/v2\/posts\/78494","targetHints":{"allow":["GET"]}}],"collection":[{"href":"https:\/\/www.deberes.net\/tesis\/wp-json\/wp\/v2\/posts"}],"about":[{"href":"https:\/\/www.deberes.net\/tesis\/wp-json\/wp\/v2\/types\/post"}],"author":[{"embeddable":true,"href":"https:\/\/www.deberes.net\/tesis\/wp-json\/wp\/v2\/users\/1"}],"replies":[{"embeddable":true,"href":"https:\/\/www.deberes.net\/tesis\/wp-json\/wp\/v2\/comments?post=78494"}],"version-history":[{"count":0,"href":"https:\/\/www.deberes.net\/tesis\/wp-json\/wp\/v2\/posts\/78494\/revisions"}],"wp:attachment":[{"href":"https:\/\/www.deberes.net\/tesis\/wp-json\/wp\/v2\/media?parent=78494"}],"wp:term":[{"taxonomy":"category","embeddable":true,"href":"https:\/\/www.deberes.net\/tesis\/wp-json\/wp\/v2\/categories?post=78494"},{"taxonomy":"post_tag","embeddable":true,"href":"https:\/\/www.deberes.net\/tesis\/wp-json\/wp\/v2\/tags?post=78494"}],"curies":[{"name":"wp","href":"https:\/\/api.w.org\/{rel}","templated":true}]}}