{"id":78516,"date":"2006-03-02T00:00:00","date_gmt":"2006-03-02T00:00:00","guid":{"rendered":"https:\/\/www.deberes.net\/tesis\/sin-categoria\/la-planificacion-docente-en-la-ensenanza-superior-un-estudio-de-caso\/"},"modified":"2006-03-02T00:00:00","modified_gmt":"2006-03-02T00:00:00","slug":"la-planificacion-docente-en-la-ensenanza-superior-un-estudio-de-caso","status":"publish","type":"post","link":"https:\/\/www.deberes.net\/tesis\/extremadura\/la-planificacion-docente-en-la-ensenanza-superior-un-estudio-de-caso\/","title":{"rendered":"La planificaci\u00f3n docente en la ense\u00f1anza superior. un estudio de caso"},"content":{"rendered":"<h2>Tesis doctoral de <strong> Rosana Mar\u00eda Martins <\/strong><\/h2>\n<p>Esta investigaci\u00f3n, de naturaleza cualitativa, analiza la planificaci\u00f3n de la ense\u00f1anza en la educaci\u00f3n superior. Para el desarrollo de la investigaci\u00f3n han sido seleccionados docentes de ense\u00f1anza superior de las facultades integradas de rondon\u00f3polis-mato grosso y de la universidad federal de mato grosso campus de rondon\u00f3plis (brasil). Como ayuda metodol\u00f3gica se utiliz\u00f3 la triangulaci\u00f3n de sujetos (profesores, alumnos y coordinadores -jefes de departamento-) y de m\u00e9todos (cuestionario, entrevistas y estudio de caso), procedimiento utilizado para garantizar la fiabilidad el os datos obtenidos. Verificamos que no hay diferencias significativas entre las categor\u00edas de profesores (graduados-licenciado, experto-novel) respecto de la planificaci\u00f3n docente. No obstante los licenciados poseen una vis\u00f3n m\u00e1s amplia de la educaci\u00f3n. Evidenciamos que ser\u00eda necesario, al desarrollar un plan de la acci\u00f3n, que el profesor tome conciencia de que el mismo ocurre en una sucesi\u00f3n de causa y efecto y de mucha reflexi\u00f3n, y se justifica solamente por la contribuci\u00f3n que puede aportar a las necesidades educativas de los alumnos, como individuos que pertenecen a un determinado contexto social. Se ha evidenciado, asimismo, que la preparaci\u00f3n del docente para la educaci\u00f3n superior es escasa en los curso de posgrado, una vez que tales cursos priorizan el \u00e1rea de conocimiento espec\u00edfico, da\u00f1ando, principalmente, al profesor graduado (bacharel), e influyendo tambi\u00e9n el terrero de la planificaci\u00f3n de la educaci\u00f3n.<\/p>\n<p>&nbsp;<\/p>\n<h3>Datos acad\u00e9micos de la tesis doctoral \u00ab<strong>La planificaci\u00f3n docente en la ense\u00f1anza superior. un estudio de caso<\/strong>\u00ab<\/h3>\n<ul>\n<li><strong>T\u00edtulo de la tesis:<\/strong>\u00a0 La planificaci\u00f3n docente en la ense\u00f1anza superior. un estudio de caso <\/li>\n<li><strong>Autor:<\/strong>\u00a0 Rosana Mar\u00eda Martins <\/li>\n<li><strong>Universidad:<\/strong>\u00a0 Extremadura<\/li>\n<li><strong>Fecha de lectura de la tesis:<\/strong>\u00a0 03\/02\/2006<\/li>\n<\/ul>\n<p>&nbsp;<\/p>\n<h3>Direcci\u00f3n y tribunal<\/h3>\n<ul>\n<li><strong>Director de la tesis<\/strong>\n<ul>\n<li>Florentino Bl\u00e1zquez Entonado<\/li>\n<\/ul>\n<\/li>\n<li><strong>Tribunal<\/strong>\n<ul>\n<li>Presidente del tribunal: manuel Patricio ferreira <\/li>\n<li>paulino Murillo estepa (vocal)<\/li>\n<li>Jos\u00e9 Amancio g\u00f3mes (vocal)<\/li>\n<li>enrique Verdegay iglesias (vocal)<\/li>\n<\/ul>\n<\/li>\n<\/ul>\n<p>&nbsp;<\/p>\n","protected":false},"excerpt":{"rendered":"<p>Tesis doctoral de Rosana Mar\u00eda Martins Esta investigaci\u00f3n, de naturaleza cualitativa, analiza la planificaci\u00f3n de la ense\u00f1anza en la educaci\u00f3n [&hellip;]<\/p>\n","protected":false},"author":1,"featured_media":0,"comment_status":"open","ping_status":"open","sticky":false,"template":"","format":"standard","meta":{"site-sidebar-layout":"default","site-content-layout":"","ast-site-content-layout":"","site-content-style":"default","site-sidebar-style":"default","ast-global-header-display":"","ast-banner-title-visibility":"","ast-main-header-display":"","ast-hfb-above-header-display":"","ast-hfb-below-header-display":"","ast-hfb-mobile-header-display":"","site-post-title":"","ast-breadcrumbs-content":"","ast-featured-img":"","footer-sml-layout":"","theme-transparent-header-meta":"","adv-header-id-meta":"","stick-header-meta":"","header-above-stick-meta":"","header-main-stick-meta":"","header-below-stick-meta":"","astra-migrate-meta-layouts":"default","ast-page-background-enabled":"default","ast-page-background-meta":{"desktop":{"background-color":"var(--ast-global-color-4)","background-image":"","background-repeat":"repeat","background-position":"center center","background-size":"auto","background-attachment":"scroll","background-type":"","background-media":"","overlay-type":"","overlay-color":"","overlay-gradient":""},"tablet":{"background-color":"","background-image":"","background-repeat":"repeat","background-position":"center center","background-size":"auto","background-attachment":"scroll","background-type":"","background-media":"","overlay-type":"","overlay-color":"","overlay-gradient":""},"mobile":{"background-color":"","background-image":"","background-repeat":"repeat","background-position":"center center","background-size":"auto","background-attachment":"scroll","background-type":"","background-media":"","overlay-type":"","overlay-color":"","overlay-gradient":""}},"ast-content-background-meta":{"desktop":{"background-color":"var(--ast-global-color-5)","background-image":"","background-repeat":"repeat","background-position":"center center","background-size":"auto","background-attachment":"scroll","background-type":"","background-media":"","overlay-type":"","overlay-color":"","overlay-gradient":""},"tablet":{"background-color":"var(--ast-global-color-5)","background-image":"","background-repeat":"repeat","background-position":"center center","background-size":"auto","background-attachment":"scroll","background-type":"","background-media":"","overlay-type":"","overlay-color":"","overlay-gradient":""},"mobile":{"background-color":"var(--ast-global-color-5)","background-image":"","background-repeat":"repeat","background-position":"center center","background-size":"auto","background-attachment":"scroll","background-type":"","background-media":"","overlay-type":"","overlay-color":"","overlay-gradient":""}},"footnotes":""},"categories":[949,1184,1288,8934],"tags":[168766,33402,168762,168765,103774,168764],"class_list":["post-78516","post","type-post","status-publish","format-standard","hentry","category-extremadura","category-organizacion-y-planificacion-de-la-educacion","category-preparacion-de-profesores","category-profesion-y-situacion-del-profesorado","tag-enrique-verdegay-iglesias","tag-florentino-blazquez-entonado","tag-jose-amancio-gomes","tag-manuel-patricio-ferreira","tag-paulino-murillo-estepa","tag-rosana-maria-martins"],"_links":{"self":[{"href":"https:\/\/www.deberes.net\/tesis\/wp-json\/wp\/v2\/posts\/78516","targetHints":{"allow":["GET"]}}],"collection":[{"href":"https:\/\/www.deberes.net\/tesis\/wp-json\/wp\/v2\/posts"}],"about":[{"href":"https:\/\/www.deberes.net\/tesis\/wp-json\/wp\/v2\/types\/post"}],"author":[{"embeddable":true,"href":"https:\/\/www.deberes.net\/tesis\/wp-json\/wp\/v2\/users\/1"}],"replies":[{"embeddable":true,"href":"https:\/\/www.deberes.net\/tesis\/wp-json\/wp\/v2\/comments?post=78516"}],"version-history":[{"count":0,"href":"https:\/\/www.deberes.net\/tesis\/wp-json\/wp\/v2\/posts\/78516\/revisions"}],"wp:attachment":[{"href":"https:\/\/www.deberes.net\/tesis\/wp-json\/wp\/v2\/media?parent=78516"}],"wp:term":[{"taxonomy":"category","embeddable":true,"href":"https:\/\/www.deberes.net\/tesis\/wp-json\/wp\/v2\/categories?post=78516"},{"taxonomy":"post_tag","embeddable":true,"href":"https:\/\/www.deberes.net\/tesis\/wp-json\/wp\/v2\/tags?post=78516"}],"curies":[{"name":"wp","href":"https:\/\/api.w.org\/{rel}","templated":true}]}}