{"id":78519,"date":"2006-03-02T00:00:00","date_gmt":"2006-03-02T00:00:00","guid":{"rendered":"https:\/\/www.deberes.net\/tesis\/sin-categoria\/imagen-y-sexualidad-de-las-mujeres-mastectomizadas\/"},"modified":"2006-03-02T00:00:00","modified_gmt":"2006-03-02T00:00:00","slug":"imagen-y-sexualidad-de-las-mujeres-mastectomizadas","status":"publish","type":"post","link":"https:\/\/www.deberes.net\/tesis\/barcelona\/imagen-y-sexualidad-de-las-mujeres-mastectomizadas\/","title":{"rendered":"Imagen y sexualidad de las mujeres mastectomizadas"},"content":{"rendered":"<h2>Tesis doctoral de <strong> Rafaela Blanco S\u00e1nchez <\/strong><\/h2>\n<p>Introducci\u00f3n     el c\u00e1ncer de mama es el m\u00e1s frecuente en la mujer de los pa\u00edses desarrollados. En catalu\u00f1a se presenta entre 27-30% de todos los tumores femeninos.  objetivos     analizar sociol\u00f3gicamente la construcci\u00f3n social de ser mujer y la imagen popular que el c\u00e1ncer de mama y la p\u00e9rdida de la mama tienen en relaci\u00f3n con el deterioro de las relaciones de pareja.  m\u00e9todo     investigaci\u00f3n bibliogr\u00e1fica. Entrevistas en profundidad a mujeres\/hombres con c\u00e1ncer de mama. Entrevistas semiestructuradas a m\u00e9dicos. An\u00e1lisis cualitativo de los resultados.  resultados     se agrupan en diferentes cap\u00edtulos: imagen corporal y relaciones sexuales. Recuperaci\u00f3n de la identidad sexual\/femenina. Informaci\u00f3n recibida. Mastectom\u00eda versus maternidad.. Descubriendo la enfermedad. Entorno y renuncias de las mujeres.  discusi\u00f3n y conclusiones     se verifican las hip\u00f3tesis. Las mujeres viven su imagen corporal tras la mastectom\u00eda como un problema que les hace disminuir o renunciar a sus relaciones sexuales y puede llevarlas a romper su pareja. P\u00e9rdida de identidad sexual femenina. Miedo a &#8211;, este aumenta si desconf\u00edan de la informaci\u00f3n ofrecida por el equipo sanitario que las atiende. las mujeres en edad &#8212;&#8211; que no han tenido hijos manifiestan ansiedad ante la inc\u00f3gnita de poder tenerlos.<\/p>\n<p>&nbsp;<\/p>\n<h3>Datos acad\u00e9micos de la tesis doctoral \u00ab<strong>Imagen y sexualidad de las mujeres mastectomizadas<\/strong>\u00ab<\/h3>\n<ul>\n<li><strong>T\u00edtulo de la tesis:<\/strong>\u00a0 Imagen y sexualidad de las mujeres mastectomizadas <\/li>\n<li><strong>Autor:<\/strong>\u00a0 Rafaela Blanco S\u00e1nchez <\/li>\n<li><strong>Universidad:<\/strong>\u00a0 Barcelona<\/li>\n<li><strong>Fecha de lectura de la tesis:<\/strong>\u00a0 03\/02\/2006<\/li>\n<\/ul>\n<p>&nbsp;<\/p>\n<h3>Direcci\u00f3n y tribunal<\/h3>\n<ul>\n<li><strong>Director de la tesis<\/strong>\n<ul>\n<li> Rodr\u00edguez D\u00edaz Jos\u00e9 Antonio<\/li>\n<\/ul>\n<\/li>\n<li><strong>Tribunal<\/strong>\n<ul>\n<li>Presidente del tribunal: jaume Farras farras <\/li>\n<li> Rodr\u00edguez Jaime m. Jos\u00e9 (vocal)<\/li>\n<li>jordi Roca i girona (vocal)<\/li>\n<li>Alberto Oriol bosch (vocal)<\/li>\n<\/ul>\n<\/li>\n<\/ul>\n<p>&nbsp;<\/p>\n","protected":false},"excerpt":{"rendered":"<p>Tesis doctoral de Rafaela Blanco S\u00e1nchez Introducci\u00f3n el c\u00e1ncer de mama es el m\u00e1s frecuente en la mujer de los [&hellip;]<\/p>\n","protected":false},"author":1,"featured_media":0,"comment_status":"open","ping_status":"open","sticky":false,"template":"","format":"standard","meta":{"site-sidebar-layout":"default","site-content-layout":"","ast-site-content-layout":"","site-content-style":"default","site-sidebar-style":"default","ast-global-header-display":"","ast-banner-title-visibility":"","ast-main-header-display":"","ast-hfb-above-header-display":"","ast-hfb-below-header-display":"","ast-hfb-mobile-header-display":"","site-post-title":"","ast-breadcrumbs-content":"","ast-featured-img":"","footer-sml-layout":"","theme-transparent-header-meta":"","adv-header-id-meta":"","stick-header-meta":"","header-above-stick-meta":"","header-main-stick-meta":"","header-below-stick-meta":"","astra-migrate-meta-layouts":"default","ast-page-background-enabled":"default","ast-page-background-meta":{"desktop":{"background-color":"var(--ast-global-color-4)","background-image":"","background-repeat":"repeat","background-position":"center center","background-size":"auto","background-attachment":"scroll","background-type":"","background-media":"","overlay-type":"","overlay-color":"","overlay-gradient":""},"tablet":{"background-color":"","background-image":"","background-repeat":"repeat","background-position":"center center","background-size":"auto","background-attachment":"scroll","background-type":"","background-media":"","overlay-type":"","overlay-color":"","overlay-gradient":""},"mobile":{"background-color":"","background-image":"","background-repeat":"repeat","background-position":"center center","background-size":"auto","background-attachment":"scroll","background-type":"","background-media":"","overlay-type":"","overlay-color":"","overlay-gradient":""}},"ast-content-background-meta":{"desktop":{"background-color":"var(--ast-global-color-5)","background-image":"","background-repeat":"repeat","background-position":"center center","background-size":"auto","background-attachment":"scroll","background-type":"","background-media":"","overlay-type":"","overlay-color":"","overlay-gradient":""},"tablet":{"background-color":"var(--ast-global-color-5)","background-image":"","background-repeat":"repeat","background-position":"center center","background-size":"auto","background-attachment":"scroll","background-type":"","background-media":"","overlay-type":"","overlay-color":"","overlay-gradient":""},"mobile":{"background-color":"var(--ast-global-color-5)","background-image":"","background-repeat":"repeat","background-position":"center center","background-size":"auto","background-attachment":"scroll","background-type":"","background-media":"","overlay-type":"","overlay-color":"","overlay-gradient":""}},"footnotes":""},"categories":[951,1294],"tags":[821,46604,53224,168771,33735,168772],"class_list":["post-78519","post","type-post","status-publish","format-standard","hentry","category-barcelona","category-delincuencia","tag-alberto-oriol-bosch","tag-jaume-farras-farras","tag-jordi-roca-i-girona","tag-rafaela-blanco-sanchez","tag-rodriguez-diaz-jose-antonio","tag-rodriguez-jaime-m-jose"],"_links":{"self":[{"href":"https:\/\/www.deberes.net\/tesis\/wp-json\/wp\/v2\/posts\/78519","targetHints":{"allow":["GET"]}}],"collection":[{"href":"https:\/\/www.deberes.net\/tesis\/wp-json\/wp\/v2\/posts"}],"about":[{"href":"https:\/\/www.deberes.net\/tesis\/wp-json\/wp\/v2\/types\/post"}],"author":[{"embeddable":true,"href":"https:\/\/www.deberes.net\/tesis\/wp-json\/wp\/v2\/users\/1"}],"replies":[{"embeddable":true,"href":"https:\/\/www.deberes.net\/tesis\/wp-json\/wp\/v2\/comments?post=78519"}],"version-history":[{"count":0,"href":"https:\/\/www.deberes.net\/tesis\/wp-json\/wp\/v2\/posts\/78519\/revisions"}],"wp:attachment":[{"href":"https:\/\/www.deberes.net\/tesis\/wp-json\/wp\/v2\/media?parent=78519"}],"wp:term":[{"taxonomy":"category","embeddable":true,"href":"https:\/\/www.deberes.net\/tesis\/wp-json\/wp\/v2\/categories?post=78519"},{"taxonomy":"post_tag","embeddable":true,"href":"https:\/\/www.deberes.net\/tesis\/wp-json\/wp\/v2\/tags?post=78519"}],"curies":[{"name":"wp","href":"https:\/\/api.w.org\/{rel}","templated":true}]}}