{"id":78542,"date":"2006-03-02T00:00:00","date_gmt":"2006-03-02T00:00:00","guid":{"rendered":""},"modified":"2006-03-02T00:00:00","modified_gmt":"2006-03-02T00:00:00","slug":"busqueda-de-nuevos-criterios-de-valoracion-del-menoscabo-funcional-en-los-procesos-de-incapacidad-permanente-con-causa-en-la-fibromialgia-y-o-sa%c2%adndrome-de-la-fatiga-cronica-un-enfoque-multidisci","status":"publish","type":"post","link":"https:\/\/www.deberes.net\/tesis\/medicina-interna\/busqueda-de-nuevos-criterios-de-valoracion-del-menoscabo-funcional-en-los-procesos-de-incapacidad-permanente-con-causa-en-la-fibromialgia-y-o-sa%c2%adndrome-de-la-fatiga-cronica-un-enfoque-multidisci\/","title":{"rendered":"B\u00fasqueda de nuevos criterios de valoraci\u00f3n del menoscabo funcional en los procesos de incapacidad permanente con causa en la fibromialgia y\/o s\u00edndrome de la fatiga cr\u00f3nica. un enfoque multidisciplinar"},"content":{"rendered":"<h2>Tesis doctoral de <strong>  Le\u00f3n Iglesias Francisco Javier <\/strong><\/h2>\n<p>Apunt\u00e1ndose, en las investigaciones llevadas a cabo hasta la fecha, a una cada vez mayor n\u00famero de pacientes con dolor generalizado sin exploraci\u00f3n sugestiva de otros diagn\u00f3stico reumatol\u00f3gico, el presente trabajo se adentra en la dimensi\u00f3n socio-laboral de la fibromialgia -fm- y\/o s\u00edndrome de la fatiga cr\u00f3nica -sfc- ante la sospecha de su elevado coste econ\u00f3mico en el sistema de seguridad social.     la primera de ellas, cuyos criterios calsificatorios se fijaron en 1990, reconoci\u00e9ndose por las oms dos a\u00f1os m\u00e1s tarde, se manifiesta como una discusi\u00f3n de la modulaci\u00f3n del dolor -m\u00fasculo esquel\u00e9tico, difuso y cr\u00f3nico- acompa\u00f1ada por s\u00edntomas diversos: rigidez matutina, sue\u00f1o no reparador, cansancio, trastornos emocionales.. Una cl\u00ednica similar a la del sfc cuyo elemento definitorio es la fatiga persistente. Ambas comparte, tambi\u00e9n, una elevada preValencia -2,37% y 2,6% de la poblaci\u00f3n general, respectivamente- y la ausencia de unos patrones objetivables.     fueron analizados, finalmente, con una metodolog\u00eda fundamentalmente cualitativa que se complementa con la estad\u00edstica, 77 casos de incapacidad permanente de afectadas por estos s\u00edndromes, qui\u00e9nes fueron representadas legalmente por el autor entre el 23 de febrero de 1999 y el 31 de julio de 2004.     entre otros resultados, se demuestra que el colectivo de pensionistas por invalidez total y absoluta por fm y\/o sfc representa en nuestro pa\u00eds un 14,66% sobre el conjunto de beneficiarios de estos grados de prestaci\u00f3n y un 22,30% del montante econ\u00f3mico mensual que se destina a estas partidas, observ\u00e1ndose entre otros factores que intervienen en la tendencia a la estimaci\u00f3n de estos supuestos, siempre sin contraste estad\u00edstico, su conocimiento por una magistrado o la acreditaci\u00f3n por parte de las demandantes de disfunciones cognostivas, t\u00edpicas de unas patolog\u00edas que bien podr\u00edan aparecer en estado puro o en comorbilidad con distintos procesos, a excepci\u00f3n del os de tipo art<\/p>\n<p>&nbsp;<\/p>\n<h3>Datos acad\u00e9micos de la tesis doctoral \u00ab<strong>B\u00fasqueda de nuevos criterios de valoraci\u00f3n del menoscabo funcional en los procesos de incapacidad permanente con causa en la fibromialgia y\/o s\u00edndrome de la fatiga cr\u00f3nica. un enfoque multidisciplinar<\/strong>\u00ab<\/h3>\n<ul>\n<li><strong>T\u00edtulo de la tesis:<\/strong>\u00a0 B\u00fasqueda de nuevos criterios de valoraci\u00f3n del menoscabo funcional en los procesos de incapacidad permanente con causa en la fibromialgia y\/o s\u00edndrome de la fatiga cr\u00f3nica. un enfoque multidisciplinar <\/li>\n<li><strong>Autor:<\/strong>\u00a0  Le\u00f3n Iglesias Francisco Javier <\/li>\n<li><strong>Universidad:<\/strong>\u00a0 Pa\u00eds vasco\/euskal herriko unibertsitatea<\/li>\n<li><strong>Fecha de lectura de la tesis:<\/strong>\u00a0 03\/02\/2006<\/li>\n<\/ul>\n<p>&nbsp;<\/p>\n<h3>Direcci\u00f3n y tribunal<\/h3>\n<ul>\n<li><strong>Director de la tesis<\/strong>\n<ul>\n<li>Ricardo Franco Vicario<\/li>\n<\/ul>\n<\/li>\n<li><strong>Tribunal<\/strong>\n<ul>\n<li>Presidente del tribunal: felipe Miguel de la villa <\/li>\n<li>Fernando Manrique l\u00f3pez (vocal)<\/li>\n<li> L\u00f3pez-mu\u00f1oz y larraz gustavo (vocal)<\/li>\n<li>cayetano Alegre de miquel (vocal)<\/li>\n<\/ul>\n<\/li>\n<\/ul>\n<p>&nbsp;<\/p>\n","protected":false},"excerpt":{"rendered":"<p>Tesis doctoral de Le\u00f3n Iglesias Francisco Javier Apunt\u00e1ndose, en las investigaciones llevadas a cabo hasta la fecha, a una cada [&hellip;]<\/p>\n","protected":false},"author":1,"featured_media":0,"comment_status":"open","ping_status":"open","sticky":false,"template":"","format":"standard","meta":{"site-sidebar-layout":"default","site-content-layout":"","ast-site-content-layout":"","site-content-style":"default","site-sidebar-style":"default","ast-global-header-display":"","ast-banner-title-visibility":"","ast-main-header-display":"","ast-hfb-above-header-display":"","ast-hfb-below-header-display":"","ast-hfb-mobile-header-display":"","site-post-title":"","ast-breadcrumbs-content":"","ast-featured-img":"","footer-sml-layout":"","theme-transparent-header-meta":"","adv-header-id-meta":"","stick-header-meta":"","header-above-stick-meta":"","header-main-stick-meta":"","header-below-stick-meta":"","astra-migrate-meta-layouts":"default","ast-page-background-enabled":"default","ast-page-background-meta":{"desktop":{"background-color":"var(--ast-global-color-4)","background-image":"","background-repeat":"repeat","background-position":"center center","background-size":"auto","background-attachment":"scroll","background-type":"","background-media":"","overlay-type":"","overlay-color":"","overlay-gradient":""},"tablet":{"background-color":"","background-image":"","background-repeat":"repeat","background-position":"center center","background-size":"auto","background-attachment":"scroll","background-type":"","background-media":"","overlay-type":"","overlay-color":"","overlay-gradient":""},"mobile":{"background-color":"","background-image":"","background-repeat":"repeat","background-position":"center center","background-size":"auto","background-attachment":"scroll","background-type":"","background-media":"","overlay-type":"","overlay-color":"","overlay-gradient":""}},"ast-content-background-meta":{"desktop":{"background-color":"var(--ast-global-color-5)","background-image":"","background-repeat":"repeat","background-position":"center center","background-size":"auto","background-attachment":"scroll","background-type":"","background-media":"","overlay-type":"","overlay-color":"","overlay-gradient":""},"tablet":{"background-color":"var(--ast-global-color-5)","background-image":"","background-repeat":"repeat","background-position":"center center","background-size":"auto","background-attachment":"scroll","background-type":"","background-media":"","overlay-type":"","overlay-color":"","overlay-gradient":""},"mobile":{"background-color":"var(--ast-global-color-5)","background-image":"","background-repeat":"repeat","background-position":"center center","background-size":"auto","background-attachment":"scroll","background-type":"","background-media":"","overlay-type":"","overlay-color":"","overlay-gradient":""}},"footnotes":""},"categories":[612,139,12909],"tags":[104986,1734,69313,168817,168818,28133],"class_list":["post-78542","post","type-post","status-publish","format-standard","hentry","category-ciencias-juridicas-y-derecho","category-medicina-interna","category-pais-vasco-euskal-herriko-unibertsitatea","tag-cayetano-alegre-de-miquel","tag-felipe-miguel-de-la-villa","tag-fernando-manrique-lopez","tag-leon-iglesias-francisco-javier","tag-lopez-munoz-y-larraz-gustavo","tag-ricardo-franco-vicario"],"_links":{"self":[{"href":"https:\/\/www.deberes.net\/tesis\/wp-json\/wp\/v2\/posts\/78542","targetHints":{"allow":["GET"]}}],"collection":[{"href":"https:\/\/www.deberes.net\/tesis\/wp-json\/wp\/v2\/posts"}],"about":[{"href":"https:\/\/www.deberes.net\/tesis\/wp-json\/wp\/v2\/types\/post"}],"author":[{"embeddable":true,"href":"https:\/\/www.deberes.net\/tesis\/wp-json\/wp\/v2\/users\/1"}],"replies":[{"embeddable":true,"href":"https:\/\/www.deberes.net\/tesis\/wp-json\/wp\/v2\/comments?post=78542"}],"version-history":[{"count":0,"href":"https:\/\/www.deberes.net\/tesis\/wp-json\/wp\/v2\/posts\/78542\/revisions"}],"wp:attachment":[{"href":"https:\/\/www.deberes.net\/tesis\/wp-json\/wp\/v2\/media?parent=78542"}],"wp:term":[{"taxonomy":"category","embeddable":true,"href":"https:\/\/www.deberes.net\/tesis\/wp-json\/wp\/v2\/categories?post=78542"},{"taxonomy":"post_tag","embeddable":true,"href":"https:\/\/www.deberes.net\/tesis\/wp-json\/wp\/v2\/tags?post=78542"}],"curies":[{"name":"wp","href":"https:\/\/api.w.org\/{rel}","templated":true}]}}