{"id":7857,"date":"1995-01-01T00:00:00","date_gmt":"1995-01-01T00:00:00","guid":{"rendered":"https:\/\/www.deberes.net\/tesis\/1995\/01\/01\/monitorizacion-de-reacciones-adversas-a-medios-de-contraste-iodados-en-pacientes-hospitalizados-y-ambulatorios\/"},"modified":"1995-01-01T00:00:00","modified_gmt":"1995-01-01T00:00:00","slug":"monitorizacion-de-reacciones-adversas-a-medios-de-contraste-iodados-en-pacientes-hospitalizados-y-ambulatorios","status":"publish","type":"post","link":"https:\/\/www.deberes.net\/tesis\/ciencias-medicas\/monitorizacion-de-reacciones-adversas-a-medios-de-contraste-iodados-en-pacientes-hospitalizados-y-ambulatorios\/","title":{"rendered":"Monitorizacion de reacciones adversas a medios de contraste iodados en pacientes hospitalizados y ambulatorios"},"content":{"rendered":"<h2>Tesis doctoral de <strong> Elena Perez Gonzalez <\/strong><\/h2>\n<p>La incidencia de reaccion adversa a los contrastes iodados intravasculares en nuestro estudio es del 30,8% (un 8,4% si se excluye la sensacion de calor o de frio en la zona de inyeccion). La mayoria de las reacciones adversas fueron leves (el 28,7%) con una minoria moderadas (el 1,7 %) y graves (el 0,4%). Las mujeres presentaron una mayor incidencia de reaccion adversa que los varones (un 38,9% frente a un 26,8%). La ansiedad del paciente supone un factor influyente en la incidencia de reaccion adversa, pero no en su gravedad. De los antecedentes personales estudiados solo se ha encontrado la enfermedad renal y la historia alergica del paciente como factores influyentes en la incidencia de reaccion adversa, no asi en su gravedad. Las reacciones adversas fueron mas frecuentes en las exploraciones angiograficas (80%) seguidas por las de tomografia axial computerizada (37,8%) y menos frencuentes en las urografias (25,2%). La reaccion adversa parece depender de forma directa de la cantidad de oido.<\/p>\n<p>&nbsp;<\/p>\n<h3>Datos acad\u00e9micos de la tesis doctoral \u00ab<strong>Monitorizacion de reacciones adversas a medios de contraste iodados en pacientes hospitalizados y ambulatorios<\/strong>\u00ab<\/h3>\n<ul>\n<li><strong>T\u00edtulo de la tesis:<\/strong>\u00a0 Monitorizacion de reacciones adversas a medios de contraste iodados en pacientes hospitalizados y ambulatorios <\/li>\n<li><strong>Autor:<\/strong>\u00a0 Elena Perez Gonzalez <\/li>\n<li><strong>Universidad:<\/strong>\u00a0 Valladolid<\/li>\n<li><strong>Fecha de lectura de la tesis:<\/strong>\u00a0 01\/01\/1995<\/li>\n<\/ul>\n<p>&nbsp;<\/p>\n<h3>Direcci\u00f3n y tribunal<\/h3>\n<ul>\n<li><strong>Director de la tesis<\/strong>\n<ul>\n<li>Alfonso Velasco Martin<\/li>\n<\/ul>\n<\/li>\n<li><strong>Tribunal<\/strong>\n<ul>\n<li>Presidente del tribunal: \u00e1ngel Mara\u00f1\u00f3n Cabello <\/li>\n<li> Arevalo Alonso Jos\u00e9 Miguel (vocal)<\/li>\n<li>Ernesto Fernandez  Del Busto (vocal)<\/li>\n<li>Jos\u00e9 Alonso Gonzalez (vocal)<\/li>\n<\/ul>\n<\/li>\n<\/ul>\n<p>&nbsp;<\/p>\n","protected":false},"excerpt":{"rendered":"<p>Tesis doctoral de Elena Perez Gonzalez La incidencia de reaccion adversa a los contrastes iodados intravasculares en nuestro estudio es [&hellip;]<\/p>\n","protected":false},"author":1,"featured_media":0,"comment_status":"open","ping_status":"open","sticky":false,"template":"","format":"standard","meta":{"site-sidebar-layout":"default","site-content-layout":"","ast-site-content-layout":"","site-content-style":"default","site-sidebar-style":"default","ast-global-header-display":"","ast-banner-title-visibility":"","ast-main-header-display":"","ast-hfb-above-header-display":"","ast-hfb-below-header-display":"","ast-hfb-mobile-header-display":"","site-post-title":"","ast-breadcrumbs-content":"","ast-featured-img":"","footer-sml-layout":"","theme-transparent-header-meta":"","adv-header-id-meta":"","stick-header-meta":"","header-above-stick-meta":"","header-main-stick-meta":"","header-below-stick-meta":"","astra-migrate-meta-layouts":"default","ast-page-background-enabled":"default","ast-page-background-meta":{"desktop":{"background-color":"var(--ast-global-color-4)","background-image":"","background-repeat":"repeat","background-position":"center center","background-size":"auto","background-attachment":"scroll","background-type":"","background-media":"","overlay-type":"","overlay-color":"","overlay-gradient":""},"tablet":{"background-color":"","background-image":"","background-repeat":"repeat","background-position":"center center","background-size":"auto","background-attachment":"scroll","background-type":"","background-media":"","overlay-type":"","overlay-color":"","overlay-gradient":""},"mobile":{"background-color":"","background-image":"","background-repeat":"repeat","background-position":"center center","background-size":"auto","background-attachment":"scroll","background-type":"","background-media":"","overlay-type":"","overlay-color":"","overlay-gradient":""}},"ast-content-background-meta":{"desktop":{"background-color":"var(--ast-global-color-5)","background-image":"","background-repeat":"repeat","background-position":"center center","background-size":"auto","background-attachment":"scroll","background-type":"","background-media":"","overlay-type":"","overlay-color":"","overlay-gradient":""},"tablet":{"background-color":"var(--ast-global-color-5)","background-image":"","background-repeat":"repeat","background-position":"center center","background-size":"auto","background-attachment":"scroll","background-type":"","background-media":"","overlay-type":"","overlay-color":"","overlay-gradient":""},"mobile":{"background-color":"var(--ast-global-color-5)","background-image":"","background-repeat":"repeat","background-position":"center center","background-size":"auto","background-attachment":"scroll","background-type":"","background-media":"","overlay-type":"","overlay-color":"","overlay-gradient":""}},"footnotes":""},"categories":[9,12692,189,483,7464,324,12451],"tags":[12654,27683,12515,27905,25396,27754],"class_list":["post-7857","post","type-post","status-publish","format-standard","hentry","category-ciencias-medicas","category-efecto-de-las-drogas","category-farmacodinamia","category-mecanismos-de-accion-de-los-farmacos","category-psicofarmacologia","category-psicologia","category-valladolid","tag-alfonso-velasco-martin","tag-angel-maranon-cabello","tag-arevalo-alonso-jose-miguel","tag-elena-perez-gonzalez","tag-ernesto-fernandez-del-busto","tag-jose-alonso-gonzalez"],"_links":{"self":[{"href":"https:\/\/www.deberes.net\/tesis\/wp-json\/wp\/v2\/posts\/7857","targetHints":{"allow":["GET"]}}],"collection":[{"href":"https:\/\/www.deberes.net\/tesis\/wp-json\/wp\/v2\/posts"}],"about":[{"href":"https:\/\/www.deberes.net\/tesis\/wp-json\/wp\/v2\/types\/post"}],"author":[{"embeddable":true,"href":"https:\/\/www.deberes.net\/tesis\/wp-json\/wp\/v2\/users\/1"}],"replies":[{"embeddable":true,"href":"https:\/\/www.deberes.net\/tesis\/wp-json\/wp\/v2\/comments?post=7857"}],"version-history":[{"count":0,"href":"https:\/\/www.deberes.net\/tesis\/wp-json\/wp\/v2\/posts\/7857\/revisions"}],"wp:attachment":[{"href":"https:\/\/www.deberes.net\/tesis\/wp-json\/wp\/v2\/media?parent=7857"}],"wp:term":[{"taxonomy":"category","embeddable":true,"href":"https:\/\/www.deberes.net\/tesis\/wp-json\/wp\/v2\/categories?post=7857"},{"taxonomy":"post_tag","embeddable":true,"href":"https:\/\/www.deberes.net\/tesis\/wp-json\/wp\/v2\/tags?post=7857"}],"curies":[{"name":"wp","href":"https:\/\/api.w.org\/{rel}","templated":true}]}}