{"id":78602,"date":"2006-09-02T00:00:00","date_gmt":"2006-09-02T00:00:00","guid":{"rendered":"https:\/\/www.deberes.net\/tesis\/sin-categoria\/estudio-comparativo-de-la-normativa-contable-de-espana-y-alemania\/"},"modified":"2006-09-02T00:00:00","modified_gmt":"2006-09-02T00:00:00","slug":"estudio-comparativo-de-la-normativa-contable-de-espana-y-alemania","status":"publish","type":"post","link":"https:\/\/www.deberes.net\/tesis\/organizacion-y-gestion-de-empresas\/estudio-comparativo-de-la-normativa-contable-de-espana-y-alemania\/","title":{"rendered":"Estudio comparativo de la normativa contable de espa\u00f1a y alemania"},"content":{"rendered":"<h2>Tesis doctoral de <strong> Mar\u00eda  Pilar Vera Vera <\/strong><\/h2>\n<p>La tesis doctoral se estructura en cuatro partes: la primera parte hacer referencia a la normativa contable en alemania. Permite analizar las condiciones en la iv directiva ha asegurado la aplicaci\u00f3n de los principios contables. Presentamos la contabilidad en alemania como fuente de informaci\u00f3n a trav\u00e9s de la norma contable. la segunda parte, se realiza un an\u00e1lisis comparativo de la norma contable en alemania y espa\u00f1a, en una situaci\u00f3n especial por el proceso de adaptaci\u00f3n a la normalizaci\u00f3n contable internacional. Tambi\u00e9n presentamos en alemania sus planes de cuentas. los temas tratados en la tercera parte, presentan un an\u00e1lisis comentado y comparado de la normativa contable de alemania, espa\u00f1a junto con las nic-niif emitidas por el iasb. la cuarta parte establece las diferencias , semejanzas entre la normativa contable de los paises en estudio y el proceso de adaptaci\u00f3n a las nic-niif presentamos los resultados obtenidos en el apartado correspondiente a conclusiones.<\/p>\n<p>&nbsp;<\/p>\n<h3>Datos acad\u00e9micos de la tesis doctoral \u00ab<strong>Estudio comparativo de la normativa contable de espa\u00f1a y alemania<\/strong>\u00ab<\/h3>\n<ul>\n<li><strong>T\u00edtulo de la tesis:<\/strong>\u00a0 Estudio comparativo de la normativa contable de espa\u00f1a y alemania <\/li>\n<li><strong>Autor:<\/strong>\u00a0 Mar\u00eda  Pilar Vera Vera <\/li>\n<li><strong>Universidad:<\/strong>\u00a0 Zaragoza<\/li>\n<li><strong>Fecha de lectura de la tesis:<\/strong>\u00a0 09\/02\/2006<\/li>\n<\/ul>\n<p>&nbsp;<\/p>\n<h3>Direcci\u00f3n y tribunal<\/h3>\n<ul>\n<li><strong>Director de la tesis<\/strong>\n<ul>\n<li>Francisco Gabas Trigo<\/li>\n<\/ul>\n<\/li>\n<li><strong>Tribunal<\/strong>\n<ul>\n<li>Presidente del tribunal: vicente Condor lopez <\/li>\n<li>josep Vallverd\u00fa calafell (vocal)<\/li>\n<li>Mar\u00eda del carmen Ruiz-olalla corcuera (vocal)<\/li>\n<li>teresa Apellaniz gomez (vocal)<\/li>\n<\/ul>\n<\/li>\n<\/ul>\n<p>&nbsp;<\/p>\n","protected":false},"excerpt":{"rendered":"<p>Tesis doctoral de Mar\u00eda Pilar Vera Vera La tesis doctoral se estructura en cuatro partes: la primera parte hacer referencia [&hellip;]<\/p>\n","protected":false},"author":1,"featured_media":0,"comment_status":"open","ping_status":"open","sticky":false,"template":"","format":"standard","meta":{"site-sidebar-layout":"default","site-content-layout":"","ast-site-content-layout":"","site-content-style":"default","site-sidebar-style":"default","ast-global-header-display":"","ast-banner-title-visibility":"","ast-main-header-display":"","ast-hfb-above-header-display":"","ast-hfb-below-header-display":"","ast-hfb-mobile-header-display":"","site-post-title":"","ast-breadcrumbs-content":"","ast-featured-img":"","footer-sml-layout":"","theme-transparent-header-meta":"","adv-header-id-meta":"","stick-header-meta":"","header-above-stick-meta":"","header-main-stick-meta":"","header-below-stick-meta":"","astra-migrate-meta-layouts":"default","ast-page-background-enabled":"default","ast-page-background-meta":{"desktop":{"background-color":"var(--ast-global-color-4)","background-image":"","background-repeat":"repeat","background-position":"center center","background-size":"auto","background-attachment":"scroll","background-type":"","background-media":"","overlay-type":"","overlay-color":"","overlay-gradient":""},"tablet":{"background-color":"","background-image":"","background-repeat":"repeat","background-position":"center center","background-size":"auto","background-attachment":"scroll","background-type":"","background-media":"","overlay-type":"","overlay-color":"","overlay-gradient":""},"mobile":{"background-color":"","background-image":"","background-repeat":"repeat","background-position":"center center","background-size":"auto","background-attachment":"scroll","background-type":"","background-media":"","overlay-type":"","overlay-color":"","overlay-gradient":""}},"ast-content-background-meta":{"desktop":{"background-color":"var(--ast-global-color-5)","background-image":"","background-repeat":"repeat","background-position":"center center","background-size":"auto","background-attachment":"scroll","background-type":"","background-media":"","overlay-type":"","overlay-color":"","overlay-gradient":""},"tablet":{"background-color":"var(--ast-global-color-5)","background-image":"","background-repeat":"repeat","background-position":"center center","background-size":"auto","background-attachment":"scroll","background-type":"","background-media":"","overlay-type":"","overlay-color":"","overlay-gradient":""},"mobile":{"background-color":"var(--ast-global-color-5)","background-image":"","background-repeat":"repeat","background-position":"center center","background-size":"auto","background-attachment":"scroll","background-type":"","background-media":"","overlay-type":"","overlay-color":"","overlay-gradient":""}},"footnotes":""},"categories":[1699,1302,13610],"tags":[13211,15807,168927,168926,107030,18532],"class_list":["post-78602","post","type-post","status-publish","format-standard","hentry","category-contabilidad-financiera","category-organizacion-y-gestion-de-empresas","category-zaragoza","tag-francisco-gabas-trigo","tag-josep-vallverdu-calafell","tag-maria-del-carmen-ruiz-olalla-corcuera","tag-maria-pilar-vera-vera","tag-teresa-apellaniz-gomez","tag-vicente-condor-lopez"],"_links":{"self":[{"href":"https:\/\/www.deberes.net\/tesis\/wp-json\/wp\/v2\/posts\/78602","targetHints":{"allow":["GET"]}}],"collection":[{"href":"https:\/\/www.deberes.net\/tesis\/wp-json\/wp\/v2\/posts"}],"about":[{"href":"https:\/\/www.deberes.net\/tesis\/wp-json\/wp\/v2\/types\/post"}],"author":[{"embeddable":true,"href":"https:\/\/www.deberes.net\/tesis\/wp-json\/wp\/v2\/users\/1"}],"replies":[{"embeddable":true,"href":"https:\/\/www.deberes.net\/tesis\/wp-json\/wp\/v2\/comments?post=78602"}],"version-history":[{"count":0,"href":"https:\/\/www.deberes.net\/tesis\/wp-json\/wp\/v2\/posts\/78602\/revisions"}],"wp:attachment":[{"href":"https:\/\/www.deberes.net\/tesis\/wp-json\/wp\/v2\/media?parent=78602"}],"wp:term":[{"taxonomy":"category","embeddable":true,"href":"https:\/\/www.deberes.net\/tesis\/wp-json\/wp\/v2\/categories?post=78602"},{"taxonomy":"post_tag","embeddable":true,"href":"https:\/\/www.deberes.net\/tesis\/wp-json\/wp\/v2\/tags?post=78602"}],"curies":[{"name":"wp","href":"https:\/\/api.w.org\/{rel}","templated":true}]}}