{"id":78604,"date":"2006-10-02T00:00:00","date_gmt":"2006-10-02T00:00:00","guid":{"rendered":"https:\/\/www.deberes.net\/tesis\/sin-categoria\/aspectos-geometricos-y-topologicos-de-las-curvas-alfa-densas\/"},"modified":"2006-10-02T00:00:00","modified_gmt":"2006-10-02T00:00:00","slug":"aspectos-geometricos-y-topologicos-de-las-curvas-alfa-densas","status":"publish","type":"post","link":"https:\/\/www.deberes.net\/tesis\/matematicas\/aspectos-geometricos-y-topologicos-de-las-curvas-alfa-densas\/","title":{"rendered":"Aspectos geom\u00e9tricos y topol\u00f3gicos de las curvas alfa-densas"},"content":{"rendered":"<h2>Tesis doctoral de <strong>  \u00fabeda Garc\u00eda Jos\u00e9 Ignacio <\/strong><\/h2>\n<p>Estudio de las propiedades geom\u00e9tricas y topol\u00f3gicas de las curvas a-densas y los conjuntos densificables. Aplicaciones al c\u00e1lulo de desigualdades y de obtenci\u00f3n de extremos. Generalizaci\u00f3n del concepto de conjunto densificable a espacios casiuniformales y espacios topol\u00f3gicos, relaci\u00f3n entre las curvas que llevan el espacio y las funciones de lipschitz, estudio de las funciones de morayne, estudio de la desnsificaci\u00f3n y los conjuntos de peano en espacios de dimensi\u00f3n infinita y estudio de las curvas que conservan la convexidad.<\/p>\n<p>&nbsp;<\/p>\n<h3>Datos acad\u00e9micos de la tesis doctoral \u00ab<strong>Aspectos geom\u00e9tricos y topol\u00f3gicos de las curvas alfa-densas<\/strong>\u00ab<\/h3>\n<ul>\n<li><strong>T\u00edtulo de la tesis:<\/strong>\u00a0 Aspectos geom\u00e9tricos y topol\u00f3gicos de las curvas alfa-densas <\/li>\n<li><strong>Autor:<\/strong>\u00a0  \u00fabeda Garc\u00eda Jos\u00e9 Ignacio <\/li>\n<li><strong>Universidad:<\/strong>\u00a0 Alicante<\/li>\n<li><strong>Fecha de lectura de la tesis:<\/strong>\u00a0 10\/02\/2006<\/li>\n<\/ul>\n<p>&nbsp;<\/p>\n<h3>Direcci\u00f3n y tribunal<\/h3>\n<ul>\n<li><strong>Director de la tesis<\/strong>\n<ul>\n<li>Gaspar Mora Mart\u00ednez<\/li>\n<\/ul>\n<\/li>\n<li><strong>Tribunal<\/strong>\n<ul>\n<li>Presidente del tribunal: manuel Valdina ure\u00f1a <\/li>\n<li>Manuel L\u00f3pez pellicer (vocal)<\/li>\n<li>Jos\u00e9 Manuel Ferrandiz leal (vocal)<\/li>\n<li> Mena jurado Juan  Francisco (vocal)<\/li>\n<\/ul>\n<\/li>\n<\/ul>\n<p>&nbsp;<\/p>\n","protected":false},"excerpt":{"rendered":"<p>Tesis doctoral de \u00fabeda Garc\u00eda Jos\u00e9 Ignacio Estudio de las propiedades geom\u00e9tricas y topol\u00f3gicas de las curvas a-densas y los [&hellip;]<\/p>\n","protected":false},"author":1,"featured_media":0,"comment_status":"open","ping_status":"open","sticky":false,"template":"","format":"standard","meta":{"site-sidebar-layout":"default","site-content-layout":"","ast-site-content-layout":"","site-content-style":"default","site-sidebar-style":"default","ast-global-header-display":"","ast-banner-title-visibility":"","ast-main-header-display":"","ast-hfb-above-header-display":"","ast-hfb-below-header-display":"","ast-hfb-mobile-header-display":"","site-post-title":"","ast-breadcrumbs-content":"","ast-featured-img":"","footer-sml-layout":"","theme-transparent-header-meta":"","adv-header-id-meta":"","stick-header-meta":"","header-above-stick-meta":"","header-main-stick-meta":"","header-below-stick-meta":"","astra-migrate-meta-layouts":"default","ast-page-background-enabled":"default","ast-page-background-meta":{"desktop":{"background-color":"var(--ast-global-color-4)","background-image":"","background-repeat":"repeat","background-position":"center center","background-size":"auto","background-attachment":"scroll","background-type":"","background-media":"","overlay-type":"","overlay-color":"","overlay-gradient":""},"tablet":{"background-color":"","background-image":"","background-repeat":"repeat","background-position":"center center","background-size":"auto","background-attachment":"scroll","background-type":"","background-media":"","overlay-type":"","overlay-color":"","overlay-gradient":""},"mobile":{"background-color":"","background-image":"","background-repeat":"repeat","background-position":"center center","background-size":"auto","background-attachment":"scroll","background-type":"","background-media":"","overlay-type":"","overlay-color":"","overlay-gradient":""}},"ast-content-background-meta":{"desktop":{"background-color":"var(--ast-global-color-5)","background-image":"","background-repeat":"repeat","background-position":"center center","background-size":"auto","background-attachment":"scroll","background-type":"","background-media":"","overlay-type":"","overlay-color":"","overlay-gradient":""},"tablet":{"background-color":"var(--ast-global-color-5)","background-image":"","background-repeat":"repeat","background-position":"center center","background-size":"auto","background-attachment":"scroll","background-type":"","background-media":"","overlay-type":"","overlay-color":"","overlay-gradient":""},"mobile":{"background-color":"var(--ast-global-color-5)","background-image":"","background-repeat":"repeat","background-position":"center center","background-size":"auto","background-attachment":"scroll","background-type":"","background-media":"","overlay-type":"","overlay-color":"","overlay-gradient":""}},"footnotes":""},"categories":[19166,15062,3183,38932,126,585],"tags":[12652,16121,16887,168930,4088,168929],"class_list":["post-78604","post","type-post","status-publish","format-standard","hentry","category-alicante","category-analisis-global","category-analisis-y-analisis-funcional","category-grupos-topologicos","category-matematicas","category-topologia","tag-gaspar-mora-Martinez","tag-jose-manuel-ferrandiz-leal","tag-manuel-lopez-pellicer","tag-manuel-valdina-urena","tag-mena-jurado-juan-francisco","tag-ubeda-garcia-jose-ignacio"],"_links":{"self":[{"href":"https:\/\/www.deberes.net\/tesis\/wp-json\/wp\/v2\/posts\/78604","targetHints":{"allow":["GET"]}}],"collection":[{"href":"https:\/\/www.deberes.net\/tesis\/wp-json\/wp\/v2\/posts"}],"about":[{"href":"https:\/\/www.deberes.net\/tesis\/wp-json\/wp\/v2\/types\/post"}],"author":[{"embeddable":true,"href":"https:\/\/www.deberes.net\/tesis\/wp-json\/wp\/v2\/users\/1"}],"replies":[{"embeddable":true,"href":"https:\/\/www.deberes.net\/tesis\/wp-json\/wp\/v2\/comments?post=78604"}],"version-history":[{"count":0,"href":"https:\/\/www.deberes.net\/tesis\/wp-json\/wp\/v2\/posts\/78604\/revisions"}],"wp:attachment":[{"href":"https:\/\/www.deberes.net\/tesis\/wp-json\/wp\/v2\/media?parent=78604"}],"wp:term":[{"taxonomy":"category","embeddable":true,"href":"https:\/\/www.deberes.net\/tesis\/wp-json\/wp\/v2\/categories?post=78604"},{"taxonomy":"post_tag","embeddable":true,"href":"https:\/\/www.deberes.net\/tesis\/wp-json\/wp\/v2\/tags?post=78604"}],"curies":[{"name":"wp","href":"https:\/\/api.w.org\/{rel}","templated":true}]}}