{"id":78680,"date":"2018-03-09T23:24:23","date_gmt":"2018-03-09T23:24:23","guid":{"rendered":"https:\/\/www.deberes.net\/tesis\/sin-categoria\/identidad-y-multiculturalismo-teoria-y-practica-del-curra%c2%adculo-de-trabajo-social-en-puerto-rico\/"},"modified":"2018-03-09T23:24:23","modified_gmt":"2018-03-09T23:24:23","slug":"identidad-y-multiculturalismo-teoria-y-practica-del-curra%c2%adculo-de-trabajo-social-en-puerto-rico","status":"publish","type":"post","link":"https:\/\/www.deberes.net\/tesis\/sin-categoria\/identidad-y-multiculturalismo-teoria-y-practica-del-curra%c2%adculo-de-trabajo-social-en-puerto-rico\/","title":{"rendered":"Identidad y multiculturalismo: teor\u00eda y pr\u00e1ctica del curr\u00edculo de trabajo social en puerto rico"},"content":{"rendered":"<h2>Tesis doctoral de <strong> Ileana Carrion Maldonado <\/strong><\/h2>\n<p>La sociedad  puertorrique\u00f1a se encuentra en momentos de cambios de forma acelerada. Son muchos los retos que estos cambios le presenta a la formaci\u00f3n de trabajadores sociales: las dimensiones del tiempo, el concepto de progreso, el cambio como producto del a evoluci\u00f3n natural o de la reflexi\u00f3n, el uso de la cr\u00edtica profunda para el cambio social. Todos son planteamientos que inciden en la conceptualizaci\u00f3n que se hace de la funci\u00f3n del trabajo social para estos tiempos. Se presenta la cr\u00edtica a los principios del trabajo social, la necesidad de trascender los acercamientos lineales de causa y efecto y buscar epistemolog\u00edas y metodolog\u00edas mutlidimensionales, que incluyan el caos y la complejidad.     \u00c2\u00bfcu\u00e1les son las perspectivas te\u00f3ricas desde donde se aborda la discusi\u00f3n del multiculturalismo en el trabajo social en las universidades en puerto rico?, \u00c2\u00bfexisten diferencias en la forma en que la educaci\u00f3n en trabajo social aborda los temas de identidad y multiculturalismo, minor\u00edas, diversidad cultural, pluralismo cultural y sus implicaciones para la educaci\u00f3n en trabajo social en puerto rico?. La contestaci\u00f3n de esas preguntas que gu\u00edan la investigaci\u00f3n llevan a cumplir con los siguientes objetivos: develar la naturaleza excluyente de algunas perspectivas sobre la diversidad cultural y otros conceptos afines en el trabajo social, conocer las teor\u00edas y pr\u00e1cticas prevalecientes en el curr\u00edculo de trabajo social en puerto rico relacionado a los temas de identidad y multuclturalismo, conocer la valoraci\u00f3n sobre la manera como se tratan estos temas en el curr\u00edculo de trabajo social a trav\u00e9s de egresados de programas de trabajo social, faculta y el an\u00e1lisis de documentos oficiales de los programas de bachillerato a nivel universitario.     la metodolog\u00eda utilizada fue una de multim\u00e9todo en las que convergen t\u00e9cnicas cualitativas y cuantitativas para una perspectiva multidimensional de los temas estudiados. Se utilizaron grupos focales, cue<\/p>\n<p>&nbsp;<\/p>\n<h3>Datos acad\u00e9micos de la tesis doctoral \u00ab<strong>Identidad y multiculturalismo: teor\u00eda y pr\u00e1ctica del curr\u00edculo de trabajo social en puerto rico<\/strong>\u00ab<\/h3>\n<ul>\n<li><strong>T\u00edtulo de la tesis:<\/strong>\u00a0 Identidad y multiculturalismo: teor\u00eda y pr\u00e1ctica del curr\u00edculo de trabajo social en puerto rico <\/li>\n<li><strong>Autor:<\/strong>\u00a0 Ileana Carrion Maldonado <\/li>\n<li><strong>Universidad:<\/strong>\u00a0 Complutense de Madrid<\/li>\n<li><strong>Fecha de lectura de la tesis:<\/strong>\u00a0 15\/02\/2006<\/li>\n<\/ul>\n<p>&nbsp;<\/p>\n<h3>Direcci\u00f3n y tribunal<\/h3>\n<ul>\n<li><strong>Director de la tesis<\/strong>\n<ul>\n<li>Emilio Garcia Garcia<\/li>\n<\/ul>\n<\/li>\n<li><strong>Tribunal<\/strong>\n<ul>\n<li>Presidente del tribunal: Heliodoro Carpintero Capell <\/li>\n<li>Lydia Feito Grande (vocal)<\/li>\n<li>Gonzalo Sampascual Maicas (vocal)<\/li>\n<li>Fania Herrero Gonzalez (vocal)<\/li>\n<\/ul>\n<\/li>\n<\/ul>\n<p>&nbsp;<\/p>\n","protected":false},"excerpt":{"rendered":"<p>Tesis doctoral de Ileana Carrion Maldonado La sociedad puertorrique\u00f1a se encuentra en momentos de cambios de forma acelerada. Son muchos [&hellip;]<\/p>\n","protected":false},"author":1,"featured_media":0,"comment_status":"open","ping_status":"open","sticky":false,"template":"","format":"standard","meta":{"site-sidebar-layout":"default","site-content-layout":"","ast-site-content-layout":"","site-content-style":"default","site-sidebar-style":"default","ast-global-header-display":"","ast-banner-title-visibility":"","ast-main-header-display":"","ast-hfb-above-header-display":"","ast-hfb-below-header-display":"","ast-hfb-mobile-header-display":"","site-post-title":"","ast-breadcrumbs-content":"","ast-featured-img":"","footer-sml-layout":"","theme-transparent-header-meta":"","adv-header-id-meta":"","stick-header-meta":"","header-above-stick-meta":"","header-main-stick-meta":"","header-below-stick-meta":"","astra-migrate-meta-layouts":"default","ast-page-background-enabled":"default","ast-page-background-meta":{"desktop":{"background-color":"var(--ast-global-color-4)","background-image":"","background-repeat":"repeat","background-position":"center center","background-size":"auto","background-attachment":"scroll","background-type":"","background-media":"","overlay-type":"","overlay-color":"","overlay-gradient":""},"tablet":{"background-color":"","background-image":"","background-repeat":"repeat","background-position":"center center","background-size":"auto","background-attachment":"scroll","background-type":"","background-media":"","overlay-type":"","overlay-color":"","overlay-gradient":""},"mobile":{"background-color":"","background-image":"","background-repeat":"repeat","background-position":"center center","background-size":"auto","background-attachment":"scroll","background-type":"","background-media":"","overlay-type":"","overlay-color":"","overlay-gradient":""}},"ast-content-background-meta":{"desktop":{"background-color":"var(--ast-global-color-5)","background-image":"","background-repeat":"repeat","background-position":"center center","background-size":"auto","background-attachment":"scroll","background-type":"","background-media":"","overlay-type":"","overlay-color":"","overlay-gradient":""},"tablet":{"background-color":"var(--ast-global-color-5)","background-image":"","background-repeat":"repeat","background-position":"center center","background-size":"auto","background-attachment":"scroll","background-type":"","background-media":"","overlay-type":"","overlay-color":"","overlay-gradient":""},"mobile":{"background-color":"var(--ast-global-color-5)","background-image":"","background-repeat":"repeat","background-position":"center center","background-size":"auto","background-attachment":"scroll","background-type":"","background-media":"","overlay-type":"","overlay-color":"","overlay-gradient":""}},"footnotes":""},"categories":[1],"tags":[5137,39534,5138,9338,169064,32412],"class_list":["post-78680","post","type-post","status-publish","format-standard","hentry","category-sin-categoria","tag-emilio-garcia-garcia","tag-fania-herrero-gonzalez","tag-gonzalo-sampascual-maicas","tag-heliodoro-carpintero-capell","tag-ileana-carrion-maldonado","tag-lydia-feito-grande"],"_links":{"self":[{"href":"https:\/\/www.deberes.net\/tesis\/wp-json\/wp\/v2\/posts\/78680","targetHints":{"allow":["GET"]}}],"collection":[{"href":"https:\/\/www.deberes.net\/tesis\/wp-json\/wp\/v2\/posts"}],"about":[{"href":"https:\/\/www.deberes.net\/tesis\/wp-json\/wp\/v2\/types\/post"}],"author":[{"embeddable":true,"href":"https:\/\/www.deberes.net\/tesis\/wp-json\/wp\/v2\/users\/1"}],"replies":[{"embeddable":true,"href":"https:\/\/www.deberes.net\/tesis\/wp-json\/wp\/v2\/comments?post=78680"}],"version-history":[{"count":0,"href":"https:\/\/www.deberes.net\/tesis\/wp-json\/wp\/v2\/posts\/78680\/revisions"}],"wp:attachment":[{"href":"https:\/\/www.deberes.net\/tesis\/wp-json\/wp\/v2\/media?parent=78680"}],"wp:term":[{"taxonomy":"category","embeddable":true,"href":"https:\/\/www.deberes.net\/tesis\/wp-json\/wp\/v2\/categories?post=78680"},{"taxonomy":"post_tag","embeddable":true,"href":"https:\/\/www.deberes.net\/tesis\/wp-json\/wp\/v2\/tags?post=78680"}],"curies":[{"name":"wp","href":"https:\/\/api.w.org\/{rel}","templated":true}]}}