{"id":7871,"date":"1995-01-01T00:00:00","date_gmt":"1995-01-01T00:00:00","guid":{"rendered":"https:\/\/www.deberes.net\/tesis\/1995\/01\/01\/adaptacion-y-validacion-de-un-programa-de-desarrollo-sociocognitivo-en-ninos-con-deprivacion-socioambiental\/"},"modified":"1995-01-01T00:00:00","modified_gmt":"1995-01-01T00:00:00","slug":"adaptacion-y-validacion-de-un-programa-de-desarrollo-sociocognitivo-en-ninos-con-deprivacion-socioambiental","status":"publish","type":"post","link":"https:\/\/www.deberes.net\/tesis\/psicologia\/adaptacion-y-validacion-de-un-programa-de-desarrollo-sociocognitivo-en-ninos-con-deprivacion-socioambiental\/","title":{"rendered":"Adaptacion y validacion de un programa de desarrollo sociocognitivo en ni\u00f1os con deprivacion socioambiental"},"content":{"rendered":"<h2>Tesis doctoral de <strong>  Saiz Manzanares M. Consuelo <\/strong><\/h2>\n<p>Este estudio pretende adaptar el programa think aloud de bash y camp (1985) a las necesidades cognitivas de los alumnos procedentes demedios socioambientalmente deprivados, con el fin de facilitar en los ni\u00f1os la adquisicion de estrategias de resolucion de problemas tanto cognitivos como sociales, conjugando para ello la metodolog\u00eda cognitivo- conductual de dicho programa con los planteamientos que sobreel desarrollo cognitivo presenta la escuela de ginebra. Trabajomos con 25 ni\u00f1os de edades comprendidas entre 5 y 7 a\u00f1os. Utilizamos un dise\u00f1o cuasiexperimental de grupo de control no equivalente. Los resultados insican que los ni\u00f1os del grupo de tratamiento comparados conellos mismos mejoran en lo referente a la resolucion de problemas sociales (p=.001), y estos resultados se mantienen en la fase de seguimiento en resolucion de problemas cognitivos, tambien existe mejoria en procesamiento y salida de la informacion. En la comparacion de los ni\u00f1os del grupo de tratamiento con los de no tratamiento en lo relacionado con la resolucion de los problemas sociales mejoran en sus ejecuciones (p=.01) y en relacion con la resolucion de problemas cognitivos se observan avances a anivel cualitativo.<\/p>\n<p>&nbsp;<\/p>\n<h3>Datos acad\u00e9micos de la tesis doctoral \u00ab<strong>Adaptacion y validacion de un programa de desarrollo sociocognitivo en ni\u00f1os con deprivacion socioambiental<\/strong>\u00ab<\/h3>\n<ul>\n<li><strong>T\u00edtulo de la tesis:<\/strong>\u00a0 Adaptacion y validacion de un programa de desarrollo sociocognitivo en ni\u00f1os con deprivacion socioambiental <\/li>\n<li><strong>Autor:<\/strong>\u00a0  Saiz Manzanares M. Consuelo <\/li>\n<li><strong>Universidad:<\/strong>\u00a0 Valladolid<\/li>\n<li><strong>Fecha de lectura de la tesis:<\/strong>\u00a0 01\/01\/1995<\/li>\n<\/ul>\n<p>&nbsp;<\/p>\n<h3>Direcci\u00f3n y tribunal<\/h3>\n<ul>\n<li><strong>Director de la tesis<\/strong>\n<ul>\n<li>Jos\u00e9 Mar\u00eda Roman Sanchez<\/li>\n<\/ul>\n<\/li>\n<li><strong>Tribunal<\/strong>\n<ul>\n<li>Presidente del tribunal: Agust\u00edn Dosil Maceira <\/li>\n<li>Fernando Lara Ortega (vocal)<\/li>\n<li>Mar\u00eda  Dolores Prieto Sanchez (vocal)<\/li>\n<li>Esmeralda Rubio Asensio (vocal)<\/li>\n<\/ul>\n<\/li>\n<\/ul>\n<p>&nbsp;<\/p>\n","protected":false},"excerpt":{"rendered":"<p>Tesis doctoral de Saiz Manzanares M. Consuelo Este estudio pretende adaptar el programa think aloud de bash y camp (1985) [&hellip;]<\/p>\n","protected":false},"author":1,"featured_media":0,"comment_status":"open","ping_status":"open","sticky":false,"template":"","format":"standard","meta":{"site-sidebar-layout":"default","site-content-layout":"","ast-site-content-layout":"","site-content-style":"default","site-sidebar-style":"default","ast-global-header-display":"","ast-banner-title-visibility":"","ast-main-header-display":"","ast-hfb-above-header-display":"","ast-hfb-below-header-display":"","ast-hfb-mobile-header-display":"","site-post-title":"","ast-breadcrumbs-content":"","ast-featured-img":"","footer-sml-layout":"","theme-transparent-header-meta":"","adv-header-id-meta":"","stick-header-meta":"","header-above-stick-meta":"","header-main-stick-meta":"","header-below-stick-meta":"","astra-migrate-meta-layouts":"default","ast-page-background-enabled":"default","ast-page-background-meta":{"desktop":{"background-color":"var(--ast-global-color-4)","background-image":"","background-repeat":"repeat","background-position":"center center","background-size":"auto","background-attachment":"scroll","background-type":"","background-media":"","overlay-type":"","overlay-color":"","overlay-gradient":""},"tablet":{"background-color":"","background-image":"","background-repeat":"repeat","background-position":"center center","background-size":"auto","background-attachment":"scroll","background-type":"","background-media":"","overlay-type":"","overlay-color":"","overlay-gradient":""},"mobile":{"background-color":"","background-image":"","background-repeat":"repeat","background-position":"center center","background-size":"auto","background-attachment":"scroll","background-type":"","background-media":"","overlay-type":"","overlay-color":"","overlay-gradient":""}},"ast-content-background-meta":{"desktop":{"background-color":"var(--ast-global-color-5)","background-image":"","background-repeat":"repeat","background-position":"center center","background-size":"auto","background-attachment":"scroll","background-type":"","background-media":"","overlay-type":"","overlay-color":"","overlay-gradient":""},"tablet":{"background-color":"var(--ast-global-color-5)","background-image":"","background-repeat":"repeat","background-position":"center center","background-size":"auto","background-attachment":"scroll","background-type":"","background-media":"","overlay-type":"","overlay-color":"","overlay-gradient":""},"mobile":{"background-color":"var(--ast-global-color-5)","background-image":"","background-repeat":"repeat","background-position":"center center","background-size":"auto","background-attachment":"scroll","background-type":"","background-media":"","overlay-type":"","overlay-color":"","overlay-gradient":""}},"footnotes":""},"categories":[7302,324,970,2758,5174,12451],"tags":[2760,27938,7145,5139,25009,27937],"class_list":["post-7871","post","type-post","status-publish","format-standard","hentry","category-procesos-cognitivos","category-psicologia","category-psicologia-del-nino-y-del-adolescente","category-psicologia-evolutiva","category-psicopedagogia","category-valladolid","tag-agustin-dosil-maceira","tag-esmeralda-rubio-asensio","tag-fernando-lara-ortega","tag-jose-maria-roman-sanchez","tag-maria-dolores-prieto-sanchez","tag-saiz-manzanares-m-consuelo"],"_links":{"self":[{"href":"https:\/\/www.deberes.net\/tesis\/wp-json\/wp\/v2\/posts\/7871","targetHints":{"allow":["GET"]}}],"collection":[{"href":"https:\/\/www.deberes.net\/tesis\/wp-json\/wp\/v2\/posts"}],"about":[{"href":"https:\/\/www.deberes.net\/tesis\/wp-json\/wp\/v2\/types\/post"}],"author":[{"embeddable":true,"href":"https:\/\/www.deberes.net\/tesis\/wp-json\/wp\/v2\/users\/1"}],"replies":[{"embeddable":true,"href":"https:\/\/www.deberes.net\/tesis\/wp-json\/wp\/v2\/comments?post=7871"}],"version-history":[{"count":0,"href":"https:\/\/www.deberes.net\/tesis\/wp-json\/wp\/v2\/posts\/7871\/revisions"}],"wp:attachment":[{"href":"https:\/\/www.deberes.net\/tesis\/wp-json\/wp\/v2\/media?parent=7871"}],"wp:term":[{"taxonomy":"category","embeddable":true,"href":"https:\/\/www.deberes.net\/tesis\/wp-json\/wp\/v2\/categories?post=7871"},{"taxonomy":"post_tag","embeddable":true,"href":"https:\/\/www.deberes.net\/tesis\/wp-json\/wp\/v2\/tags?post=7871"}],"curies":[{"name":"wp","href":"https:\/\/api.w.org\/{rel}","templated":true}]}}