{"id":78733,"date":"2018-03-09T23:24:27","date_gmt":"2018-03-09T23:24:27","guid":{"rendered":"https:\/\/www.deberes.net\/tesis\/sin-categoria\/contribucion-al-desarrollo-de-modelos-de-innovacion-para-pequenas-y-medianas-empresas-del-sector-de-servicios-de-tecnologa%c2%adas-de-la-informacion-y-las-comunicaciones\/"},"modified":"2018-03-09T23:24:27","modified_gmt":"2018-03-09T23:24:27","slug":"contribucion-al-desarrollo-de-modelos-de-innovacion-para-pequenas-y-medianas-empresas-del-sector-de-servicios-de-tecnologa%c2%adas-de-la-informacion-y-las-comunicaciones","status":"publish","type":"post","link":"https:\/\/www.deberes.net\/tesis\/ciencias-economicas\/contribucion-al-desarrollo-de-modelos-de-innovacion-para-pequenas-y-medianas-empresas-del-sector-de-servicios-de-tecnologa%c2%adas-de-la-informacion-y-las-comunicaciones\/","title":{"rendered":"Contribuci\u00f3n al desarrollo de modelos de innovaci\u00f3n para peque\u00f1as y medianas empresas del sector de servicios de tecnolog\u00edas de la informaci\u00f3n y las comunicaciones"},"content":{"rendered":"<h2>Tesis doctoral de <strong> Juan  Vicente Garcia Manj\u00f3n <\/strong><\/h2>\n<p>La tesis doctoral estudia las pautas y estrategias innovadoras de las peque\u00f1as y medianas empresas del sector tic servicios. Se estudia una caracterizaci\u00f3n del sector de las tecnolog\u00edas de la informaci\u00f3n y las comunicaciones y el marco conceptual de la investigaci\u00f3n desarrollo tecnol\u00f3gico y la innovaci\u00f3n. los principales resultados del trabajo de investigaci\u00f3n versan sobre los factores cr\u00edticos de \u00e9xito de las pymes del sector tic en su estrategia innovadora.<\/p>\n<p>&nbsp;<\/p>\n<h3>Datos acad\u00e9micos de la tesis doctoral \u00ab<strong>Contribuci\u00f3n al desarrollo de modelos de innovaci\u00f3n para peque\u00f1as y medianas empresas del sector de servicios de tecnolog\u00edas de la informaci\u00f3n y las comunicaciones<\/strong>\u00ab<\/h3>\n<ul>\n<li><strong>T\u00edtulo de la tesis:<\/strong>\u00a0 Contribuci\u00f3n al desarrollo de modelos de innovaci\u00f3n para peque\u00f1as y medianas empresas del sector de servicios de tecnolog\u00edas de la informaci\u00f3n y las comunicaciones <\/li>\n<li><strong>Autor:<\/strong>\u00a0 Juan  Vicente Garcia Manj\u00f3n <\/li>\n<li><strong>Universidad:<\/strong>\u00a0 Valladolid<\/li>\n<li><strong>Fecha de lectura de la tesis:<\/strong>\u00a0 17\/02\/2006<\/li>\n<\/ul>\n<p>&nbsp;<\/p>\n<h3>Direcci\u00f3n y tribunal<\/h3>\n<ul>\n<li><strong>Director de la tesis<\/strong>\n<ul>\n<li>Rafael Momp\u00f3 G\u00f3mez<\/li>\n<\/ul>\n<\/li>\n<li><strong>Tribunal<\/strong>\n<ul>\n<li>Presidente del tribunal: Jes\u00fas S\u00e1nchez mi\u00f1ana <\/li>\n<li>bego\u00f1a Busto marroqu\u00edn (vocal)<\/li>\n<li> De castro lozano Carlos (vocal)<\/li>\n<li>Jaime G\u00f3mez gil (vocal)<\/li>\n<\/ul>\n<\/li>\n<\/ul>\n<p>&nbsp;<\/p>\n","protected":false},"excerpt":{"rendered":"<p>Tesis doctoral de Juan Vicente Garcia Manj\u00f3n La tesis doctoral estudia las pautas y estrategias innovadoras de las peque\u00f1as y [&hellip;]<\/p>\n","protected":false},"author":1,"featured_media":0,"comment_status":"open","ping_status":"open","sticky":false,"template":"","format":"standard","meta":{"site-sidebar-layout":"default","site-content-layout":"","ast-site-content-layout":"","site-content-style":"default","site-sidebar-style":"default","ast-global-header-display":"","ast-banner-title-visibility":"","ast-main-header-display":"","ast-hfb-above-header-display":"","ast-hfb-below-header-display":"","ast-hfb-mobile-header-display":"","site-post-title":"","ast-breadcrumbs-content":"","ast-featured-img":"","footer-sml-layout":"","theme-transparent-header-meta":"","adv-header-id-meta":"","stick-header-meta":"","header-above-stick-meta":"","header-main-stick-meta":"","header-below-stick-meta":"","astra-migrate-meta-layouts":"default","ast-page-background-enabled":"default","ast-page-background-meta":{"desktop":{"background-color":"var(--ast-global-color-4)","background-image":"","background-repeat":"repeat","background-position":"center center","background-size":"auto","background-attachment":"scroll","background-type":"","background-media":"","overlay-type":"","overlay-color":"","overlay-gradient":""},"tablet":{"background-color":"","background-image":"","background-repeat":"repeat","background-position":"center center","background-size":"auto","background-attachment":"scroll","background-type":"","background-media":"","overlay-type":"","overlay-color":"","overlay-gradient":""},"mobile":{"background-color":"","background-image":"","background-repeat":"repeat","background-position":"center center","background-size":"auto","background-attachment":"scroll","background-type":"","background-media":"","overlay-type":"","overlay-color":"","overlay-gradient":""}},"ast-content-background-meta":{"desktop":{"background-color":"var(--ast-global-color-5)","background-image":"","background-repeat":"repeat","background-position":"center center","background-size":"auto","background-attachment":"scroll","background-type":"","background-media":"","overlay-type":"","overlay-color":"","overlay-gradient":""},"tablet":{"background-color":"var(--ast-global-color-5)","background-image":"","background-repeat":"repeat","background-position":"center center","background-size":"auto","background-attachment":"scroll","background-type":"","background-media":"","overlay-type":"","overlay-color":"","overlay-gradient":""},"mobile":{"background-color":"var(--ast-global-color-5)","background-image":"","background-repeat":"repeat","background-position":"center center","background-size":"auto","background-attachment":"scroll","background-type":"","background-media":"","overlay-type":"","overlay-color":"","overlay-gradient":""}},"footnotes":""},"categories":[82,836,991,12451],"tags":[156726,22119,166273,27926,169163,27924],"class_list":["post-78733","post","type-post","status-publish","format-standard","hentry","category-ciencias-economicas","category-economia-del-cambio-tecnologico","category-innovacion-tecnologica","category-valladolid","tag-begona-busto-marroquin","tag-de-castro-lozano-carlos","tag-jaime-gomez-gil","tag-jesus-sanchez-minana","tag-juan-vicente-garcia-manjon","tag-rafael-mompo-gomez"],"_links":{"self":[{"href":"https:\/\/www.deberes.net\/tesis\/wp-json\/wp\/v2\/posts\/78733","targetHints":{"allow":["GET"]}}],"collection":[{"href":"https:\/\/www.deberes.net\/tesis\/wp-json\/wp\/v2\/posts"}],"about":[{"href":"https:\/\/www.deberes.net\/tesis\/wp-json\/wp\/v2\/types\/post"}],"author":[{"embeddable":true,"href":"https:\/\/www.deberes.net\/tesis\/wp-json\/wp\/v2\/users\/1"}],"replies":[{"embeddable":true,"href":"https:\/\/www.deberes.net\/tesis\/wp-json\/wp\/v2\/comments?post=78733"}],"version-history":[{"count":0,"href":"https:\/\/www.deberes.net\/tesis\/wp-json\/wp\/v2\/posts\/78733\/revisions"}],"wp:attachment":[{"href":"https:\/\/www.deberes.net\/tesis\/wp-json\/wp\/v2\/media?parent=78733"}],"wp:term":[{"taxonomy":"category","embeddable":true,"href":"https:\/\/www.deberes.net\/tesis\/wp-json\/wp\/v2\/categories?post=78733"},{"taxonomy":"post_tag","embeddable":true,"href":"https:\/\/www.deberes.net\/tesis\/wp-json\/wp\/v2\/tags?post=78733"}],"curies":[{"name":"wp","href":"https:\/\/api.w.org\/{rel}","templated":true}]}}