{"id":78770,"date":"2018-03-09T23:24:27","date_gmt":"2018-03-09T23:24:27","guid":{"rendered":"https:\/\/www.deberes.net\/tesis\/sin-categoria\/cenizas-de-un-ideal-estudio-sobre-el-proceso-de-burnout-en-trabajadores-sociales\/"},"modified":"2018-03-09T23:24:27","modified_gmt":"2018-03-09T23:24:27","slug":"cenizas-de-un-ideal-estudio-sobre-el-proceso-de-burnout-en-trabajadores-sociales","status":"publish","type":"post","link":"https:\/\/www.deberes.net\/tesis\/ciencias-medicas\/cenizas-de-un-ideal-estudio-sobre-el-proceso-de-burnout-en-trabajadores-sociales\/","title":{"rendered":"Cenizas de un ideal: estudio sobre el proceso de \u00abburnout\u00bb en trabajadores sociales"},"content":{"rendered":"<h2>Tesis doctoral de <strong> Santa Lazaro Fernandez <\/strong><\/h2>\n<p>En esta tesis se estudia el proceso de desarrollo del \u00abburnout\u00bb, desgaste profesional o s\u00edndrome de \u00abquemarse\u00bb por el trabajo, en una muestra de 402 trabajadores sociales en ejercicio activo de la profesi\u00f3n, identificando su nivel de burnout as\u00ed como los factores antecedentes espec\u00edficos del trabajo social que pueden contribuir a su aparici\u00f3n y las consecuencias psicol\u00f3gicas, organizativas, socio-familiares y f\u00edsicas que experimentan quienes lo desarrollan, explorando el papel de las estrategias de afrontamiento.  se lleva a cabo una exposici\u00f3n de los principales modelos te\u00f3ricos sobre el \u00abburnout\u00bb y una revisi\u00f3n de investigaciones sobre este proceso en los trabajadores sociales. Con el fin de evaluar el proceso de \u00abburnout\u00bb en la muestra estudiada, se construye una \u00abescala de antecedentes del burnout para trabajadores sociales\u00bb y se aplica el maslach burnout inventory-general survey (maslach, jackson y leiter, 1996) adem\u00e1s de las escalas de afrontamiento y consecuencias del cdpe (moreno et al, 2000).<\/p>\n<p>&nbsp;<\/p>\n<h3>Datos acad\u00e9micos de la tesis doctoral \u00ab<strong>Cenizas de un ideal: estudio sobre el proceso de \u00abburnout\u00bb en trabajadores sociales<\/strong>\u00ab<\/h3>\n<ul>\n<li><strong>T\u00edtulo de la tesis:<\/strong>\u00a0 Cenizas de un ideal: estudio sobre el proceso de \u00abburnout\u00bb en trabajadores sociales <\/li>\n<li><strong>Autor:<\/strong>\u00a0 Santa Lazaro Fernandez <\/li>\n<li><strong>Universidad:<\/strong>\u00a0 Pontificia comillas<\/li>\n<li><strong>Fecha de lectura de la tesis:<\/strong>\u00a0 20\/02\/2006<\/li>\n<\/ul>\n<p>&nbsp;<\/p>\n<h3>Direcci\u00f3n y tribunal<\/h3>\n<ul>\n<li><strong>Director de la tesis<\/strong>\n<ul>\n<li>yarto Elizalde Lopez<\/li>\n<\/ul>\n<\/li>\n<li><strong>Tribunal<\/strong>\n<ul>\n<li>Presidente del tribunal: Jos\u00e9 Antonio Carrobles isabel <\/li>\n<li>bernardo Moreno jim\u00e9nez (vocal)<\/li>\n<li> Red vega natividad de (vocal)<\/li>\n<li>belen mercedes Urosa sanz (vocal)<\/li>\n<\/ul>\n<\/li>\n<\/ul>\n<p>&nbsp;<\/p>\n","protected":false},"excerpt":{"rendered":"<p>Tesis doctoral de Santa Lazaro Fernandez En esta tesis se estudia el proceso de desarrollo del \u00abburnout\u00bb, desgaste profesional o [&hellip;]<\/p>\n","protected":false},"author":1,"featured_media":0,"comment_status":"open","ping_status":"open","sticky":false,"template":"","format":"standard","meta":{"site-sidebar-layout":"default","site-content-layout":"","ast-site-content-layout":"","site-content-style":"default","site-sidebar-style":"default","ast-global-header-display":"","ast-banner-title-visibility":"","ast-main-header-display":"","ast-hfb-above-header-display":"","ast-hfb-below-header-display":"","ast-hfb-mobile-header-display":"","site-post-title":"","ast-breadcrumbs-content":"","ast-featured-img":"","footer-sml-layout":"","theme-transparent-header-meta":"","adv-header-id-meta":"","stick-header-meta":"","header-above-stick-meta":"","header-main-stick-meta":"","header-below-stick-meta":"","astra-migrate-meta-layouts":"default","ast-page-background-enabled":"default","ast-page-background-meta":{"desktop":{"background-color":"var(--ast-global-color-4)","background-image":"","background-repeat":"repeat","background-position":"center center","background-size":"auto","background-attachment":"scroll","background-type":"","background-media":"","overlay-type":"","overlay-color":"","overlay-gradient":""},"tablet":{"background-color":"","background-image":"","background-repeat":"repeat","background-position":"center center","background-size":"auto","background-attachment":"scroll","background-type":"","background-media":"","overlay-type":"","overlay-color":"","overlay-gradient":""},"mobile":{"background-color":"","background-image":"","background-repeat":"repeat","background-position":"center center","background-size":"auto","background-attachment":"scroll","background-type":"","background-media":"","overlay-type":"","overlay-color":"","overlay-gradient":""}},"ast-content-background-meta":{"desktop":{"background-color":"var(--ast-global-color-5)","background-image":"","background-repeat":"repeat","background-position":"center center","background-size":"auto","background-attachment":"scroll","background-type":"","background-media":"","overlay-type":"","overlay-color":"","overlay-gradient":""},"tablet":{"background-color":"var(--ast-global-color-5)","background-image":"","background-repeat":"repeat","background-position":"center center","background-size":"auto","background-attachment":"scroll","background-type":"","background-media":"","overlay-type":"","overlay-color":"","overlay-gradient":""},"mobile":{"background-color":"var(--ast-global-color-5)","background-image":"","background-repeat":"repeat","background-position":"center center","background-size":"auto","background-attachment":"scroll","background-type":"","background-media":"","overlay-type":"","overlay-color":"","overlay-gradient":""}},"footnotes":""},"categories":[9,8054,435,18397,324,947,7126,7395,269,32761],"tags":[32438,14440,6689,169232,169231,44817],"class_list":["post-78770","post","type-post","status-publish","format-standard","hentry","category-ciencias-medicas","category-comportamiento-en-la-organizacion","category-medicina-del-trabajo","category-pontificia-comillas","category-psicologia","category-psicologia-de-grupos-sociales","category-psicologia-industrial","category-salud-laboral","category-sociologia","category-sociologia-experimental","tag-belen-mercedes-urosa-sanz","tag-bernardo-moreno-jimenez","tag-jose-antonio-carrobles-isabel","tag-red-vega-natividad-de","tag-santa-lazaro-fernandez","tag-yarto-elizalde-lopez"],"_links":{"self":[{"href":"https:\/\/www.deberes.net\/tesis\/wp-json\/wp\/v2\/posts\/78770","targetHints":{"allow":["GET"]}}],"collection":[{"href":"https:\/\/www.deberes.net\/tesis\/wp-json\/wp\/v2\/posts"}],"about":[{"href":"https:\/\/www.deberes.net\/tesis\/wp-json\/wp\/v2\/types\/post"}],"author":[{"embeddable":true,"href":"https:\/\/www.deberes.net\/tesis\/wp-json\/wp\/v2\/users\/1"}],"replies":[{"embeddable":true,"href":"https:\/\/www.deberes.net\/tesis\/wp-json\/wp\/v2\/comments?post=78770"}],"version-history":[{"count":0,"href":"https:\/\/www.deberes.net\/tesis\/wp-json\/wp\/v2\/posts\/78770\/revisions"}],"wp:attachment":[{"href":"https:\/\/www.deberes.net\/tesis\/wp-json\/wp\/v2\/media?parent=78770"}],"wp:term":[{"taxonomy":"category","embeddable":true,"href":"https:\/\/www.deberes.net\/tesis\/wp-json\/wp\/v2\/categories?post=78770"},{"taxonomy":"post_tag","embeddable":true,"href":"https:\/\/www.deberes.net\/tesis\/wp-json\/wp\/v2\/tags?post=78770"}],"curies":[{"name":"wp","href":"https:\/\/api.w.org\/{rel}","templated":true}]}}