{"id":78775,"date":"2018-03-09T23:24:31","date_gmt":"2018-03-09T23:24:31","guid":{"rendered":"https:\/\/www.deberes.net\/tesis\/sin-categoria\/importancia-cla%c2%adnica-y-epidemiologa%c2%ada-de-haemophilus-influenzae-en-la-epoca-posterior-a-la-vacunacion\/"},"modified":"2018-03-09T23:24:31","modified_gmt":"2018-03-09T23:24:31","slug":"importancia-cla%c2%adnica-y-epidemiologa%c2%ada-de-haemophilus-influenzae-en-la-epoca-posterior-a-la-vacunacion","status":"publish","type":"post","link":"https:\/\/www.deberes.net\/tesis\/sin-categoria\/importancia-cla%c2%adnica-y-epidemiologa%c2%ada-de-haemophilus-influenzae-en-la-epoca-posterior-a-la-vacunacion\/","title":{"rendered":"Importancia cl\u00ednica y epidemiolog\u00eda de haemophilus influenzae en la \u00e9poca posterior a la vacunaci\u00f3n"},"content":{"rendered":"<h2>Tesis doctoral de <strong>  Aracil Garc\u00eda M. Bel\u00e9n <\/strong><\/h2>\n<p>A mediados de los a\u00f1os 80, en espa\u00f1a, se comenzaron a describir elevadas tasas de resistencia antibi\u00f3tica en h.Influenzae, m\u00e1s concretamente en h.Influenzae serotipo b (hib). La vacunaci\u00f3n masiva de la poblaci\u00f3n infantil fue la responsable de los cambios en la evoluci\u00f3n natural y la epidemiolog\u00eda de la enfermedad invasiva por hib. La vacuna es muy eficaz, previno mayor 90% de casos de meningitis y sepsis infantiles, pero estudios posteriores mostraron que se produc\u00edan fallos vacunales que, en el reino unido adem\u00e1s, llegaron a alcanzar proporciones epid\u00e9micas.     con estos antecedentes, era necesario hacer un estudio sobre la importancia cl\u00ednica y la epidemiolog\u00eda de haemophilus influenzae en la \u00e9poca posterior a la vacunaci\u00f3n. Y como resultado del mismo podr\u00edamos concluir que la mayor frecuencia de enfermedad invasiva por haemophilus influenzae actualmente, en espa\u00f1a, ocurre en las edades extremas de la vida, las cuales presentan factores de riesgo en cerca del 75% de los casos. cerca de 3\/4 de los aislamientos causantes de enfermedad invasiva son haemophilus influenzae no capsulados y el resto son capsuladas de los serotipos b, e y f. No hay evidencias de que las infecciones causadas por haemophilus influenzae, no b, sobre todo e y f, as\u00ed como las cepas no capsuladas, hayan aumentado despu\u00e9s de las campa\u00f1as de vacunaci\u00f3n. Adem\u00e1s causan sobre todo infecciones oportunistas en adultos con importantes factores de riesgo predisponentes, y s\u00f3lo ocasionalmente afectan a ni\u00f1os. Las cepas presentan tasas de resistencia antibi\u00f3tica elevadas pese a la disminuci\u00f3n del uso comunitario, como cloramfenicol, tetraciclina y cotrimoxazol.  las cepas capsuladas y m\u00e1s virulentas son significativamente m\u00e1s resistentes que la son capsuladas. La adquisici\u00f3n de pl\u00e1smidos conjugativos (pm alto) es frecuente tanto en cepas resistentes de haemophilus influenzae capsuladas como con capsuladas; existiendo una fuerte asociaci\u00f3n entre la resistencia individual<\/p>\n<p>&nbsp;<\/p>\n<h3>Datos acad\u00e9micos de la tesis doctoral \u00ab<strong>Importancia cl\u00ednica y epidemiolog\u00eda de haemophilus influenzae en la \u00e9poca posterior a la vacunaci\u00f3n<\/strong>\u00ab<\/h3>\n<ul>\n<li><strong>T\u00edtulo de la tesis:<\/strong>\u00a0 Importancia cl\u00ednica y epidemiolog\u00eda de haemophilus influenzae en la \u00e9poca posterior a la vacunaci\u00f3n <\/li>\n<li><strong>Autor:<\/strong>\u00a0  Aracil Garc\u00eda M. Bel\u00e9n <\/li>\n<li><strong>Universidad:<\/strong>\u00a0 Complutense de Madrid<\/li>\n<li><strong>Fecha de lectura de la tesis:<\/strong>\u00a0 21\/02\/2006<\/li>\n<\/ul>\n<p>&nbsp;<\/p>\n<h3>Direcci\u00f3n y tribunal<\/h3>\n<ul>\n<li><strong>Director de la tesis<\/strong>\n<ul>\n<li>Jos\u00e9 Campos Marqu\u00e9s<\/li>\n<\/ul>\n<\/li>\n<li><strong>Tribunal<\/strong>\n<ul>\n<li>Presidente del tribunal: jose Prieto prieto <\/li>\n<li>Luis G\u00f3mez jose (vocal)<\/li>\n<li>Fernando Boquero (vocal)<\/li>\n<li>  (vocal)<\/li>\n<\/ul>\n<\/li>\n<\/ul>\n<p>&nbsp;<\/p>\n","protected":false},"excerpt":{"rendered":"<p>Tesis doctoral de Aracil Garc\u00eda M. Bel\u00e9n A mediados de los a\u00f1os 80, en espa\u00f1a, se comenzaron a describir elevadas [&hellip;]<\/p>\n","protected":false},"author":1,"featured_media":0,"comment_status":"open","ping_status":"open","sticky":false,"template":"","format":"standard","meta":{"site-sidebar-layout":"default","site-content-layout":"","ast-site-content-layout":"","site-content-style":"default","site-sidebar-style":"default","ast-global-header-display":"","ast-banner-title-visibility":"","ast-main-header-display":"","ast-hfb-above-header-display":"","ast-hfb-below-header-display":"","ast-hfb-mobile-header-display":"","site-post-title":"","ast-breadcrumbs-content":"","ast-featured-img":"","footer-sml-layout":"","theme-transparent-header-meta":"","adv-header-id-meta":"","stick-header-meta":"","header-above-stick-meta":"","header-main-stick-meta":"","header-below-stick-meta":"","astra-migrate-meta-layouts":"default","ast-page-background-enabled":"default","ast-page-background-meta":{"desktop":{"background-color":"var(--ast-global-color-4)","background-image":"","background-repeat":"repeat","background-position":"center center","background-size":"auto","background-attachment":"scroll","background-type":"","background-media":"","overlay-type":"","overlay-color":"","overlay-gradient":""},"tablet":{"background-color":"","background-image":"","background-repeat":"repeat","background-position":"center center","background-size":"auto","background-attachment":"scroll","background-type":"","background-media":"","overlay-type":"","overlay-color":"","overlay-gradient":""},"mobile":{"background-color":"","background-image":"","background-repeat":"repeat","background-position":"center center","background-size":"auto","background-attachment":"scroll","background-type":"","background-media":"","overlay-type":"","overlay-color":"","overlay-gradient":""}},"ast-content-background-meta":{"desktop":{"background-color":"var(--ast-global-color-5)","background-image":"","background-repeat":"repeat","background-position":"center center","background-size":"auto","background-attachment":"scroll","background-type":"","background-media":"","overlay-type":"","overlay-color":"","overlay-gradient":""},"tablet":{"background-color":"var(--ast-global-color-5)","background-image":"","background-repeat":"repeat","background-position":"center center","background-size":"auto","background-attachment":"scroll","background-type":"","background-media":"","overlay-type":"","overlay-color":"","overlay-gradient":""},"mobile":{"background-color":"var(--ast-global-color-5)","background-image":"","background-repeat":"repeat","background-position":"center center","background-size":"auto","background-attachment":"scroll","background-type":"","background-media":"","overlay-type":"","overlay-color":"","overlay-gradient":""}},"footnotes":""},"categories":[1],"tags":[169241,169243,6964,3474,169242],"class_list":["post-78775","post","type-post","status-publish","format-standard","hentry","category-sin-categoria","tag-aracil-garcia-m-belen","tag-fernando-boquero","tag-jose-campos-marques","tag-jose-prieto-prieto","tag-luis-gomez-jose"],"_links":{"self":[{"href":"https:\/\/www.deberes.net\/tesis\/wp-json\/wp\/v2\/posts\/78775","targetHints":{"allow":["GET"]}}],"collection":[{"href":"https:\/\/www.deberes.net\/tesis\/wp-json\/wp\/v2\/posts"}],"about":[{"href":"https:\/\/www.deberes.net\/tesis\/wp-json\/wp\/v2\/types\/post"}],"author":[{"embeddable":true,"href":"https:\/\/www.deberes.net\/tesis\/wp-json\/wp\/v2\/users\/1"}],"replies":[{"embeddable":true,"href":"https:\/\/www.deberes.net\/tesis\/wp-json\/wp\/v2\/comments?post=78775"}],"version-history":[{"count":0,"href":"https:\/\/www.deberes.net\/tesis\/wp-json\/wp\/v2\/posts\/78775\/revisions"}],"wp:attachment":[{"href":"https:\/\/www.deberes.net\/tesis\/wp-json\/wp\/v2\/media?parent=78775"}],"wp:term":[{"taxonomy":"category","embeddable":true,"href":"https:\/\/www.deberes.net\/tesis\/wp-json\/wp\/v2\/categories?post=78775"},{"taxonomy":"post_tag","embeddable":true,"href":"https:\/\/www.deberes.net\/tesis\/wp-json\/wp\/v2\/tags?post=78775"}],"curies":[{"name":"wp","href":"https:\/\/api.w.org\/{rel}","templated":true}]}}