{"id":78795,"date":"2018-03-09T23:24:31","date_gmt":"2018-03-09T23:24:31","guid":{"rendered":"https:\/\/www.deberes.net\/tesis\/sin-categoria\/la-accion-del-catolicismo-social-en-el-problema-de-la-vivienda-en-cataluna-1945-1975\/"},"modified":"2018-03-09T23:24:31","modified_gmt":"2018-03-09T23:24:31","slug":"la-accion-del-catolicismo-social-en-el-problema-de-la-vivienda-en-cataluna-1945-1975","status":"publish","type":"post","link":"https:\/\/www.deberes.net\/tesis\/barcelona\/la-accion-del-catolicismo-social-en-el-problema-de-la-vivienda-en-cataluna-1945-1975\/","title":{"rendered":"La acci\u00f3n del catolicismo social en el problema de la vivienda en catalu\u00f1a (1945-1975)"},"content":{"rendered":"<h2>Tesis doctoral de <strong>  Checa Artasu Mart\u00edn Manuel <\/strong><\/h2>\n<p>La tesis presentada da a conocer una de las f\u00f3rmulas inmobiliarias que se dio a lo largo de la dictadura franquista: la de las entidades ben\u00e9fico constructoras que estaban vinculadas a la iglesia. En concreto, analiza el caso barcelon\u00e9s del patronato de las viviendas del congreso eucar\u00edstico, creado el 1952, y que a lo largo de 24 a\u00f1os construy\u00f3 m\u00e1s de seis mil viviendas en barcelona y su \u00e1rea metropolitana. una iniciativa surgida tras la celebraci\u00f3n del xxxv congreso eucar\u00edstico internacional el 1952; y que cont\u00f3 con el apoyo entusiasta por parte del obispo gregorio y la participaci\u00f3n en su gesti\u00f3n de la asociaci\u00f3n cat\u00f3lica de dirigentes. previamente, el trabajo ha contextualizado la propuesta inmobiliaria de barcelona con otras que se dieron en catalu\u00f1a (tarragona, girona o lleida) tanto a nivel diocesano como parroquial. Igualmente, se ha tratado de vertebrar esas iniciativas constructoras con otras que se dieron en espa\u00f1a. Estas tuvieron su origen en c\u00f3rdoba en 1947 con la creaci\u00f3n de la asociaci\u00f3n ben\u00e9fico constructora de la sagrada familia que entre 1947 y 195 construy\u00f3 4325 viviendas en dicha ciudad. Este caso es ampliamente estudiado por el autor al igual que otros, tomando a modo de ejemplo, el estudio de los casos de m\u00e1laga, c\u00e1ceres, salamanca y estepona. As\u00ed como las propuestas de control y centralizaci\u00f3n de estas iniciativas instigadas por el secretariado nacional de la vivienda creado por acci\u00f3n cat\u00f3lica en 1951, como resultado de las diferentes iniciativas que surg\u00edan por todo el territorio nacional. igualmente, la tesis ha estudiado en detalle se varias promociones del patronato de las viviendas del congreso eucar\u00edstico y ha incidido en dos de los aspectos propios y espec\u00edficos. El primero el desarrollo urban\u00edstico del pol\u00edgono de viviendas construido en barcelona, dise\u00f1ado por el arquitecto, jos\u00e9 soteras mauri. Y el estudio del sistema de selecci\u00f3n sociol\u00f3gica delos inquilinos de las viviendas elaborado por el<\/p>\n<p>&nbsp;<\/p>\n<h3>Datos acad\u00e9micos de la tesis doctoral \u00ab<strong>La acci\u00f3n del catolicismo social en el problema de la vivienda en catalu\u00f1a (1945-1975)<\/strong>\u00ab<\/h3>\n<ul>\n<li><strong>T\u00edtulo de la tesis:<\/strong>\u00a0 La acci\u00f3n del catolicismo social en el problema de la vivienda en catalu\u00f1a (1945-1975) <\/li>\n<li><strong>Autor:<\/strong>\u00a0  Checa Artasu Mart\u00edn Manuel <\/li>\n<li><strong>Universidad:<\/strong>\u00a0 Barcelona<\/li>\n<li><strong>Fecha de lectura de la tesis:<\/strong>\u00a0 23\/02\/2006<\/li>\n<\/ul>\n<p>&nbsp;<\/p>\n<h3>Direcci\u00f3n y tribunal<\/h3>\n<ul>\n<li><strong>Director de la tesis<\/strong>\n<ul>\n<li>Horacio Capel Saez<\/li>\n<\/ul>\n<\/li>\n<li><strong>Tribunal<\/strong>\n<ul>\n<li>Presidente del tribunal: Juan  eugenio Sanchez perez <\/li>\n<li>miquel Domingo (vocal)<\/li>\n<li>Carlos Sambricio (vocal)<\/li>\n<li>lu\u00eds Oy\u00f3n jos\u00e9 (vocal)<\/li>\n<\/ul>\n<\/li>\n<\/ul>\n<p>&nbsp;<\/p>\n","protected":false},"excerpt":{"rendered":"<p>Tesis doctoral de Checa Artasu Mart\u00edn Manuel La tesis presentada da a conocer una de las f\u00f3rmulas inmobiliarias que se [&hellip;]<\/p>\n","protected":false},"author":1,"featured_media":0,"comment_status":"open","ping_status":"open","sticky":false,"template":"","format":"standard","meta":{"site-sidebar-layout":"default","site-content-layout":"","ast-site-content-layout":"","site-content-style":"default","site-sidebar-style":"default","ast-global-header-display":"","ast-banner-title-visibility":"","ast-main-header-display":"","ast-hfb-above-header-display":"","ast-hfb-below-header-display":"","ast-hfb-mobile-header-display":"","site-post-title":"","ast-breadcrumbs-content":"","ast-featured-img":"","footer-sml-layout":"","theme-transparent-header-meta":"","adv-header-id-meta":"","stick-header-meta":"","header-above-stick-meta":"","header-main-stick-meta":"","header-below-stick-meta":"","astra-migrate-meta-layouts":"default","ast-page-background-enabled":"default","ast-page-background-meta":{"desktop":{"background-color":"var(--ast-global-color-4)","background-image":"","background-repeat":"repeat","background-position":"center center","background-size":"auto","background-attachment":"scroll","background-type":"","background-media":"","overlay-type":"","overlay-color":"","overlay-gradient":""},"tablet":{"background-color":"","background-image":"","background-repeat":"repeat","background-position":"center center","background-size":"auto","background-attachment":"scroll","background-type":"","background-media":"","overlay-type":"","overlay-color":"","overlay-gradient":""},"mobile":{"background-color":"","background-image":"","background-repeat":"repeat","background-position":"center center","background-size":"auto","background-attachment":"scroll","background-type":"","background-media":"","overlay-type":"","overlay-color":"","overlay-gradient":""}},"ast-content-background-meta":{"desktop":{"background-color":"var(--ast-global-color-5)","background-image":"","background-repeat":"repeat","background-position":"center center","background-size":"auto","background-attachment":"scroll","background-type":"","background-media":"","overlay-type":"","overlay-color":"","overlay-gradient":""},"tablet":{"background-color":"var(--ast-global-color-5)","background-image":"","background-repeat":"repeat","background-position":"center center","background-size":"auto","background-attachment":"scroll","background-type":"","background-media":"","overlay-type":"","overlay-color":"","overlay-gradient":""},"mobile":{"background-color":"var(--ast-global-color-5)","background-image":"","background-repeat":"repeat","background-position":"center center","background-size":"auto","background-attachment":"scroll","background-type":"","background-media":"","overlay-type":"","overlay-color":"","overlay-gradient":""}},"footnotes":""},"categories":[951,5990,8151,1816],"tags":[47647,169284,1404,51127,169286,169285],"class_list":["post-78795","post","type-post","status-publish","format-standard","hentry","category-barcelona","category-geografia-social","category-geografia-urbana","category-historia-contemporanea","tag-carlos-sambricio","tag-checa-artasu-martin-manuel","tag-horacio-capel-saez","tag-juan-eugenio-sanchez-perez","tag-luis-oyon-jose","tag-miquel-domingo"],"_links":{"self":[{"href":"https:\/\/www.deberes.net\/tesis\/wp-json\/wp\/v2\/posts\/78795","targetHints":{"allow":["GET"]}}],"collection":[{"href":"https:\/\/www.deberes.net\/tesis\/wp-json\/wp\/v2\/posts"}],"about":[{"href":"https:\/\/www.deberes.net\/tesis\/wp-json\/wp\/v2\/types\/post"}],"author":[{"embeddable":true,"href":"https:\/\/www.deberes.net\/tesis\/wp-json\/wp\/v2\/users\/1"}],"replies":[{"embeddable":true,"href":"https:\/\/www.deberes.net\/tesis\/wp-json\/wp\/v2\/comments?post=78795"}],"version-history":[{"count":0,"href":"https:\/\/www.deberes.net\/tesis\/wp-json\/wp\/v2\/posts\/78795\/revisions"}],"wp:attachment":[{"href":"https:\/\/www.deberes.net\/tesis\/wp-json\/wp\/v2\/media?parent=78795"}],"wp:term":[{"taxonomy":"category","embeddable":true,"href":"https:\/\/www.deberes.net\/tesis\/wp-json\/wp\/v2\/categories?post=78795"},{"taxonomy":"post_tag","embeddable":true,"href":"https:\/\/www.deberes.net\/tesis\/wp-json\/wp\/v2\/tags?post=78795"}],"curies":[{"name":"wp","href":"https:\/\/api.w.org\/{rel}","templated":true}]}}