{"id":78818,"date":"2018-03-09T23:24:31","date_gmt":"2018-03-09T23:24:31","guid":{"rendered":"https:\/\/www.deberes.net\/tesis\/sin-categoria\/medio-ambiente-como-nueva-variable-del-desarrollo-rural-auna-vision-compartida-entre-espana-y-mexico\/"},"modified":"2018-03-09T23:24:31","modified_gmt":"2018-03-09T23:24:31","slug":"medio-ambiente-como-nueva-variable-del-desarrollo-rural-auna-vision-compartida-entre-espana-y-mexico","status":"publish","type":"post","link":"https:\/\/www.deberes.net\/tesis\/sin-categoria\/medio-ambiente-como-nueva-variable-del-desarrollo-rural-auna-vision-compartida-entre-espana-y-mexico\/","title":{"rendered":"Medio ambiente como nueva variable del desarrollo rural: \u00c2\u00bfuna visi\u00f3n compartida entre espa\u00f1a y m\u00e9xico?"},"content":{"rendered":"<h2>Tesis doctoral de <strong>  Rubio Pastor M. \u00e1ngeles <\/strong><\/h2>\n<p>El concepto generalizado de desarrollo sostenible implica el equilibrio entre conservaci\u00f3n medioambiental, eficiencia econ\u00f3mica y equidad social. Sin embargo, esta definici\u00f3n ampliamente aceptada no se ha traducido en unos resultados homog\u00e9neos y de relevancia notable.     el desarrollo sostenible requiere plena integraci\u00f3n transversal de las existencia de protecci\u00f3n del medio ambiente en las acciones de dimensi\u00f3n social y econ\u00f3mica. Y es precisamente aqu\u00ed donde falla la realizaci\u00f3n de este desarrollo, pues en los mecanismos de integraci\u00f3n no se han atendido de igual manera todos los factores influyentes en la relaci\u00f3n circular medioambiente-econom\u00eda-sociedad. s\u00f3lo se han tratado tangencialmente ciertos factores culturales que han supuesto cambios superficiales donde, en verdad, se requieren transformaciones estructurales. La cultura de una sociedad se considera definitoria del tipo de desarrollo existete, juega un papel decisivo que, hasta ahora, escasamente se ha tenido en consideraci\u00f3n.      esta tesis trata de mostrar dicha deficiencia en el planteamiento y, para ello, centra el an\u00e1lisis en el medio rural, por ser un \u00e1mbito m\u00e1s reducido, que permite la posibilidad de estudio, pero que al mismo tiempo contiene los dos conceptos centrales: la necesidad de desarrollo -del que ha estado relegado tradicionalmente- y la necesidad de que este sea sostenible -para seguir manteniendo el obligado equilibrio con el medio natural que es base de sus actividades-. Pero, m\u00e1s concretamente, se trata de un an\u00e1lisis comparado entre dos objetos de estudio, que, aunque tienen en com\u00fan una especial riqueza ambiental y la necesidad de impulsar su desarrollo socioecon\u00f3mico, est\u00e1n separados por ciertas diferencias econ\u00f3micas, sociales y culturales. As\u00ed se ha pensado en dos territorios demarcados por dos figuras de protecci\u00f3n natural, uno en espa\u00f1a, el parque natural de las sierras subb\u00e9ticas, y otro en m\u00e9xico, la reserva comunitaria de santa cruz tepe<\/p>\n<p>&nbsp;<\/p>\n<h3>Datos acad\u00e9micos de la tesis doctoral \u00ab<strong>Medio ambiente como nueva variable del desarrollo rural: \u00c2\u00bfuna visi\u00f3n compartida entre espa\u00f1a y m\u00e9xico?<\/strong>\u00ab<\/h3>\n<ul>\n<li><strong>T\u00edtulo de la tesis:<\/strong>\u00a0 Medio ambiente como nueva variable del desarrollo rural: \u00c2\u00bfuna visi\u00f3n compartida entre espa\u00f1a y m\u00e9xico? <\/li>\n<li><strong>Autor:<\/strong>\u00a0  Rubio Pastor M. \u00e1ngeles <\/li>\n<li><strong>Universidad:<\/strong>\u00a0 Complutense de Madrid<\/li>\n<li><strong>Fecha de lectura de la tesis:<\/strong>\u00a0 24\/02\/2006<\/li>\n<\/ul>\n<p>&nbsp;<\/p>\n<h3>Direcci\u00f3n y tribunal<\/h3>\n<ul>\n<li><strong>Director de la tesis<\/strong>\n<ul>\n<li>Francisco Alburquerque Llorens<\/li>\n<\/ul>\n<\/li>\n<li><strong>Tribunal<\/strong>\n<ul>\n<li>Presidente del tribunal: Jos\u00e9 Antonio D\u00e9niz espin\u00f3s <\/li>\n<li> Osuna llaneza Jos\u00e9 Luis (vocal)<\/li>\n<li>eduardo Ramos leal (vocal)<\/li>\n<li>Juan Marchena fernandez (vocal)<\/li>\n<\/ul>\n<\/li>\n<\/ul>\n<p>&nbsp;<\/p>\n","protected":false},"excerpt":{"rendered":"<p>Tesis doctoral de Rubio Pastor M. \u00e1ngeles El concepto generalizado de desarrollo sostenible implica el equilibrio entre conservaci\u00f3n medioambiental, eficiencia [&hellip;]<\/p>\n","protected":false},"author":1,"featured_media":0,"comment_status":"open","ping_status":"open","sticky":false,"template":"","format":"standard","meta":{"site-sidebar-layout":"default","site-content-layout":"","ast-site-content-layout":"","site-content-style":"default","site-sidebar-style":"default","ast-global-header-display":"","ast-banner-title-visibility":"","ast-main-header-display":"","ast-hfb-above-header-display":"","ast-hfb-below-header-display":"","ast-hfb-mobile-header-display":"","site-post-title":"","ast-breadcrumbs-content":"","ast-featured-img":"","footer-sml-layout":"","theme-transparent-header-meta":"","adv-header-id-meta":"","stick-header-meta":"","header-above-stick-meta":"","header-main-stick-meta":"","header-below-stick-meta":"","astra-migrate-meta-layouts":"default","ast-page-background-enabled":"default","ast-page-background-meta":{"desktop":{"background-color":"var(--ast-global-color-4)","background-image":"","background-repeat":"repeat","background-position":"center center","background-size":"auto","background-attachment":"scroll","background-type":"","background-media":"","overlay-type":"","overlay-color":"","overlay-gradient":""},"tablet":{"background-color":"","background-image":"","background-repeat":"repeat","background-position":"center center","background-size":"auto","background-attachment":"scroll","background-type":"","background-media":"","overlay-type":"","overlay-color":"","overlay-gradient":""},"mobile":{"background-color":"","background-image":"","background-repeat":"repeat","background-position":"center center","background-size":"auto","background-attachment":"scroll","background-type":"","background-media":"","overlay-type":"","overlay-color":"","overlay-gradient":""}},"ast-content-background-meta":{"desktop":{"background-color":"var(--ast-global-color-5)","background-image":"","background-repeat":"repeat","background-position":"center center","background-size":"auto","background-attachment":"scroll","background-type":"","background-media":"","overlay-type":"","overlay-color":"","overlay-gradient":""},"tablet":{"background-color":"var(--ast-global-color-5)","background-image":"","background-repeat":"repeat","background-position":"center center","background-size":"auto","background-attachment":"scroll","background-type":"","background-media":"","overlay-type":"","overlay-color":"","overlay-gradient":""},"mobile":{"background-color":"var(--ast-global-color-5)","background-image":"","background-repeat":"repeat","background-position":"center center","background-size":"auto","background-attachment":"scroll","background-type":"","background-media":"","overlay-type":"","overlay-color":"","overlay-gradient":""}},"footnotes":""},"categories":[1],"tags":[46972,2318,19685,8769,54202,169331],"class_list":["post-78818","post","type-post","status-publish","format-standard","hentry","category-sin-categoria","tag-eduardo-ramos-leal","tag-francisco-alburquerque-llorens","tag-jose-antonio-deniz-espinos","tag-juan-marchena-fernandez","tag-osuna-llaneza-jose-luis","tag-rubio-pastor-m-angeles"],"_links":{"self":[{"href":"https:\/\/www.deberes.net\/tesis\/wp-json\/wp\/v2\/posts\/78818","targetHints":{"allow":["GET"]}}],"collection":[{"href":"https:\/\/www.deberes.net\/tesis\/wp-json\/wp\/v2\/posts"}],"about":[{"href":"https:\/\/www.deberes.net\/tesis\/wp-json\/wp\/v2\/types\/post"}],"author":[{"embeddable":true,"href":"https:\/\/www.deberes.net\/tesis\/wp-json\/wp\/v2\/users\/1"}],"replies":[{"embeddable":true,"href":"https:\/\/www.deberes.net\/tesis\/wp-json\/wp\/v2\/comments?post=78818"}],"version-history":[{"count":0,"href":"https:\/\/www.deberes.net\/tesis\/wp-json\/wp\/v2\/posts\/78818\/revisions"}],"wp:attachment":[{"href":"https:\/\/www.deberes.net\/tesis\/wp-json\/wp\/v2\/media?parent=78818"}],"wp:term":[{"taxonomy":"category","embeddable":true,"href":"https:\/\/www.deberes.net\/tesis\/wp-json\/wp\/v2\/categories?post=78818"},{"taxonomy":"post_tag","embeddable":true,"href":"https:\/\/www.deberes.net\/tesis\/wp-json\/wp\/v2\/tags?post=78818"}],"curies":[{"name":"wp","href":"https:\/\/api.w.org\/{rel}","templated":true}]}}