{"id":78847,"date":"2018-03-09T23:24:35","date_gmt":"2018-03-09T23:24:35","guid":{"rendered":"https:\/\/www.deberes.net\/tesis\/sin-categoria\/tematica-educativa-en-la-revista-razon-y-fe-durante-el-franquismo-1937-1975\/"},"modified":"2018-03-09T23:24:35","modified_gmt":"2018-03-09T23:24:35","slug":"tematica-educativa-en-la-revista-razon-y-fe-durante-el-franquismo-1937-1975","status":"publish","type":"post","link":"https:\/\/www.deberes.net\/tesis\/historia\/tematica-educativa-en-la-revista-razon-y-fe-durante-el-franquismo-1937-1975\/","title":{"rendered":"Tematica educativa en la revista \u00abrazon y fe\u00bb durante el franquismo (1937-1975)"},"content":{"rendered":"<h2>Tesis doctoral de <strong> Jes\u00fas San Jos\u00e9 Del Campo <\/strong><\/h2>\n<p>El objetivo de este trabajo consiste en sacar a la luz el pensamiento educativo que informaba las obras en las que educaban los jesuitas durante el franquismo; para ello se ha elegido la revista raz\u00f3n y fe y se ha hecho un an\u00e1lisis del contenido educativo de esta revista entre 1937 y 1975. Raz\u00f3n y fe, no siendo una revista especializada en educaci\u00f3n ni teniendo una secci\u00f3n espec\u00edfica dedicada a esta materia, ofrece una gran cantidad de informaci\u00f3n sobre el pensamiento educativo de la compa\u00f1\u00eda de jes\u00fas, entidad que la promueve. El trabajo se divide en tres partes: en la primera se trata de contextualizar la \u00e9poca hist\u00f3rica estudiada, el r\u00e9gimen franquista; en la segunda se explica el modo peculiar mediante el que se elabora la revista; en la tercera se hace un estudio del producto obtenido y se identifica de forma especial el producto educativo.  en cuanto al contexto, se estudia la naturaleza y caracter\u00edsticas del r\u00e9gimen franquista y, teniendo en cuenta su larga duraci\u00f3n, se indican una serie de periodos que permiten comprender su evoluci\u00f3n; se aportan a la vez algunos de los acontecimientos m\u00e1s significativos ocurridos entre los a\u00f1os 1936 y 1975. En cuanto al proceso, se relata el modo particular de elaboraci\u00f3n de esta revista: raz\u00f3n y fe pertenece a una entidad religiosa, la compa\u00f1\u00eda de jes\u00fas, por ello esta sometida a una serie de normas internas que la condicionan; durante este periodo, un grupo concreto de jesuitas, con nombre y apellido, reciben la misi\u00f3n conjunta de publicar una revista que, como todas las obras, tiene una dimensi\u00f3n apost\u00f3lica que la configura de una manera determinada. La obra resultante por haberse ido publicando a lo largo de cuarenta a\u00f1os, como revista mensual, se podr\u00eda pensar que ha realizado ya su misi\u00f3n, sin embargo, m\u00e1s all\u00e1 de esta misi\u00f3n mensual, se observa que las distintas redacciones que elaboraron la revista manten\u00edan una pretensi\u00f3n de permanencia m\u00e1s all\u00e1 del mome<\/p>\n<p>&nbsp;<\/p>\n<h3>Datos acad\u00e9micos de la tesis doctoral \u00ab<strong>Tematica educativa en la revista \u00abrazon y fe\u00bb durante el franquismo (1937-1975)<\/strong>\u00ab<\/h3>\n<ul>\n<li><strong>T\u00edtulo de la tesis:<\/strong>\u00a0 Tematica educativa en la revista \u00abrazon y fe\u00bb durante el franquismo (1937-1975) <\/li>\n<li><strong>Autor:<\/strong>\u00a0 Jes\u00fas San Jos\u00e9 Del Campo <\/li>\n<li><strong>Universidad:<\/strong>\u00a0 Pontificia comillas<\/li>\n<li><strong>Fecha de lectura de la tesis:<\/strong>\u00a0 24\/02\/2006<\/li>\n<\/ul>\n<p>&nbsp;<\/p>\n<h3>Direcci\u00f3n y tribunal<\/h3>\n<ul>\n<li><strong>Director de la tesis<\/strong>\n<ul>\n<li>Manuel Revuelta Gonzalez<\/li>\n<\/ul>\n<\/li>\n<li><strong>Tribunal<\/strong>\n<ul>\n<li>Presidente del tribunal: Antonio Vi\u00f1ao frago <\/li>\n<li>domingo Jos\u00e9 Gallego gil (vocal)<\/li>\n<li>adoracion Castro jover (vocal)<\/li>\n<li>pedro Morales vallejo (vocal)<\/li>\n<\/ul>\n<\/li>\n<\/ul>\n<p>&nbsp;<\/p>\n","protected":false},"excerpt":{"rendered":"<p>Tesis doctoral de Jes\u00fas San Jos\u00e9 Del Campo El objetivo de este trabajo consiste en sacar a la luz el [&hellip;]<\/p>\n","protected":false},"author":1,"featured_media":0,"comment_status":"open","ping_status":"open","sticky":false,"template":"","format":"standard","meta":{"site-sidebar-layout":"default","site-content-layout":"","ast-site-content-layout":"","site-content-style":"default","site-sidebar-style":"default","ast-global-header-display":"","ast-banner-title-visibility":"","ast-main-header-display":"","ast-hfb-above-header-display":"","ast-hfb-below-header-display":"","ast-hfb-mobile-header-display":"","site-post-title":"","ast-breadcrumbs-content":"","ast-featured-img":"","footer-sml-layout":"","theme-transparent-header-meta":"","adv-header-id-meta":"","stick-header-meta":"","header-above-stick-meta":"","header-main-stick-meta":"","header-below-stick-meta":"","astra-migrate-meta-layouts":"default","ast-page-background-enabled":"default","ast-page-background-meta":{"desktop":{"background-color":"var(--ast-global-color-4)","background-image":"","background-repeat":"repeat","background-position":"center center","background-size":"auto","background-attachment":"scroll","background-type":"","background-media":"","overlay-type":"","overlay-color":"","overlay-gradient":""},"tablet":{"background-color":"","background-image":"","background-repeat":"repeat","background-position":"center center","background-size":"auto","background-attachment":"scroll","background-type":"","background-media":"","overlay-type":"","overlay-color":"","overlay-gradient":""},"mobile":{"background-color":"","background-image":"","background-repeat":"repeat","background-position":"center center","background-size":"auto","background-attachment":"scroll","background-type":"","background-media":"","overlay-type":"","overlay-color":"","overlay-gradient":""}},"ast-content-background-meta":{"desktop":{"background-color":"var(--ast-global-color-5)","background-image":"","background-repeat":"repeat","background-position":"center center","background-size":"auto","background-attachment":"scroll","background-type":"","background-media":"","overlay-type":"","overlay-color":"","overlay-gradient":""},"tablet":{"background-color":"var(--ast-global-color-5)","background-image":"","background-repeat":"repeat","background-position":"center center","background-size":"auto","background-attachment":"scroll","background-type":"","background-media":"","overlay-type":"","overlay-color":"","overlay-gradient":""},"mobile":{"background-color":"var(--ast-global-color-5)","background-image":"","background-repeat":"repeat","background-position":"center center","background-size":"auto","background-attachment":"scroll","background-type":"","background-media":"","overlay-type":"","overlay-color":"","overlay-gradient":""}},"footnotes":""},"categories":[838,612,104,311,222,1141,9284,839,18397,1341,3193,11958],"tags":[59373,8257,17106,169384,60618,18431],"class_list":["post-78847","post","type-post","status-publish","format-standard","hentry","category-ciencia-politica","category-ciencias-juridicas-y-derecho","category-historia","category-historia-de-la-educacion","category-historias-especializadas","category-pedagogia","category-politica-educativa","category-politicas-sectoriales","category-pontificia-comillas","category-teoria-y-metodos-educativos","category-teoria-y-metodos-generales-del-derecho","category-teorias-educativas","tag-adoracion-castro-jover","tag-antonio-vinao-frago","tag-domingo-jose-gallego-gil","tag-jesus-san-jose-del-campo","tag-manuel-revuelta-gonzalez","tag-pedro-morales-vallejo"],"_links":{"self":[{"href":"https:\/\/www.deberes.net\/tesis\/wp-json\/wp\/v2\/posts\/78847","targetHints":{"allow":["GET"]}}],"collection":[{"href":"https:\/\/www.deberes.net\/tesis\/wp-json\/wp\/v2\/posts"}],"about":[{"href":"https:\/\/www.deberes.net\/tesis\/wp-json\/wp\/v2\/types\/post"}],"author":[{"embeddable":true,"href":"https:\/\/www.deberes.net\/tesis\/wp-json\/wp\/v2\/users\/1"}],"replies":[{"embeddable":true,"href":"https:\/\/www.deberes.net\/tesis\/wp-json\/wp\/v2\/comments?post=78847"}],"version-history":[{"count":0,"href":"https:\/\/www.deberes.net\/tesis\/wp-json\/wp\/v2\/posts\/78847\/revisions"}],"wp:attachment":[{"href":"https:\/\/www.deberes.net\/tesis\/wp-json\/wp\/v2\/media?parent=78847"}],"wp:term":[{"taxonomy":"category","embeddable":true,"href":"https:\/\/www.deberes.net\/tesis\/wp-json\/wp\/v2\/categories?post=78847"},{"taxonomy":"post_tag","embeddable":true,"href":"https:\/\/www.deberes.net\/tesis\/wp-json\/wp\/v2\/tags?post=78847"}],"curies":[{"name":"wp","href":"https:\/\/api.w.org\/{rel}","templated":true}]}}