{"id":78867,"date":"2018-03-09T23:24:35","date_gmt":"2018-03-09T23:24:35","guid":{"rendered":"https:\/\/www.deberes.net\/tesis\/sin-categoria\/la-interaccion-como-impulsor-de-la-ensenanza-virtual-en-la-universidad-espanola\/"},"modified":"2018-03-09T23:24:35","modified_gmt":"2018-03-09T23:24:35","slug":"la-interaccion-como-impulsor-de-la-ensenanza-virtual-en-la-universidad-espanola","status":"publish","type":"post","link":"https:\/\/www.deberes.net\/tesis\/sin-categoria\/la-interaccion-como-impulsor-de-la-ensenanza-virtual-en-la-universidad-espanola\/","title":{"rendered":"La interacci\u00f3n como impulsor de la ense\u00f1anza virtual en la universidad espa\u00f1ola"},"content":{"rendered":"<h2>Tesis doctoral de <strong> Jaime Solano Ram\u00edrez <\/strong><\/h2>\n<p>D. Jaime solano ram\u00edrez expone la situaci\u00f3n de la educaci\u00f3n digital en el entorno universitario actual e intenta demostrar las ventajas de la utilizaci\u00f3n de los recursos inform\u00e1ticos interactivos y de las t\u00e9cnicas de dise\u00f1o de la informaci\u00f3n, para resolver, lo que en su opini\u00f3n son las carencias de estos sistemas de ense\u00f1anza virtual.<\/p>\n<p>&nbsp;<\/p>\n<h3>Datos acad\u00e9micos de la tesis doctoral \u00ab<strong>La interacci\u00f3n como impulsor de la ense\u00f1anza virtual en la universidad espa\u00f1ola<\/strong>\u00ab<\/h3>\n<ul>\n<li><strong>T\u00edtulo de la tesis:<\/strong>\u00a0 La interacci\u00f3n como impulsor de la ense\u00f1anza virtual en la universidad espa\u00f1ola <\/li>\n<li><strong>Autor:<\/strong>\u00a0 Jaime Solano Ram\u00edrez <\/li>\n<li><strong>Universidad:<\/strong>\u00a0 Complutense de Madrid<\/li>\n<li><strong>Fecha de lectura de la tesis:<\/strong>\u00a0 27\/02\/2006<\/li>\n<\/ul>\n<p>&nbsp;<\/p>\n<h3>Direcci\u00f3n y tribunal<\/h3>\n<ul>\n<li><strong>Director de la tesis<\/strong>\n<ul>\n<li>vierna Espada Luis Angel Guti\u00e9rrez<\/li>\n<\/ul>\n<\/li>\n<li><strong>Tribunal<\/strong>\n<ul>\n<li>Presidente del tribunal: eusebio Moreno mangada <\/li>\n<li>Jos\u00e9 Manuel Palacio arranz (vocal)<\/li>\n<li>Rafael L\u00f3pez lita (vocal)<\/li>\n<li>enrique Fern\u00e1ndez redondo (vocal)<\/li>\n<\/ul>\n<\/li>\n<\/ul>\n<p>&nbsp;<\/p>\n","protected":false},"excerpt":{"rendered":"<p>Tesis doctoral de Jaime Solano Ram\u00edrez D. Jaime solano ram\u00edrez expone la situaci\u00f3n de la educaci\u00f3n digital en el entorno [&hellip;]<\/p>\n","protected":false},"author":1,"featured_media":0,"comment_status":"open","ping_status":"open","sticky":false,"template":"","format":"standard","meta":{"site-sidebar-layout":"default","site-content-layout":"","ast-site-content-layout":"","site-content-style":"default","site-sidebar-style":"default","ast-global-header-display":"","ast-banner-title-visibility":"","ast-main-header-display":"","ast-hfb-above-header-display":"","ast-hfb-below-header-display":"","ast-hfb-mobile-header-display":"","site-post-title":"","ast-breadcrumbs-content":"","ast-featured-img":"","footer-sml-layout":"","theme-transparent-header-meta":"","adv-header-id-meta":"","stick-header-meta":"","header-above-stick-meta":"","header-main-stick-meta":"","header-below-stick-meta":"","astra-migrate-meta-layouts":"default","ast-page-background-enabled":"default","ast-page-background-meta":{"desktop":{"background-color":"var(--ast-global-color-4)","background-image":"","background-repeat":"repeat","background-position":"center center","background-size":"auto","background-attachment":"scroll","background-type":"","background-media":"","overlay-type":"","overlay-color":"","overlay-gradient":""},"tablet":{"background-color":"","background-image":"","background-repeat":"repeat","background-position":"center center","background-size":"auto","background-attachment":"scroll","background-type":"","background-media":"","overlay-type":"","overlay-color":"","overlay-gradient":""},"mobile":{"background-color":"","background-image":"","background-repeat":"repeat","background-position":"center center","background-size":"auto","background-attachment":"scroll","background-type":"","background-media":"","overlay-type":"","overlay-color":"","overlay-gradient":""}},"ast-content-background-meta":{"desktop":{"background-color":"var(--ast-global-color-5)","background-image":"","background-repeat":"repeat","background-position":"center center","background-size":"auto","background-attachment":"scroll","background-type":"","background-media":"","overlay-type":"","overlay-color":"","overlay-gradient":""},"tablet":{"background-color":"var(--ast-global-color-5)","background-image":"","background-repeat":"repeat","background-position":"center center","background-size":"auto","background-attachment":"scroll","background-type":"","background-media":"","overlay-type":"","overlay-color":"","overlay-gradient":""},"mobile":{"background-color":"var(--ast-global-color-5)","background-image":"","background-repeat":"repeat","background-position":"center center","background-size":"auto","background-attachment":"scroll","background-type":"","background-media":"","overlay-type":"","overlay-color":"","overlay-gradient":""}},"footnotes":""},"categories":[1],"tags":[169427,78246,169425,5322,24150,169426],"class_list":["post-78867","post","type-post","status-publish","format-standard","hentry","category-sin-categoria","tag-enrique-fernandez-redondo","tag-eusebio-moreno-mangada","tag-jaime-solano-ramirez","tag-jose-manuel-palacio-arranz","tag-rafael-lopez-lita","tag-vierna-espada-luis-angel-gutierrez"],"_links":{"self":[{"href":"https:\/\/www.deberes.net\/tesis\/wp-json\/wp\/v2\/posts\/78867","targetHints":{"allow":["GET"]}}],"collection":[{"href":"https:\/\/www.deberes.net\/tesis\/wp-json\/wp\/v2\/posts"}],"about":[{"href":"https:\/\/www.deberes.net\/tesis\/wp-json\/wp\/v2\/types\/post"}],"author":[{"embeddable":true,"href":"https:\/\/www.deberes.net\/tesis\/wp-json\/wp\/v2\/users\/1"}],"replies":[{"embeddable":true,"href":"https:\/\/www.deberes.net\/tesis\/wp-json\/wp\/v2\/comments?post=78867"}],"version-history":[{"count":0,"href":"https:\/\/www.deberes.net\/tesis\/wp-json\/wp\/v2\/posts\/78867\/revisions"}],"wp:attachment":[{"href":"https:\/\/www.deberes.net\/tesis\/wp-json\/wp\/v2\/media?parent=78867"}],"wp:term":[{"taxonomy":"category","embeddable":true,"href":"https:\/\/www.deberes.net\/tesis\/wp-json\/wp\/v2\/categories?post=78867"},{"taxonomy":"post_tag","embeddable":true,"href":"https:\/\/www.deberes.net\/tesis\/wp-json\/wp\/v2\/tags?post=78867"}],"curies":[{"name":"wp","href":"https:\/\/api.w.org\/{rel}","templated":true}]}}